{"id":82308,"date":"2025-06-23T06:31:24","date_gmt":"2025-06-23T04:31:24","guid":{"rendered":"https:\/\/uk.ambagn.staging.e-kaidi.net\/?p=82308"},"modified":"2025-06-23T06:31:24","modified_gmt":"2025-06-23T04:31:24","slug":"aboubacar-soumah-porte-a-la-tete-de-lafp-je-nhesiterai-pas-a-rencontrer-alpha-sidya-et-cellou","status":"publish","type":"post","link":"https:\/\/uk.ambagn.staging.e-kaidi.net\/?p=82308","title":{"rendered":"Aboubacar Soumah port\u00e9 \u00e0 la t\u00eate de l\u2019AFP : \u00ab Je n\u2019h\u00e9siterai pas \u00e0 rencontrer Alpha, Sidya et Cellou \u00bb"},"content":{"rendered":"<div>\n<div style=\"margin-bottom:20px;\"><img width=\"1008\" height=\"567\"src=\"https:\/\/i0.wp.com\/www.guinee7.com\/wp-content\/uploads\/2025\/06\/IMG-20250622-WA0004.jpg?w=1008&amp;ssl=1\" class=\"attachment-post-thumbnail size-post-thumbnail wp-post-image\" alt=\"\" decoding=\"async\" loading=\"lazy\" srcset=\"https:\/\/i0.wp.com\/www.guinee7.com\/wp-content\/uploads\/2025\/06\/IMG-20250622-WA0004.jpg?w=1008&amp;ssl=1 1008w, https:\/\/i0.wp.com\/www.guinee7.com\/wp-content\/uploads\/2025\/06\/IMG-20250622-WA0004.jpg?resize=300%2C169&amp;ssl=1 300w, https:\/\/i0.wp.com\/www.guinee7.com\/wp-content\/uploads\/2025\/06\/IMG-20250622-WA0004.jpg?resize=768%2C432&amp;ssl=1 768w\" sizes=\"auto, (max-width: 1008px) 100vw, 1008px\"><\/div>\n<p><span style=\"font-size: 20px;\">Aboubacar Soumah, pr\u00e9sident du parti Guin\u00e9e pour la d\u00e9mocratie et l\u2019\u00e9quilibre (GDE), a \u00e9t\u00e9 port\u00e9 \u00e0 la t\u00eate de l\u2019Alliance des forces patriotiques de Guin\u00e9e (AFP). Il a \u00e9t\u00e9 officiellement install\u00e9 dans ses fonctions ce samedi 21 juin 2025, lors d\u2019une c\u00e9r\u00e9monie organis\u00e9e \u00e0 Matoto, dans la capitale Conakry.<\/span><br \/><span style=\"font-size: 20px;\">L\u2019annonce de sa d\u00e9signation a \u00e9t\u00e9 faite par le pr\u00e9sident de l\u2019association L\u2019Arbre \u00e0 Palabre, structure qui a \u0153uvr\u00e9 pour la mise en place de cette alliance politique.<\/span><\/p>\n<p><span style=\"font-size: 20px;\">Aboubacar Soumah a exprim\u00e9 sa reconnaissance et lanc\u00e9 un appel \u00e0 l\u2019unit\u00e9 et \u00e0 la solidarit\u00e9 au sein de la coalition. \u00ab Sachez qu\u2019Aboubacar Soumah en tant qu\u2019individu ne peut absolument rien. C\u2019est avec vous et en \u00e9quipe qu\u2019on pourrait m\u00e9riter cette confiance qui a \u00e9t\u00e9 plac\u00e9e en nous. Je vous prie, pour l\u2019amour de ce pays, qu\u2019on se donne les mains. Je ne souhaite pas servir un clan ni un groupe. C\u2019est l\u2019\u00e9quipe qui gagne. Le bureau entier, nous serons \u00e0 l\u2019\u00e9coute de toute la Guin\u00e9e, nous serons \u00e0 l\u2019\u00e9coute de tous les acteurs qui sont l\u00e0 \u00bb, a-t-il d\u00e9clar\u00e9 devant les membres et sympathisants.<\/span><\/p>\n<p><span style=\"font-size: 20px;\">Par rapport aux d\u00e9fis qui l\u2019attendent, le nouveau coordinateur national de l\u2019AFP a appel\u00e9 \u00e0 privil\u00e9gier le dialogue, la d\u00e9mocratie et le rassemblement des Guin\u00e9ens : \u00ab Le d\u00e9fi, c\u2019est celui de mettre les Guin\u00e9ens ensemble. Celui de faire en sorte que notre pays soit un v\u00e9ritable pays de droit, de d\u00e9mocratie. Avec la d\u00e9termination d\u2019un acteur politique, on peut faire passer ses id\u00e9es sans passer par la violence. Dans les prochains jours, nous essayerons d\u2019installer cette structure sur toute l\u2019\u00e9tendue du territoire et partout o\u00f9 nos compatriotes se trouveraient, d\u2019aller tenir des discours de rassemblement. \u00bb<\/span><\/p>\n<p><span style=\"font-size: 20px;\">Dans cette dynamique, il a promis de tendre la main \u00e0 tous ceux dont l\u2019implication pourrait favoriser la coh\u00e9sion nationale :<\/span><br \/><span style=\"font-size: 20px;\">\u00ab Je voudrais vous promettre, promettre \u00e0 la Guin\u00e9e et \u00e0 Dieu, celui qui a port\u00e9 sa confiance en moi gr\u00e2ce \u00e0 Dieu, s\u2019il me donne mandat d\u2019aller dialoguer avec mes grands fr\u00e8res, le pr\u00e9sident Alpha, le pr\u00e9sident Sidya, le pr\u00e9sident Cellou Dalein, je n\u2019h\u00e9siterai pas \u00e0 aller les rencontrer pour parler de la Guin\u00e9e. \u00bb<\/span><\/p>\n<p><span style=\"font-size: 20px;\">Enfin, Aboubacar Soumah a rappel\u00e9 l\u2019objectif fondamental de l\u2019AFP : \u00ab C\u2019est une alliance qui est cr\u00e9\u00e9e pour pr\u00e9senter le g\u00e9n\u00e9ral Mamadi Doumbouya comme candidat aux \u00e9lections pr\u00e9sidentielles et se battre pour qu\u2019il soit \u00e9lu de la mani\u00e8re la plus d\u00e9mocratique possible, et chercher \u00e0 se battre pour qu\u2019il ait une majorit\u00e9 confortable au niveau du parlement, du s\u00e9nat et des \u00e9lus locaux. \u00bb<\/span><\/p>\n<p><strong><span style=\"font-size: 20px;\">Abdoul Lory Sylla pour guinee7.com<\/span><\/strong><!--\/data\/user\/0\/com.samsung.android.app.notes\/files\/clipdata\/clipdata_bodytext_250622_132958_485.sdocx--><\/p>\n<\/div>\n","protected":false},"excerpt":{"rendered":"<p>Aboubacar Soumah, pr\u00e9sident du parti Guin\u00e9e pour la d\u00e9mocratie et l\u2019\u00e9quilibre (GDE), a \u00e9t\u00e9 port\u00e9 \u00e0 la t\u00eate de l\u2019Alliance des forces patriotiques de Guin\u00e9e (AFP). Il a \u00e9t\u00e9 officiellement install\u00e9 dans ses fonctions ce samedi 21 juin 2025, lors d\u2019une c\u00e9r\u00e9monie organis\u00e9e \u00e0 Matoto, dans la capitale Conakry.L\u2019annonce de sa d\u00e9signation a \u00e9t\u00e9 faite &hellip;<\/p>\n","protected":false},"author":1,"featured_media":0,"comment_status":"closed","ping_status":"closed","sticky":false,"template":"","format":"standard","meta":[],"categories":[2],"tags":[22],"_links":{"self":[{"href":"https:\/\/uk.ambagn.staging.e-kaidi.net\/index.php?rest_route=\/wp\/v2\/posts\/82308"}],"collection":[{"href":"https:\/\/uk.ambagn.staging.e-kaidi.net\/index.php?rest_route=\/wp\/v2\/posts"}],"about":[{"href":"https:\/\/uk.ambagn.staging.e-kaidi.net\/index.php?rest_route=\/wp\/v2\/types\/post"}],"author":[{"embeddable":true,"href":"https:\/\/uk.ambagn.staging.e-kaidi.net\/index.php?rest_route=\/wp\/v2\/users\/1"}],"replies":[{"embeddable":true,"href":"https:\/\/uk.ambagn.staging.e-kaidi.net\/index.php?rest_route=%2Fwp%2Fv2%2Fcomments&post=82308"}],"version-history":[{"count":0,"href":"https:\/\/uk.ambagn.staging.e-kaidi.net\/index.php?rest_route=\/wp\/v2\/posts\/82308\/revisions"}],"wp:attachment":[{"href":"https:\/\/uk.ambagn.staging.e-kaidi.net\/index.php?rest_route=%2Fwp%2Fv2%2Fmedia&parent=82308"}],"wp:term":[{"taxonomy":"category","embeddable":true,"href":"https:\/\/uk.ambagn.staging.e-kaidi.net\/index.php?rest_route=%2Fwp%2Fv2%2Fcategories&post=82308"},{"taxonomy":"post_tag","embeddable":true,"href":"https:\/\/uk.ambagn.staging.e-kaidi.net\/index.php?rest_route=%2Fwp%2Fv2%2Ftags&post=82308"}],"curies":[{"name":"wp","href":"https:\/\/api.w.org\/{rel}","templated":true}]}}