{"id":82278,"date":"2025-06-22T03:10:10","date_gmt":"2025-06-22T01:10:10","guid":{"rendered":"https:\/\/uk.ambagn.staging.e-kaidi.net\/?p=82278"},"modified":"2025-06-22T03:10:10","modified_gmt":"2025-06-22T01:10:10","slug":"cellou-dalein-sur-lenlevement-de-me-traore-il-na-cesse-de-denoncer-les-velleites-de-confiscation-du-pouvoir","status":"publish","type":"post","link":"https:\/\/uk.ambagn.staging.e-kaidi.net\/?p=82278","title":{"rendered":"Cellou Dalein sur l\u2019enl\u00e8vement de Me Traor\u00e9 : \u00ab\u00a0Il n\u2019a cess\u00e9 de d\u00e9noncer les vell\u00e9it\u00e9s de confiscation du pouvoir\u00a0\u00bb"},"content":{"rendered":"<div>\n<div style=\"margin-bottom:20px;\"><img width=\"716\" height=\"475\"src=\"https:\/\/i0.wp.com\/www.guinee7.com\/wp-content\/uploads\/2021\/10\/cellou-dalein-diallo-2.jpg?w=716&amp;ssl=1\" class=\"attachment-post-thumbnail size-post-thumbnail wp-post-image\" alt=\"\" decoding=\"async\" loading=\"lazy\" srcset=\"https:\/\/i0.wp.com\/www.guinee7.com\/wp-content\/uploads\/2021\/10\/cellou-dalein-diallo-2.jpg?w=716&amp;ssl=1 716w, https:\/\/i0.wp.com\/www.guinee7.com\/wp-content\/uploads\/2021\/10\/cellou-dalein-diallo-2.jpg?resize=300%2C199&amp;ssl=1 300w, https:\/\/i0.wp.com\/www.guinee7.com\/wp-content\/uploads\/2021\/10\/cellou-dalein-diallo-2.jpg?resize=696%2C462&amp;ssl=1 696w, https:\/\/i0.wp.com\/www.guinee7.com\/wp-content\/uploads\/2021\/10\/cellou-dalein-diallo-2.jpg?resize=633%2C420&amp;ssl=1 633w\" sizes=\"auto, (max-width: 716px) 100vw, 716px\"><\/div>\n<p><span style=\"font-size: 20px;\">Les r\u00e9actions se multiplient suite \u00e0 l\u2019enl\u00e8vement \u00e0 son domicile de Me Mohamed Traor\u00e9, ancien b\u00e2tonnier de l\u2019ordre national des avocats, retouv\u00e9 quelques heures plus tard dans la pr\u00e9fecture de Coyah. Cellou Dalein Diallo, pr\u00e9sident de l\u2019UFDG en exil a rappel\u00e9 a travers un poste Facebook le combat que m\u00e8ne l\u2019ancien conseiller du CNT. <\/span><\/p>\n<p><span style=\"font-size: 20px;\">\u201c\u00c0 peine rentr\u00e9 de la Mecque, o\u00f9 il a effectu\u00e9 son p\u00e8lerinage, cet avocat connu et respect\u00e9 pour son courage et son int\u00e9grit\u00e9 et qui s\u2019est illustr\u00e9 dans la d\u00e9nonciation des d\u00e9rives autoritaires des dirigeants et dans la d\u00e9fense des principes et des r\u00e8gles de l\u2019\u00c9tat de droit a \u00e9t\u00e9 \u00e0 son tour kidnapp\u00e9 et conduit vers une destination inconnue\u201d, a \u00e9crit Cellou Dalein sur sa page Facebook. <\/span><\/p>\n<p><span style=\"font-size: 20px;\">Il poursuit : \u201cMa\u00eetre Mohamed Traor\u00e9 s\u2019est toujours exprim\u00e9 en faveur du respect de nos lois, du serment de nos dirigeants et des engagements internationaux de la R\u00e9publique de Guin\u00e9e. Il n\u2019a cess\u00e9 de d\u00e9noncer les vell\u00e9it\u00e9s de confiscation du pouvoir, les violations des droits humains et des libert\u00e9s fondamentales. Il a publiquement condamn\u00e9 les disparitions forc\u00e9es, l\u2019assassinat impuni de jeunes manifestants, les d\u00e9tentions arbitraires et les entraves \u00e0 la libert\u00e9 de la presse. Il a eu le courage de d\u00e9missionner du CNT, en renon\u00e7ant \u00e0 des avantages mat\u00e9riels non n\u00e9gligeables, pour rester en accord avec sa conscience\u201d. <\/span><\/p>\n<p><span style=\"font-size: 20px;\">Pour l\u2019ancien premier ministre, \u201cc\u2019est sans doute son dernier article dans lequel il estime inopportun d\u2019organiser une mascarade \u00e9lectorale juste pour permettre au chef de junte de rester au pouvoir qui a \u00e9t\u00e9 la goutte d\u2019eau qui a fait d\u00e9border le vase. Or nul n\u2019ignore qu\u2019en confiant l\u2019organisation des scrutins au MATD et \u00e0 ses pr\u00e9fets tous militaires qui ont d\u00e9j\u00e0 choisi leur candidat, on ne peut esp\u00e9rer que des r\u00e9sultats favorables \u00e0 leur chef. Par solidarit\u00e9 de corps, reconnaissance ou discipline\u201d.<\/span><\/p>\n<p><span style=\"font-size: 20px;\">Cellou Dalein Diallo s\u2019interroge : \u201cjusqu\u2019\u00e0 quand allons-nous rester silencieux pendant que cette junte \u00e9crase les libert\u00e9s, viole les lois et continue de faire taire, par tous les moyens \u2014 y compris par l\u2019\u00e9limination physique et la disparition forc\u00e9e \u2014 toute voix dissonante ?\u201d<\/span><\/p>\n<p><strong><span style=\"font-size: 20px;\">Bhoye Barry pour guinee7.com<\/span><\/strong><!--\/data\/user\/0\/com.samsung.android.app.notes\/files\/clipdata\/clipdata_bodytext_250621_193524_169.sdocx--><\/p>\n<\/div>\n","protected":false},"excerpt":{"rendered":"<p>Les r\u00e9actions se multiplient suite \u00e0 l\u2019enl\u00e8vement \u00e0 son domicile de Me Mohamed Traor\u00e9, ancien b\u00e2tonnier de l\u2019ordre national des avocats, retouv\u00e9 quelques heures plus tard dans la pr\u00e9fecture de Coyah. Cellou Dalein Diallo, pr\u00e9sident de l\u2019UFDG en exil a rappel\u00e9 a travers un poste Facebook le combat que m\u00e8ne l\u2019ancien conseiller du CNT. \u201c\u00c0 &hellip;<\/p>\n","protected":false},"author":1,"featured_media":0,"comment_status":"closed","ping_status":"closed","sticky":false,"template":"","format":"standard","meta":[],"categories":[2],"tags":[22],"_links":{"self":[{"href":"https:\/\/uk.ambagn.staging.e-kaidi.net\/index.php?rest_route=\/wp\/v2\/posts\/82278"}],"collection":[{"href":"https:\/\/uk.ambagn.staging.e-kaidi.net\/index.php?rest_route=\/wp\/v2\/posts"}],"about":[{"href":"https:\/\/uk.ambagn.staging.e-kaidi.net\/index.php?rest_route=\/wp\/v2\/types\/post"}],"author":[{"embeddable":true,"href":"https:\/\/uk.ambagn.staging.e-kaidi.net\/index.php?rest_route=\/wp\/v2\/users\/1"}],"replies":[{"embeddable":true,"href":"https:\/\/uk.ambagn.staging.e-kaidi.net\/index.php?rest_route=%2Fwp%2Fv2%2Fcomments&post=82278"}],"version-history":[{"count":0,"href":"https:\/\/uk.ambagn.staging.e-kaidi.net\/index.php?rest_route=\/wp\/v2\/posts\/82278\/revisions"}],"wp:attachment":[{"href":"https:\/\/uk.ambagn.staging.e-kaidi.net\/index.php?rest_route=%2Fwp%2Fv2%2Fmedia&parent=82278"}],"wp:term":[{"taxonomy":"category","embeddable":true,"href":"https:\/\/uk.ambagn.staging.e-kaidi.net\/index.php?rest_route=%2Fwp%2Fv2%2Fcategories&post=82278"},{"taxonomy":"post_tag","embeddable":true,"href":"https:\/\/uk.ambagn.staging.e-kaidi.net\/index.php?rest_route=%2Fwp%2Fv2%2Ftags&post=82278"}],"curies":[{"name":"wp","href":"https:\/\/api.w.org\/{rel}","templated":true}]}}