{"id":82180,"date":"2025-06-18T23:25:22","date_gmt":"2025-06-18T21:25:22","guid":{"rendered":"https:\/\/uk.ambagn.staging.e-kaidi.net\/?p=82180"},"modified":"2025-06-18T23:25:22","modified_gmt":"2025-06-18T21:25:22","slug":"conakry-capitale-africaine-du-financement-local-la-guinee-accueille-le-colloque-international-sur-le-financement-du-developpement-local-par-les-ressources-minieres","status":"publish","type":"post","link":"https:\/\/uk.ambagn.staging.e-kaidi.net\/?p=82180","title":{"rendered":"Conakry, capitale africaine du financement local : la Guin\u00e9e accueille le colloque international sur le financement du d\u00e9veloppement local par les ressources mini\u00e8res"},"content":{"rendered":"<div>\n<div style=\"margin-bottom:20px;\"><img width=\"2560\" height=\"2560\"src=\"https:\/\/i0.wp.com\/www.guinee7.com\/wp-content\/uploads\/2025\/06\/WhatsApp-Image-2025-06-17-a-11.38.27_bf39b1b9-scaled.jpg?w=2560&amp;ssl=1\" class=\"attachment-post-thumbnail size-post-thumbnail wp-post-image\" alt=\"\" decoding=\"async\" loading=\"lazy\" srcset=\"https:\/\/i0.wp.com\/www.guinee7.com\/wp-content\/uploads\/2025\/06\/WhatsApp-Image-2025-06-17-a-11.38.27_bf39b1b9-scaled.jpg?w=2560&amp;ssl=1 2560w, https:\/\/i0.wp.com\/www.guinee7.com\/wp-content\/uploads\/2025\/06\/WhatsApp-Image-2025-06-17-a-11.38.27_bf39b1b9-scaled.jpg?resize=300%2C300&amp;ssl=1 300w, https:\/\/i0.wp.com\/www.guinee7.com\/wp-content\/uploads\/2025\/06\/WhatsApp-Image-2025-06-17-a-11.38.27_bf39b1b9-scaled.jpg?resize=1024%2C1024&amp;ssl=1 1024w, https:\/\/i0.wp.com\/www.guinee7.com\/wp-content\/uploads\/2025\/06\/WhatsApp-Image-2025-06-17-a-11.38.27_bf39b1b9-scaled.jpg?resize=150%2C150&amp;ssl=1 150w, https:\/\/i0.wp.com\/www.guinee7.com\/wp-content\/uploads\/2025\/06\/WhatsApp-Image-2025-06-17-a-11.38.27_bf39b1b9-scaled.jpg?resize=768%2C768&amp;ssl=1 768w, https:\/\/i0.wp.com\/www.guinee7.com\/wp-content\/uploads\/2025\/06\/WhatsApp-Image-2025-06-17-a-11.38.27_bf39b1b9-scaled.jpg?resize=1536%2C1536&amp;ssl=1 1536w, https:\/\/i0.wp.com\/www.guinee7.com\/wp-content\/uploads\/2025\/06\/WhatsApp-Image-2025-06-17-a-11.38.27_bf39b1b9-scaled.jpg?resize=2048%2C2048&amp;ssl=1 2048w, https:\/\/i0.wp.com\/www.guinee7.com\/wp-content\/uploads\/2025\/06\/WhatsApp-Image-2025-06-17-a-11.38.27_bf39b1b9-scaled.jpg?w=2340&amp;ssl=1 2340w\" sizes=\"auto, (max-width: 2560px) 100vw, 2560px\"><\/div>\n<p><span style=\"font-size: 20px;\">Conakry se place au cur des enjeux africains du d\u00e9veloppement local. Du 24 au 25 juin 2025, la capitale quin\u00e9enne accueille le Colloque international du RIAFCO, r\u00e9unissant experts, bailleurs de fonds, institutions financi\u00e8res et collectivit\u00e9s territoriales. Au menu financement des collectivit\u00e9s locales, valorisation des ressources mini\u00e8res, inclusion sociale et \u00e9conomie verte. Un rendez-vous strat\u00e9gique pour une Afrique qui veut penser et financer son d\u00e9veloppement depuis ses territoires.<\/span><\/p>\n<p><span style=\"font-size: 20px;\">Du 24 au 25 juin 2025, Conakry accueillera un \u00e9v\u00e9nement d\u2019envergure continentale: le Colloque international sur le financement du d\u00e9veloppement local par les ressources mini\u00e8res, coupl\u00e9 \u00e0 l\u2019Assembl\u00e9e g\u00e9n\u00e9rale du R\u00e9seau des Institutions Africaines de Financement des Collectivit\u00e9s Locales (RIAFCO). Une reconnaissance du r\u00f4le croissant que joue la Guin\u00e9e dans la construction de mod\u00e8les africains de. financement territorial, \u00e0 l\u2019heure o\u00f9 les d\u00e9fis de la d\u00e9centralisation exigent des r\u00e9ponses concr\u00e8tes et innovantes.<\/span><\/p>\n<p><strong><span style=\"font-size: 20px;\">Pari sur la d\u00e9centralisation<\/span><\/strong><\/p>\n<p><span style=\"font-size: 20px;\">Au clur de l\u2019\u00e9v\u00e9nement, un mot d\u2019ordre faire de la d\u00e9centralisation un levier de d\u00e9veloppement inclusif, soutenu et durable. Dans une Afrique o\u00f9 les collectivit\u00e9s locales sont souvent les premi\u00e8res \u00e0 affronter les cons\u00e9quences du changement climatique, de la pression d\u00e9mographique et des in\u00e9galit\u00e9s sociales, l\u2019acc\u00e8s \u00e0 des financements adapt\u00e9s et p\u00e9rennes devient une question de survie autant qu\u2019un enjeu strat\u00e9gique.<\/span><\/p>\n<p><span style=\"font-size: 20px;\">C\u2019est dans ce contexte que la Guin\u00e9e, \u00e0 travers l\u2019Agence Nationale de Financement des Collectivit\u00e9s Locales (ANAFIC), membre du RIAFCO depuis 2019, se positionne en h\u00f4te de cette grand-messe panafricaine du financement local. Une mani\u00e8re de montrer que le pays ne veut plus seulement consommer des solutions import\u00e9es, mais en proposer.<\/span><\/p>\n<p><strong><span style=\"font-size: 20px;\">Mines, \u00e9conomie verte et inclusion sociale au programme<\/span><\/strong><\/p>\n<p><span style=\"font-size: 20px;\">Le colloque, qui r\u00e9unira pr\u00e8s de 200 participants dont une quarantaine de repr\u00e9sentants venus de quatorze pays africains, se veut \u00e0 la fois un espace de diagnostic et un creuset d\u2019initiatives concr\u00e8tes. Plusieurs th\u00e9matiques structurantes seront abord\u00e9es la valorisation des revenus issus des ressources mini\u00e8res, les outils d\u2019int\u00e9gration de l\u2019\u00e9conomie verte dans les strat\u00e9gies locales, ou encore les m\u00e9canismes d\u2019inclusion sociale dans les politiques territoriales.<\/span><\/p>\n<p><span style=\"font-size: 20px;\">Des sessions interactives r\u00e9uniront collectivit\u00e9s locales, bailleurs de fonds, institutions financi\u00e8res et minist\u00e8res de tutelle. Objectif identifier les freins au financement local, partager des bonnes pratiques et b\u00e2tir un plaidoyer commun \u00e0 l\u2019\u00e9chelle r\u00e9gionale.<\/span><\/p>\n<p><span style=\"font-size: 20px;\">Le choix de Conakry comme lieu d\u2019accueil n\u2019est pas anodin. Car la Guin\u00e9e, riche de ses ressources mini\u00e8res, entend aussi d\u00e9montrer depuis le magist\u00e8re du G\u00e9n\u00e9ral Mamadi Doumbouya port\u00e9 sur la revalorisation des ressources mini\u00e8res \u2013 comment celles-ci peuvent \u00eatre transform\u00e9es en richesses tangibles pour les territoires. Des visites de terrain sont pr\u00e9vues pour permettre aux d\u00e9l\u00e9gations \u00e9trang\u00e8res de s\u2019impr\u00e9gner du mod\u00e8le guin\u00e9en mis en Kuvre par l\u2019ANAFIC.<\/span><\/p>\n<p><strong><span style=\"font-size: 20px;\">Une Assembl\u00e9e g\u00e9n\u00e9rale d\u00e9cisive pour le RIAFCO<\/span><\/strong><\/p>\n<p><span style=\"font-size: 20px;\">Moment phare de la semaine l\u2019Assembl\u00e9e G\u00e9n\u00e9rale Ordinaire Elective du RIAFCO, pr\u00e9vue le 26 juin. Elle devra \u00e9lire un nouveau bureau, adopter les rapports de gestion et valider la feuille de route strat\u00e9gique du r\u00e9seau pour les ann\u00e9es \u00e0 venir. Le d\u00e9bat sur la diversification des ressources du RIAFCO, au-del\u00e0 des cotisations de ses membres, devrait aussi figurer parmi les points sensibles.<\/span><\/p>\n<p><span style=\"font-size: 20px;\">Cr\u00e9\u00e9 en 2014, le RIAFCO regroupe aujourd\u2019hui quinze Institutions de Financement des Collectivit\u00e9s Locales (IFCL). Son ambition devenir un interlocuteur cl\u00e9 dans l\u2019architecture du financement du d\u00e9veloppement en Afrique, en consolidant les capacit\u00e9s de ses membres et en facilitant leur acc\u00e8s aux march\u00e9s financiers.<\/span><\/p>\n<p><strong><span style=\"font-size: 20px;\">Conakry, laboratoire de la d\u00e9centralisation africaine?<\/span><\/strong><\/p>\n<p><span style=\"font-size: 20px;\">Ce colloque international est une \u00e9tape importante pour la Guin\u00e9e. Dans un contexte de r\u00e9formes structurelles entreprise depuis le 5 septembre 2021 sous la houlette du G\u00e9n\u00e9ral Mamadi Doumbouya, Pr\u00e9sident de la R\u00e9publique, le pays entend faire entendre sa voix sur les grands chantiers du d\u00e9veloppement local et positionner ses institutions comme mod\u00e8les exportables. Il s\u2019agit aussi pour Conakry de b\u00e2tir des alliances strat\u00e9giques avec les autres IFCL, d\u2019attirer des financements innovants et de consolider les acquis de la d\u00e9centralisation.<\/span><\/p>\n<p><span style=\"font-size: 20px;\">En accueillant cette rencontre, la Guin\u00e9e affirme non seulement sa volont\u00e9 de jouer un r\u00f4le plus actif dans les dynamiques r\u00e9gionales, mais aussi de construire une Afrique o\u00f9 les territoires ne sont plus des p\u00e9riph\u00e9ries n\u00e9glig\u00e9es, mais les moteurs du changement.<\/span><\/p>\n<p><strong><span style=\"font-size: 20px;\">Service de communication ANFIC<\/span><\/strong><!--\/data\/user\/0\/com.samsung.android.app.notes\/files\/clipdata\/clipdata_bodytext_250618_090033_130.sdocx--><\/p>\n<\/div>\n","protected":false},"excerpt":{"rendered":"<p>Conakry se place au cur des enjeux africains du d\u00e9veloppement local. Du 24 au 25 juin 2025, la capitale quin\u00e9enne accueille le Colloque international du RIAFCO, r\u00e9unissant experts, bailleurs de fonds, institutions financi\u00e8res et collectivit\u00e9s territoriales. Au menu financement des collectivit\u00e9s locales, valorisation des ressources mini\u00e8res, inclusion sociale et \u00e9conomie verte. Un rendez-vous strat\u00e9gique pour &hellip;<\/p>\n","protected":false},"author":1,"featured_media":0,"comment_status":"closed","ping_status":"closed","sticky":false,"template":"","format":"standard","meta":[],"categories":[2],"tags":[22],"_links":{"self":[{"href":"https:\/\/uk.ambagn.staging.e-kaidi.net\/index.php?rest_route=\/wp\/v2\/posts\/82180"}],"collection":[{"href":"https:\/\/uk.ambagn.staging.e-kaidi.net\/index.php?rest_route=\/wp\/v2\/posts"}],"about":[{"href":"https:\/\/uk.ambagn.staging.e-kaidi.net\/index.php?rest_route=\/wp\/v2\/types\/post"}],"author":[{"embeddable":true,"href":"https:\/\/uk.ambagn.staging.e-kaidi.net\/index.php?rest_route=\/wp\/v2\/users\/1"}],"replies":[{"embeddable":true,"href":"https:\/\/uk.ambagn.staging.e-kaidi.net\/index.php?rest_route=%2Fwp%2Fv2%2Fcomments&post=82180"}],"version-history":[{"count":0,"href":"https:\/\/uk.ambagn.staging.e-kaidi.net\/index.php?rest_route=\/wp\/v2\/posts\/82180\/revisions"}],"wp:attachment":[{"href":"https:\/\/uk.ambagn.staging.e-kaidi.net\/index.php?rest_route=%2Fwp%2Fv2%2Fmedia&parent=82180"}],"wp:term":[{"taxonomy":"category","embeddable":true,"href":"https:\/\/uk.ambagn.staging.e-kaidi.net\/index.php?rest_route=%2Fwp%2Fv2%2Fcategories&post=82180"},{"taxonomy":"post_tag","embeddable":true,"href":"https:\/\/uk.ambagn.staging.e-kaidi.net\/index.php?rest_route=%2Fwp%2Fv2%2Ftags&post=82180"}],"curies":[{"name":"wp","href":"https:\/\/api.w.org\/{rel}","templated":true}]}}