{"id":82140,"date":"2025-06-18T01:32:43","date_gmt":"2025-06-17T23:32:43","guid":{"rendered":"https:\/\/uk.ambagn.staging.e-kaidi.net\/?p=82140"},"modified":"2025-06-18T01:32:43","modified_gmt":"2025-06-17T23:32:43","slug":"bamako-rend-hommage-a-ahmed-kante-un-espace-public-baptise-en-son-nom-a-kourale","status":"publish","type":"post","link":"https:\/\/uk.ambagn.staging.e-kaidi.net\/?p=82140","title":{"rendered":"Bamako rend hommage \u00e0 Ahmed Kant\u00e9 : un espace public baptis\u00e9 en son nom \u00e0 Koural\u00e9"},"content":{"rendered":"<div>\n<div style=\"margin-bottom:20px;\"><img width=\"720\" height=\"1080\"src=\"https:\/\/i0.wp.com\/www.guinee7.com\/wp-content\/uploads\/2025\/06\/ahmed.jpg?w=720&amp;ssl=1\" class=\"attachment-post-thumbnail size-post-thumbnail wp-post-image\" alt=\"\" decoding=\"async\" loading=\"lazy\" srcset=\"https:\/\/i0.wp.com\/www.guinee7.com\/wp-content\/uploads\/2025\/06\/ahmed.jpg?w=720&amp;ssl=1 720w, https:\/\/i0.wp.com\/www.guinee7.com\/wp-content\/uploads\/2025\/06\/ahmed.jpg?resize=200%2C300&amp;ssl=1 200w, https:\/\/i0.wp.com\/www.guinee7.com\/wp-content\/uploads\/2025\/06\/ahmed.jpg?resize=683%2C1024&amp;ssl=1 683w\" sizes=\"auto, (max-width: 720px) 100vw, 720px\"><\/div>\n<p>Un moment empreint de solennit\u00e9, d\u2019\u00e9motion et de port\u00e9e symbolique s\u2019est tenu les 14 et 15 juin 2025 \u00e0 Bamako, capitale du Mali. Dans le quartier de Koural\u00e9, un espace public de pr\u00e8s d\u2019un demi-hectare a \u00e9t\u00e9 officiellement baptis\u00e9 au nom d\u2019Ahmed Kant\u00e9, ancien ministre guin\u00e9en des Mines et de la G\u00e9ologie, aujourd\u2019hui administrateur g\u00e9n\u00e9ral de la soci\u00e9t\u00e9 AGB2A-GIC.<\/p>\n<p>Cette initiative, port\u00e9e par une g\u00e9n\u00e9ration de jeunes leaders maliens engag\u00e9s, va bien au-del\u00e0 d\u2019un simple acte comm\u00e9moratif. Elle s\u2019inscrit dans une dynamique fraternelle entre le Mali et la Guin\u00e9e \u2014 deux nations li\u00e9es par les fibres intimes de l\u2019histoire, de la culture et d\u2019un id\u00e9al panafricain commun.<\/p>\n<p>Invit\u00e9 par les organisateurs, Ahmed Kant\u00e9 a re\u00e7u \u00e0 Bamako un accueil chaleureux et respectueux, t\u00e9moignant de l\u2019admiration que lui porte une jeunesse malienne consciente de son r\u00f4le dans le d\u00e9veloppement durable et l\u2019int\u00e9gration r\u00e9gionale. L\u2019\u00e9v\u00e9nement fut marqu\u00e9 par une activit\u00e9 de reboisement, reflet d\u2019un engagement concret pour l\u2019environnement, en pr\u00e9sence de plusieurs figures notables, dont Lalamalan Kant\u00e9, repr\u00e9sentant de l\u2019Union des descendants de Soumaoro Kant\u00e9, et Mme Nicole N\u2019Doubayo, membre de l\u2019organisation Impact Ladies.<\/p>\n<p>L\u2019espace baptis\u00e9 aspire \u00e0 devenir un lieu citoyen et \u00e9cologique, ouvert aux initiatives communautaires. Pour les initiateurs, ce choix de nom n\u2019est pas anodin : il vise \u00e0 honorer l\u2019action d\u2019un homme qui, par son engagement constant, incarne une vision panafricaine tourn\u00e9e vers l\u2019avenir.<\/p>\n<p>Mohamed Keita, enseignant-chercheur et artisan principal de cette d\u00e9marche, souligne qu\u2019il ne s\u2019agit pas simplement de planter des arbres, mais de semer les graines de la reconnaissance et de la solidarit\u00e9 africaine. Selon lui, Ahmed Kant\u00e9 n\u2019est pas honor\u00e9 \u00e0 sa juste valeur dans son propre pays, et c\u2019est pourquoi les Maliens ont d\u00e9cid\u00e9 de lui rendre hommage \u00e0 travers cet espace.<\/p>\n<p>Ahmed Kant\u00e9, visiblement \u00e9mu, a exprim\u00e9 sa profonde gratitude. Il a rappel\u00e9 la force du lien historique entre la Guin\u00e9e et le Mali, affirmant que ces deux pays sont comme deux poumons d\u2019un m\u00eame c\u0153ur. Il a assur\u00e9 que tout Malien trouvera en Guin\u00e9e la m\u00eame hospitalit\u00e9 et la m\u00eame consid\u00e9ration qu\u2019il a re\u00e7ues \u00e0 Bamako.<\/p>\n<p>Lalamalan Kant\u00e9 a \u00e9galement salu\u00e9 cette initiative, soulignant que ce geste d\u00e9passe la personne d\u2019Ahmed Kant\u00e9 : en le c\u00e9l\u00e9brant, c\u2019est toute la Guin\u00e9e qui est honor\u00e9e \u00e0 travers les valeurs d\u2019int\u00e9grit\u00e9, d\u2019engagement et de vision qu\u2019il incarne.<\/p>\n<p>Le point d\u2019orgue de cette reconnaissance fut la remise \u00e0 M. Kant\u00e9 d\u2019un grand chiwara, distinction traditionnelle malienne, symbole d\u2019excellence et de m\u00e9rite. Ce geste vient clore une visite plac\u00e9e sous les signes de l\u2019unit\u00e9 africaine, de la reconnaissance et du devoir de m\u00e9moire.<\/p>\n<p><strong>N\u2019namarie Camara<br \/>\nCorrespondante sp\u00e9ciale \u00e0 Bamako<\/strong><\/p>\n<\/div>\n","protected":false},"excerpt":{"rendered":"<p>Un moment empreint de solennit\u00e9, d\u2019\u00e9motion et de port\u00e9e symbolique s\u2019est tenu les 14 et 15 juin 2025 \u00e0 Bamako, capitale du Mali. Dans le quartier de Koural\u00e9, un espace public de pr\u00e8s d\u2019un demi-hectare a \u00e9t\u00e9 officiellement baptis\u00e9 au nom d\u2019Ahmed Kant\u00e9, ancien ministre guin\u00e9en des Mines et de la G\u00e9ologie, aujourd\u2019hui administrateur g\u00e9n\u00e9ral &hellip;<\/p>\n","protected":false},"author":1,"featured_media":0,"comment_status":"closed","ping_status":"closed","sticky":false,"template":"","format":"standard","meta":[],"categories":[2],"tags":[22],"_links":{"self":[{"href":"https:\/\/uk.ambagn.staging.e-kaidi.net\/index.php?rest_route=\/wp\/v2\/posts\/82140"}],"collection":[{"href":"https:\/\/uk.ambagn.staging.e-kaidi.net\/index.php?rest_route=\/wp\/v2\/posts"}],"about":[{"href":"https:\/\/uk.ambagn.staging.e-kaidi.net\/index.php?rest_route=\/wp\/v2\/types\/post"}],"author":[{"embeddable":true,"href":"https:\/\/uk.ambagn.staging.e-kaidi.net\/index.php?rest_route=\/wp\/v2\/users\/1"}],"replies":[{"embeddable":true,"href":"https:\/\/uk.ambagn.staging.e-kaidi.net\/index.php?rest_route=%2Fwp%2Fv2%2Fcomments&post=82140"}],"version-history":[{"count":0,"href":"https:\/\/uk.ambagn.staging.e-kaidi.net\/index.php?rest_route=\/wp\/v2\/posts\/82140\/revisions"}],"wp:attachment":[{"href":"https:\/\/uk.ambagn.staging.e-kaidi.net\/index.php?rest_route=%2Fwp%2Fv2%2Fmedia&parent=82140"}],"wp:term":[{"taxonomy":"category","embeddable":true,"href":"https:\/\/uk.ambagn.staging.e-kaidi.net\/index.php?rest_route=%2Fwp%2Fv2%2Fcategories&post=82140"},{"taxonomy":"post_tag","embeddable":true,"href":"https:\/\/uk.ambagn.staging.e-kaidi.net\/index.php?rest_route=%2Fwp%2Fv2%2Ftags&post=82140"}],"curies":[{"name":"wp","href":"https:\/\/api.w.org\/{rel}","templated":true}]}}