{"id":82111,"date":"2025-06-17T12:43:58","date_gmt":"2025-06-17T10:43:58","guid":{"rendered":"https:\/\/uk.ambagn.staging.e-kaidi.net\/?p=82111"},"modified":"2025-06-17T12:43:58","modified_gmt":"2025-06-17T10:43:58","slug":"le-xxi-siecles-et-ses-derives-aux-quatre-coins-du-monde-les-institutions-multilaterales-plus-que-jamais-affaiblies","status":"publish","type":"post","link":"https:\/\/uk.ambagn.staging.e-kaidi.net\/?p=82111","title":{"rendered":"Le XXI Si\u00e8cles et ses d\u00e9rives aux quatre coins du monde : Les institutions multilat\u00e9rales plus que jamais affaiblies."},"content":{"rendered":"<div>\n<div style=\"margin-bottom:20px;\"><img width=\"1280\" height=\"1232\"src=\"https:\/\/i0.wp.com\/www.guinee7.com\/wp-content\/uploads\/2025\/06\/IMG-20250616-WA0031.jpg?w=1280&amp;ssl=1\" class=\"attachment-post-thumbnail size-post-thumbnail wp-post-image\" alt=\"\" decoding=\"async\" srcset=\"https:\/\/i0.wp.com\/www.guinee7.com\/wp-content\/uploads\/2025\/06\/IMG-20250616-WA0031.jpg?w=1280&amp;ssl=1 1280w, https:\/\/i0.wp.com\/www.guinee7.com\/wp-content\/uploads\/2025\/06\/IMG-20250616-WA0031.jpg?resize=300%2C289&amp;ssl=1 300w, https:\/\/i0.wp.com\/www.guinee7.com\/wp-content\/uploads\/2025\/06\/IMG-20250616-WA0031.jpg?resize=1024%2C986&amp;ssl=1 1024w, https:\/\/i0.wp.com\/www.guinee7.com\/wp-content\/uploads\/2025\/06\/IMG-20250616-WA0031.jpg?resize=768%2C739&amp;ssl=1 768w\" sizes=\"(max-width: 1280px) 100vw, 1280px\"><\/div>\n<p><span style=\"font-size: 20px;\">Depuis le 1\u00ba Mai 2024, je griffonnais ce texte comme description d\u2019un contexte inqui\u00e9tant de la mont\u00e9e des conflits dans le monde. La d\u00e9marche \u00e9tant d\u2019inciter certains intellectuels guin\u00e9ens et africains \u00e0 la production d\u2019une tribune collective interpellative des puissances \u00e9conomiques et militaires du monde, tout comme l\u2019ONU.<\/span><\/p>\n<p><span style=\"font-size: 20px;\">Bien que la d\u00e9marche n\u2019ait pas eu d\u2019\u00e9chos aupr\u00e8s des personnalit\u00e9s vis\u00e9es, et que le texte est rest\u00e9 ainsi dans mon ordinateur, le temps me donne tout de m\u00eame raison quant \u00e0 cette inqui\u00e9tude qui se mat\u00e9rialise aujourd\u2019hui par la cartographie des grands conflits inter-Etats qui conna\u00eet depuis quelques jours, l\u2019ouverture officielle de la guerre entre l\u2019Iran et l\u2019Isra\u00ebl.<\/span><\/p>\n<p><span style=\"font-size: 20px;\">La r\u00e9flexion ci-dessous en substance.<\/span><\/p>\n<p><span style=\"font-size: 20px;\">De nos jours, le monde fait face \u00e0 une instabilit\u00e9 globale \u00e0 ses quatre coins cardinaux. En plus de dame nature qui menace jour apr\u00e8s jour l\u2019existence de l\u2019esp\u00e8ce humaine sur terre \u00e0 travers d\u2019interminables catastrophes naturelles dues au d\u00e9r\u00e9gl\u00e9ment climatique, au-del\u00e0 des instabilit\u00e9s croissantes \u00e0 l\u2019int\u00e9rieur des Etats constitu\u00e9s, des foyers de tensions sous formes de conflits ouverts entre Etats ne cessent de se multiplier. Les Etats dits puissants, consid\u00e9r\u00e9s comme garants de la stabilit\u00e9 mondiale, sont malheureusement ceux qui sont au-devant de ce spectacle malheureux. Les plus fous alli\u00e9s de ceux qui tiennes les r\u00eanes de ces Etats en conflits ouverts ou en situation latente d\u2019une guerre future, ne manquent pas de menacer le monde de l\u2019usage d\u2019armes de destruction massive comme l\u2019arme nucl\u00e9aire.<\/span><\/p>\n<p><span style=\"font-size: 20px;\">Au regard de ce tableau d\u00e9sesp\u00e9rant d\u2019un monde pacifique, o\u00f9 l\u2019on se parle pour trouver des solutions consensuelles aux divergences, il est n\u00e9cessaire de se poser la question suivante:<\/span><\/p>\n<p><span style=\"font-size: 20px;\">1- Quelle est la v\u00e9ritable raison de l\u2019existence des institutions. multilat\u00e9rales pour la paix et la coh\u00e9sion dans le monde?<\/span><\/p>\n<p><span style=\"font-size: 20px;\">Or si nous jetterons un regard dans le r\u00e9troviseur de l\u2019histoire de notre \u00e8re, on peut bien se rappeler que le projet des Nations Unies reposait sur la conviction que tous les \u00c9tats peuvent et doivent coop\u00e9rer afin de r\u00e9soudre leurs conflits pacifiquement et am\u00e9liorer la vie de chacun.<\/span><\/p>\n<p><span style=\"font-size: 20px;\">L\u2019id\u00e9e de consolider la paix et la s\u00e9curit\u00e9 dans le monde est devenue une priorit\u00e9 d\u00e8s 1899 avec l\u2019organisation de la Conf\u00e9rence internationale de la paix \u00e0 La Haye. Cette conf\u00e9rence visait \u00e0 mettre en place des outils permettant de r\u00e9soudre pacifiquement les crises, \u00e9viter les guerres et \u00e9tablir des r\u00e8gles de conflit. Par la suite, en 1919, la Soci\u00e9t\u00e9 des Nations (SDN) a \u00e9t\u00e9 cr\u00e9\u00e9e \u00ab pour promouvoir la coop\u00e9ration internationale et obtenir la paix et la s\u00e9curit\u00e9 \u00bb. Cependant, le projet de la Soci\u00e9t\u00e9 des Nations a \u00e9chou\u00e9 et n\u2019a pu \u00e9viter la Seconde Guerre mondiale.<\/span><\/p>\n<p><span style=\"font-size: 20px;\">Ainsi est cr\u00e9\u00e9e officiellement, l\u2019organisation des Nations-Unies (ONU) le 24 octobre 1945 sur les ruines de la Soci\u00e9t\u00e9 des Nations (SDF), apr\u00e8s la deuxi\u00e8me guerre mondiale.<\/span><\/p>\n<p><span style=\"font-size: 20px;\">Les Etats-Unis, la Chine, l\u2019Union sovi\u00e9tique, le Royaume-Uni ont r\u00e9dig\u00e9 la charte de cette organisation qui devait, sur les ruines de la SDN, pr\u00eacher la paix dans le monde, et pouvoir se donner les moyens de convaincre des Etats belliqueux \u00e0 ne pas franchir une certaine ligne qui menacerait les citoyens libres de ces pays, et m\u00eame la paix mondiale.<\/span><\/p>\n<p><span style=\"font-size: 20px;\">Le paradoxe de l\u2019histoire, plusieurs d\u00e9cennies apr\u00e8s, ces Etats r\u00e9dacteurs de la charte des nations-unies, sont aujourd\u2019hui soit en conflits latents les uns contre les autres en leur sein, soit contre d\u2019autres Etats ind\u00e9pendants, soit en conflits ouverts par procuration \u00e0 travers d\u2019autres Etats.<\/span><\/p>\n<p><span style=\"font-size: 20px;\">Dans cette atmosph\u00e8re toxique, o\u00f9 la paix mondiale est plus que jamais fragilis\u00e9e et menac\u00e9e, les institutions internationales garante de cette stabilit\u00e9 mondiale sont autant fragilis\u00e9es.<\/span><\/p>\n<p><span style=\"font-size: 20px;\">Ainsi l\u2019int\u00e9r\u00eat de cette d\u00e9marche \u00e9tait d\u2019\u00e9veiller la conscience des africains sur le fait que des conflits peuvent bien se passer \u00e0 des milliers de kilom\u00e8tres de notre position g\u00e9ographique, et que nous finissions par en subir les cons\u00e9quences ne serait-ce qu\u2019\u00e9conomiques. Elles peuvent bien \u00eatre pires selon la configuration des dits conflits. D\u2019o\u00f9 la n\u00e9cessit\u00e9 que les intellectuels africains et les Etats africains se fassent aussi entendre sur ces sujets majeurs qui nous concernent d\u2019une mani\u00e8re ou d\u2019autres.<\/span><\/p>\n<p><strong><span style=\"font-size: 20px;\">Mamadou Oury DIALLO<\/span> <\/strong><\/p>\n<p><strong><span style=\"font-size: 20px;\">Journaliste<\/span> <\/strong><\/p>\n<p><strong><span style=\"font-size: 20px;\">Pr\u00e9sident du Mouvement des Patriotes Lib\u00e9raux<\/span><\/strong><!--\/data\/user\/0\/com.samsung.android.app.notes\/files\/clipdata\/clipdata_bodytext_250616_210013_621.sdocx--><\/p>\n<\/div>\n","protected":false},"excerpt":{"rendered":"<p>Depuis le 1\u00ba Mai 2024, je griffonnais ce texte comme description d\u2019un contexte inqui\u00e9tant de la mont\u00e9e des conflits dans le monde. La d\u00e9marche \u00e9tant d\u2019inciter certains intellectuels guin\u00e9ens et africains \u00e0 la production d\u2019une tribune collective interpellative des puissances \u00e9conomiques et militaires du monde, tout comme l\u2019ONU. Bien que la d\u00e9marche n\u2019ait pas eu &hellip;<\/p>\n","protected":false},"author":1,"featured_media":0,"comment_status":"closed","ping_status":"closed","sticky":false,"template":"","format":"standard","meta":[],"categories":[2],"tags":[22],"_links":{"self":[{"href":"https:\/\/uk.ambagn.staging.e-kaidi.net\/index.php?rest_route=\/wp\/v2\/posts\/82111"}],"collection":[{"href":"https:\/\/uk.ambagn.staging.e-kaidi.net\/index.php?rest_route=\/wp\/v2\/posts"}],"about":[{"href":"https:\/\/uk.ambagn.staging.e-kaidi.net\/index.php?rest_route=\/wp\/v2\/types\/post"}],"author":[{"embeddable":true,"href":"https:\/\/uk.ambagn.staging.e-kaidi.net\/index.php?rest_route=\/wp\/v2\/users\/1"}],"replies":[{"embeddable":true,"href":"https:\/\/uk.ambagn.staging.e-kaidi.net\/index.php?rest_route=%2Fwp%2Fv2%2Fcomments&post=82111"}],"version-history":[{"count":0,"href":"https:\/\/uk.ambagn.staging.e-kaidi.net\/index.php?rest_route=\/wp\/v2\/posts\/82111\/revisions"}],"wp:attachment":[{"href":"https:\/\/uk.ambagn.staging.e-kaidi.net\/index.php?rest_route=%2Fwp%2Fv2%2Fmedia&parent=82111"}],"wp:term":[{"taxonomy":"category","embeddable":true,"href":"https:\/\/uk.ambagn.staging.e-kaidi.net\/index.php?rest_route=%2Fwp%2Fv2%2Fcategories&post=82111"},{"taxonomy":"post_tag","embeddable":true,"href":"https:\/\/uk.ambagn.staging.e-kaidi.net\/index.php?rest_route=%2Fwp%2Fv2%2Ftags&post=82111"}],"curies":[{"name":"wp","href":"https:\/\/api.w.org\/{rel}","templated":true}]}}