{"id":82110,"date":"2025-06-17T12:43:58","date_gmt":"2025-06-17T10:43:58","guid":{"rendered":"https:\/\/uk.ambagn.staging.e-kaidi.net\/?p=82110"},"modified":"2025-06-17T12:43:58","modified_gmt":"2025-06-17T10:43:58","slug":"cooperation-bilaterale-une-delegation-ivoirienne-a-conakry-pour-dynamiser-la-formation-professionnelle","status":"publish","type":"post","link":"https:\/\/uk.ambagn.staging.e-kaidi.net\/?p=82110","title":{"rendered":"Coop\u00e9ration bilat\u00e9rale : une d\u00e9l\u00e9gation ivoirienne \u00e0 Conakry pour dynamiser la formation professionnelle"},"content":{"rendered":"<div>\n<div style=\"margin-bottom:20px;\"><img width=\"871\" height=\"471\"src=\"https:\/\/i0.wp.com\/www.guinee7.com\/wp-content\/uploads\/2025\/06\/IMG-20250616-WA0033.jpg?w=871&amp;ssl=1\" class=\"attachment-post-thumbnail size-post-thumbnail wp-post-image\" alt=\"\" decoding=\"async\" loading=\"lazy\" srcset=\"https:\/\/i0.wp.com\/www.guinee7.com\/wp-content\/uploads\/2025\/06\/IMG-20250616-WA0033.jpg?w=871&amp;ssl=1 871w, https:\/\/i0.wp.com\/www.guinee7.com\/wp-content\/uploads\/2025\/06\/IMG-20250616-WA0033.jpg?resize=300%2C162&amp;ssl=1 300w, https:\/\/i0.wp.com\/www.guinee7.com\/wp-content\/uploads\/2025\/06\/IMG-20250616-WA0033.jpg?resize=768%2C415&amp;ssl=1 768w\" sizes=\"auto, (max-width: 871px) 100vw, 871px\"><\/div>\n<p><span style=\"font-size: 20px;\">Une d\u00e9l\u00e9gation du minist\u00e8re de l\u2019Enseignement technique, de la Formation professionnelle et de l\u2019Apprentissage de C\u00f4te d\u2019Ivoire s\u00e9journe actuellement \u00e0 Conakry, dans le cadre d\u2019un partenariat strat\u00e9gique entre la Guin\u00e9e et la C\u00f4te d\u2019Ivoire. Cette visite marque une nouvelle \u00e9tape dans la coop\u00e9ration sud-sud en mati\u00e8re d\u2019enseignement technique et de formation professionnelle, deux piliers essentiels du d\u00e9veloppement des comp\u00e9tences en Afrique de l\u2019Ouest.<\/span><\/p>\n<p><span style=\"font-size: 20px;\">Ce lundi 16 juin, une s\u00e9ance de travail s\u2019est tenue \u00e0 l\u2019\u00c9cole normale des professeurs d\u2019enseignement technique et professionnel (ENPETP), r\u00e9unissant les repr\u00e9sentants des deux minist\u00e8res. L\u2019objectif affich\u00e9 : poser les bases concr\u00e8tes de projets conjoints, notamment en mati\u00e8re de formation des formateurs et de renforcement des capacit\u00e9s des chefs d\u2019\u00e9tablissement.<\/span><\/p>\n<p><span style=\"font-size: 20px;\">Madame Ke\u00efta Maforie Ciss\u00e9, conseill\u00e8re charg\u00e9e de mission et point focal de cette coop\u00e9ration bilat\u00e9rale au sein du minist\u00e8re guin\u00e9en, est revenue sur l\u2019origine de cette dynamique. \u00ab En f\u00e9vrier dernier, sous l\u2019impulsion de Madame Aminata Kaba, ministre guin\u00e9enne de l\u2019Enseignement technique et de la Formation professionnelle, nous avons effectu\u00e9 une mission en C\u00f4te d\u2019Ivoire qui a abouti \u00e0 la signature d\u2019un accord-cadre entre nos deux pays \u00bb, a-t-elle rappel\u00e9.<\/span><\/p>\n<p><span style=\"font-size: 20px;\">\u00ab Cette mission \u00e0 Conakry vise \u00e0 op\u00e9rationnaliser cet accord \u00e0 travers des \u00e9changes concrets autour de la formation des formateurs et des chefs d\u2019\u00e9tablissement. Il s\u2019agit de croiser nos exp\u00e9riences pour construire ensemble un syst\u00e8me de formation de qualit\u00e9, porteur d\u2019emplois durables pour la jeunesse africaine\u201d, a-t-elle d\u00e9taill\u00e9e.<\/span><\/p>\n<p><span style=\"font-size: 20px;\">De son c\u00f4t\u00e9, Victor Seni Kwaku, inspecteur g\u00e9n\u00e9ral et coordonnateur g\u00e9n\u00e9ral de l\u2019Enseignement technique en C\u00f4te d\u2019Ivoire, a soulign\u00e9 l\u2019engagement de son pays en faveur d\u2019une coop\u00e9ration sud-sud active et constructive.<\/span><\/p>\n<p><span style=\"font-size: 20px;\">\u00ab \u00c0 la suite de la mission de la ministre guin\u00e9enne \u00e0 Abidjan, notre ministre, M. Koffi N\u2019Guessan, nous a mandat\u00e9s pour poursuivre les \u00e9changes et identifier des actions concr\u00e8tes \u00e0 mettre en \u0153uvre. La Guin\u00e9e dispose d\u2019un dispositif de formation solide et riche. Mais aucun pays n\u2019a encore atteint la perfection. Notre ambition commune est de partager nos comp\u00e9tences pour renforcer nos syst\u00e8mes respectifs et soutenir notre industrialisation \u00bb, a-t-il expliqu\u00e9. <\/span><\/p>\n<p><span style=\"font-size: 20px;\">Au programme de la semaine figurent des sessions de travail, aussi la r\u00e9daction d\u2019un plan d\u2019action conjoint. Un partenariat prometteur qui illustre la volont\u00e9 des deux pays de mutualiser leurs efforts pour b\u00e2tir une formation professionnelle plus performante, au service du d\u00e9veloppement et de l\u2019employabilit\u00e9 des jeunes.<\/span><\/p>\n<p><strong><span style=\"font-size: 20px;\">Bhoye Barry pour guinee7.com<\/span><\/strong><!--\/data\/user\/0\/com.samsung.android.app.notes\/files\/clipdata\/clipdata_bodytext_250616_204923_909.sdocx--><\/p>\n<\/div>\n","protected":false},"excerpt":{"rendered":"<p>Une d\u00e9l\u00e9gation du minist\u00e8re de l\u2019Enseignement technique, de la Formation professionnelle et de l\u2019Apprentissage de C\u00f4te d\u2019Ivoire s\u00e9journe actuellement \u00e0 Conakry, dans le cadre d\u2019un partenariat strat\u00e9gique entre la Guin\u00e9e et la C\u00f4te d\u2019Ivoire. Cette visite marque une nouvelle \u00e9tape dans la coop\u00e9ration sud-sud en mati\u00e8re d\u2019enseignement technique et de formation professionnelle, deux piliers essentiels &hellip;<\/p>\n","protected":false},"author":1,"featured_media":0,"comment_status":"closed","ping_status":"closed","sticky":false,"template":"","format":"standard","meta":[],"categories":[2],"tags":[22],"_links":{"self":[{"href":"https:\/\/uk.ambagn.staging.e-kaidi.net\/index.php?rest_route=\/wp\/v2\/posts\/82110"}],"collection":[{"href":"https:\/\/uk.ambagn.staging.e-kaidi.net\/index.php?rest_route=\/wp\/v2\/posts"}],"about":[{"href":"https:\/\/uk.ambagn.staging.e-kaidi.net\/index.php?rest_route=\/wp\/v2\/types\/post"}],"author":[{"embeddable":true,"href":"https:\/\/uk.ambagn.staging.e-kaidi.net\/index.php?rest_route=\/wp\/v2\/users\/1"}],"replies":[{"embeddable":true,"href":"https:\/\/uk.ambagn.staging.e-kaidi.net\/index.php?rest_route=%2Fwp%2Fv2%2Fcomments&post=82110"}],"version-history":[{"count":0,"href":"https:\/\/uk.ambagn.staging.e-kaidi.net\/index.php?rest_route=\/wp\/v2\/posts\/82110\/revisions"}],"wp:attachment":[{"href":"https:\/\/uk.ambagn.staging.e-kaidi.net\/index.php?rest_route=%2Fwp%2Fv2%2Fmedia&parent=82110"}],"wp:term":[{"taxonomy":"category","embeddable":true,"href":"https:\/\/uk.ambagn.staging.e-kaidi.net\/index.php?rest_route=%2Fwp%2Fv2%2Fcategories&post=82110"},{"taxonomy":"post_tag","embeddable":true,"href":"https:\/\/uk.ambagn.staging.e-kaidi.net\/index.php?rest_route=%2Fwp%2Fv2%2Ftags&post=82110"}],"curies":[{"name":"wp","href":"https:\/\/api.w.org\/{rel}","templated":true}]}}