{"id":82108,"date":"2025-06-17T12:43:56","date_gmt":"2025-06-17T10:43:56","guid":{"rendered":"https:\/\/uk.ambagn.staging.e-kaidi.net\/?p=82108"},"modified":"2025-06-17T12:43:56","modified_gmt":"2025-06-17T10:43:56","slug":"derniere-minute-le-general-doumbouya-attendu-en-cote-divoire-ce-mardi","status":"publish","type":"post","link":"https:\/\/uk.ambagn.staging.e-kaidi.net\/?p=82108","title":{"rendered":"Derni\u00e8re minute\u00a0: le g\u00e9n\u00e9ral Doumbouya attendu en C\u00f4te d\u2019Ivoire ce mardi"},"content":{"rendered":"<div>\n<div style=\"margin-bottom:20px;\"><img width=\"800\" height=\"533\"src=\"https:\/\/i0.wp.com\/www.guinee7.com\/wp-content\/uploads\/2023\/10\/Mamadi-Doumbouya-3.jpg?w=800&amp;ssl=1\" class=\"attachment-post-thumbnail size-post-thumbnail wp-post-image\" alt=\"\" decoding=\"async\" loading=\"lazy\" srcset=\"https:\/\/i0.wp.com\/www.guinee7.com\/wp-content\/uploads\/2023\/10\/Mamadi-Doumbouya-3.jpg?w=800&amp;ssl=1 800w, https:\/\/i0.wp.com\/www.guinee7.com\/wp-content\/uploads\/2023\/10\/Mamadi-Doumbouya-3.jpg?resize=300%2C200&amp;ssl=1 300w, https:\/\/i0.wp.com\/www.guinee7.com\/wp-content\/uploads\/2023\/10\/Mamadi-Doumbouya-3.jpg?resize=768%2C512&amp;ssl=1 768w\" sizes=\"auto, (max-width: 800px) 100vw, 800px\"><\/div>\n<p><span style=\"font-size: 14pt;\">Le g\u00e9n\u00e9ral Mamadi Doumbouya est attendu en C\u00f4te d\u2019Ivoire ce mardi 17 juin. C\u2019est dans le cadre du renforcement des liens de \u00ab fraternit\u00e9 \u00bb et de la \u00ab coop\u00e9ration \u00bb entre ces deux nations.<\/span><\/p>\n<p><span lang=\"fr-GN\" style=\"font-size: 14.0pt;\">Selon un communiqu\u00e9 de la pr\u00e9sidence de la R\u00e9publique, cette visite est plac\u00e9e sous le sceau de l\u2019unit\u00e9, de la paix et du panafricanisme en action.<\/span><\/p>\n<p><span lang=\"fr-GN\" style=\"font-size: 14.0pt;\">L\u2019heure du d\u00e9part est pr\u00e9vue \u00e0 09 heures \u00e0 l\u2019a\u00e9roport international Ahmed S\u00e9kou Tour\u00e9 de Conakry.<\/span><\/p>\n<p><strong><span lang=\"fr-GN\" style=\"font-size: 14.0pt;\">\u00a0Ibrahima Sory Diallo pour <\/span><span lang=\"FR\" style=\"font-size: 14.0pt; mso-ansi-language: FR;\">guinee7.com <\/span><\/strong><\/p>\n<p class=\"MsoNormal\"><span lang=\"fr-GN\" style=\"font-size: 14.0pt; line-height: 107%;\"><span style=\"mso-spacerun: yes;\">\u00a0<\/span><\/span><\/p>\n<\/div>\n","protected":false},"excerpt":{"rendered":"<p>Le g\u00e9n\u00e9ral Mamadi Doumbouya est attendu en C\u00f4te d\u2019Ivoire ce mardi 17 juin. C\u2019est dans le cadre du renforcement des liens de \u00ab fraternit\u00e9 \u00bb et de la \u00ab coop\u00e9ration \u00bb entre ces deux nations. Selon un communiqu\u00e9 de la pr\u00e9sidence de la R\u00e9publique, cette visite est plac\u00e9e sous le sceau de l\u2019unit\u00e9, de la &hellip;<\/p>\n","protected":false},"author":1,"featured_media":0,"comment_status":"closed","ping_status":"closed","sticky":false,"template":"","format":"standard","meta":[],"categories":[2],"tags":[22],"_links":{"self":[{"href":"https:\/\/uk.ambagn.staging.e-kaidi.net\/index.php?rest_route=\/wp\/v2\/posts\/82108"}],"collection":[{"href":"https:\/\/uk.ambagn.staging.e-kaidi.net\/index.php?rest_route=\/wp\/v2\/posts"}],"about":[{"href":"https:\/\/uk.ambagn.staging.e-kaidi.net\/index.php?rest_route=\/wp\/v2\/types\/post"}],"author":[{"embeddable":true,"href":"https:\/\/uk.ambagn.staging.e-kaidi.net\/index.php?rest_route=\/wp\/v2\/users\/1"}],"replies":[{"embeddable":true,"href":"https:\/\/uk.ambagn.staging.e-kaidi.net\/index.php?rest_route=%2Fwp%2Fv2%2Fcomments&post=82108"}],"version-history":[{"count":0,"href":"https:\/\/uk.ambagn.staging.e-kaidi.net\/index.php?rest_route=\/wp\/v2\/posts\/82108\/revisions"}],"wp:attachment":[{"href":"https:\/\/uk.ambagn.staging.e-kaidi.net\/index.php?rest_route=%2Fwp%2Fv2%2Fmedia&parent=82108"}],"wp:term":[{"taxonomy":"category","embeddable":true,"href":"https:\/\/uk.ambagn.staging.e-kaidi.net\/index.php?rest_route=%2Fwp%2Fv2%2Fcategories&post=82108"},{"taxonomy":"post_tag","embeddable":true,"href":"https:\/\/uk.ambagn.staging.e-kaidi.net\/index.php?rest_route=%2Fwp%2Fv2%2Ftags&post=82108"}],"curies":[{"name":"wp","href":"https:\/\/api.w.org\/{rel}","templated":true}]}}