{"id":82072,"date":"2025-06-16T03:34:23","date_gmt":"2025-06-16T01:34:23","guid":{"rendered":"https:\/\/uk.ambagn.staging.e-kaidi.net\/?p=82072"},"modified":"2025-06-16T03:34:23","modified_gmt":"2025-06-16T01:34:23","slug":"coeur-en-action-un-match-legendaire-au-profit-des-enfants-cardiaques","status":"publish","type":"post","link":"https:\/\/uk.ambagn.staging.e-kaidi.net\/?p=82072","title":{"rendered":"Coeur en Action. Un match l\u00e9gendaire au profit des enfants cardiaques"},"content":{"rendered":"<div>\n<div style=\"margin-bottom:20px;\"><img width=\"1020\" height=\"458\"src=\"https:\/\/i0.wp.com\/www.guinee7.com\/wp-content\/uploads\/2025\/06\/IMG-20250614-WA0022.jpg?w=1020&amp;ssl=1\" class=\"attachment-post-thumbnail size-post-thumbnail wp-post-image\" alt=\"\" decoding=\"async\" loading=\"lazy\" srcset=\"https:\/\/i0.wp.com\/www.guinee7.com\/wp-content\/uploads\/2025\/06\/IMG-20250614-WA0022.jpg?w=1020&amp;ssl=1 1020w, https:\/\/i0.wp.com\/www.guinee7.com\/wp-content\/uploads\/2025\/06\/IMG-20250614-WA0022.jpg?resize=300%2C135&amp;ssl=1 300w, https:\/\/i0.wp.com\/www.guinee7.com\/wp-content\/uploads\/2025\/06\/IMG-20250614-WA0022.jpg?resize=768%2C345&amp;ssl=1 768w\" sizes=\"auto, (max-width: 1020px) 100vw, 1020px\"><\/div>\n<p><span style=\"font-size: 20px;\">Sous le ciel partiellement ensoleill\u00e9 de Conakry, le stade Petit Sory de Nongo a vibr\u00e9 au rythme d\u2019un \u00e9v\u00e9nement aussi symbolique que solidaire. Dans le cadre des 72 heures d\u2019activit\u00e9s d\u00e9di\u00e9es aux enfants atteints de cardiopathie cong\u00e9nitale, l\u2019ONG C\u0153ur Alpha, \u00e0 travers son programme C\u0153ur en Action, a organis\u00e9 un match de gala in\u00e9dit r\u00e9unissant plus de 35 l\u00e9gendes du football africain et mondial.<\/span><\/p>\n<p><span style=\"font-size: 20px;\">Le coup d\u2019envoi a \u00e9t\u00e9 donn\u00e9 en pr\u00e9sence de hautes personnalit\u00e9s, \u00e0 l\u2019image du ministre des Sports K\u00e9amou Bogola Haba, de Fatma Samoura, ancienne secr\u00e9taire g\u00e9n\u00e9rale de la FIFA, ou encore de l\u2019ex-pr\u00e9sident de la CAF Ahmad Ahmad. Sur la pelouse, les supporters ont retrouv\u00e9 avec \u00e9motion des ic\u00f4nes du ballon rond comme Salomon Kalou, Djibril Ciss\u00e9, Aur\u00e9lien Chedjou, Pascal Feindouno, Emmanuel Adebayor, Alexandre Song, ou encore Mouctar Diakhaby, d\u00e9fenseur du Syli national et soci\u00e9taire du FC Valence.<\/span><\/p>\n<p><span style=\"font-size: 20px;\">Les rouges, men\u00e9s par l\u2019ex international ivoirien, Kalou, ont ouvert la marque, mais les bleus, emmen\u00e9s par Adebayor et ALPHA,\u00a0 fils de la fondatrice de l\u2019ONG entr\u00e9e enfin de match, (v\u00e9ritable source d\u2019inspiration du projet) ont fini par inverser la tendance, gr\u00e2ce \u00e0 un but d\u00e9cisif de Jonathan Pitroipa. Au-del\u00e0 du score,(2-1), l\u2019enjeu \u00e9tait ailleurs : porter la voix des enfants guin\u00e9ens atteints de malformations cardiaques.<\/span><\/p>\n<p><strong><span style=\"font-size: 20px;\">Unis pour la vie, autour du c\u0153ur<\/span><\/strong><\/p>\n<p><img data-recalc-dims=\"1\" decoding=\"async\" class=\"alignnone wp-image-119209 size-full\"src=\"https:\/\/i0.wp.com\/www.guinee7.com\/wp-content\/uploads\/2025\/06\/IMG-20250614-WA0025.jpg?w=1080&amp;ssl=1\" alt=\"\" width=\"1080\" height=\"670\" srcset=\"https:\/\/i0.wp.com\/www.guinee7.com\/wp-content\/uploads\/2025\/06\/IMG-20250614-WA0025.jpg?w=1080&amp;ssl=1 1080w, https:\/\/i0.wp.com\/www.guinee7.com\/wp-content\/uploads\/2025\/06\/IMG-20250614-WA0025.jpg?resize=300%2C186&amp;ssl=1 300w, https:\/\/i0.wp.com\/www.guinee7.com\/wp-content\/uploads\/2025\/06\/IMG-20250614-WA0025.jpg?resize=1024%2C635&amp;ssl=1 1024w, https:\/\/i0.wp.com\/www.guinee7.com\/wp-content\/uploads\/2025\/06\/IMG-20250614-WA0025.jpg?resize=768%2C476&amp;ssl=1 768w\" sizes=\"(max-width: 1080px) 100vw, 1080px\"><\/p>\n<p><span style=\"font-size: 20px;\">Pour Binta Diallo, fondatrice de l\u2019ONG, cette mobilisation exceptionnelle est une victoire humaine : \u00ab Je suis tr\u00e8s heureuse de recevoir tout ce beau monde pour cette noble cause. Mon plus grand merci va au pr\u00e9sident de la R\u00e9publique, Son Excellence le G\u00e9n\u00e9ral Mamadi Doumbouya, pour son soutien sans faille, ainsi qu\u2019\u00e0 tous les acteurs engag\u00e9s \u00e0 nos c\u00f4t\u00e9s \u00bb, a-t-elle d\u00e9clar\u00e9. <\/span><\/p>\n<p><span style=\"font-size: 20px;\">La suite s\u2019annonce prometteuse. La pose de la premi\u00e8re pierre du futur centre de traitement et de prise en charge des enfants malades du c\u0153ur est pr\u00e9vue ce dimanche \u00e0 Coyah, avec pour objectif de rendre les soins plus accessibles localement, sans recours syst\u00e9matique \u00e0 l\u2019\u00e9vacuation m\u00e9dicale.<\/span><br \/><img data-recalc-dims=\"1\" decoding=\"async\" class=\"alignnone wp-image-119210 size-full\"src=\"https:\/\/i0.wp.com\/www.guinee7.com\/wp-content\/uploads\/2025\/06\/IMG-20250614-WA0024.jpg?w=1080&amp;ssl=1\" alt=\"\" width=\"1080\" height=\"703\" srcset=\"https:\/\/i0.wp.com\/www.guinee7.com\/wp-content\/uploads\/2025\/06\/IMG-20250614-WA0024.jpg?w=1080&amp;ssl=1 1080w, https:\/\/i0.wp.com\/www.guinee7.com\/wp-content\/uploads\/2025\/06\/IMG-20250614-WA0024.jpg?resize=300%2C195&amp;ssl=1 300w, https:\/\/i0.wp.com\/www.guinee7.com\/wp-content\/uploads\/2025\/06\/IMG-20250614-WA0024.jpg?resize=1024%2C667&amp;ssl=1 1024w, https:\/\/i0.wp.com\/www.guinee7.com\/wp-content\/uploads\/2025\/06\/IMG-20250614-WA0024.jpg?resize=768%2C500&amp;ssl=1 768w, https:\/\/i0.wp.com\/www.guinee7.com\/wp-content\/uploads\/2025\/06\/IMG-20250614-WA0024.jpg?resize=210%2C136&amp;ssl=1 210w\" sizes=\"(max-width: 1080px) 100vw, 1080px\"><\/p>\n<p><span style=\"font-size: 20px;\">Touch\u00e9 personnellement, Pascal Feindouno a salu\u00e9 cette initiative avec \u00e9motion : \u00ab Ce match me touche particuli\u00e8rement. Moi-m\u00eame, j\u2019ai eu un probl\u00e8me de c\u0153ur. Aujourd\u2019hui, on joue pour ceux qui n\u2019ont pas encore cette chance d\u2019\u00eatre soign\u00e9s \u00bb.<\/span><\/p>\n<p><img data-recalc-dims=\"1\" loading=\"lazy\" decoding=\"async\" class=\"alignnone wp-image-119211 size-full\"src=\"https:\/\/i0.wp.com\/www.guinee7.com\/wp-content\/uploads\/2025\/06\/IMG-20250614-WA0023.jpg?w=1070&amp;ssl=1\" alt=\"\" width=\"1070\" height=\"848\" srcset=\"https:\/\/i0.wp.com\/www.guinee7.com\/wp-content\/uploads\/2025\/06\/IMG-20250614-WA0023.jpg?w=1070&amp;ssl=1 1070w, https:\/\/i0.wp.com\/www.guinee7.com\/wp-content\/uploads\/2025\/06\/IMG-20250614-WA0023.jpg?resize=300%2C238&amp;ssl=1 300w, https:\/\/i0.wp.com\/www.guinee7.com\/wp-content\/uploads\/2025\/06\/IMG-20250614-WA0023.jpg?resize=1024%2C812&amp;ssl=1 1024w, https:\/\/i0.wp.com\/www.guinee7.com\/wp-content\/uploads\/2025\/06\/IMG-20250614-WA0023.jpg?resize=768%2C609&amp;ssl=1 768w, https:\/\/i0.wp.com\/www.guinee7.com\/wp-content\/uploads\/2025\/06\/IMG-20250614-WA0023.jpg?resize=279%2C220&amp;ssl=1 279w\" sizes=\"auto, (max-width: 1070px) 100vw, 1070px\"><\/p>\n<p><span style=\"font-size: 20px;\">Quant \u00e0 Patrick M\u2019Boma, ambassadeur discret mais tr\u00e8s engag\u00e9, il a insist\u00e9 :<\/span><br \/><span style=\"font-size: 20px;\"> \u00ab Ce n\u2019est que le d\u00e9but. Le vrai combat commence maintenant. La soci\u00e9t\u00e9 civile, le gouvernement, tout le monde doit s\u2019unir pour cette cause \u00bb.<\/span><\/p>\n<p><span style=\"font-size: 20px;\">En cl\u00f4ture de cette journ\u00e9e m\u00e9morable, un d\u00eener gala de lev\u00e9e de fonds est pr\u00e9vu dans un grand h\u00f4tel de la capitale.<\/span><\/p>\n<p><strong><span style=\"font-size: 20px;\">Thierno Abdoul Barry pour guinee7.com<\/span><\/strong><!--\/data\/user\/0\/com.samsung.android.app.notes\/files\/clipdata\/clipdata_bodytext_250614_235056_833.sdocx--><\/p>\n<\/div>\n","protected":false},"excerpt":{"rendered":"<p>Sous le ciel partiellement ensoleill\u00e9 de Conakry, le stade Petit Sory de Nongo a vibr\u00e9 au rythme d\u2019un \u00e9v\u00e9nement aussi symbolique que solidaire. Dans le cadre des 72 heures d\u2019activit\u00e9s d\u00e9di\u00e9es aux enfants atteints de cardiopathie cong\u00e9nitale, l\u2019ONG C\u0153ur Alpha, \u00e0 travers son programme C\u0153ur en Action, a organis\u00e9 un match de gala in\u00e9dit r\u00e9unissant &hellip;<\/p>\n","protected":false},"author":1,"featured_media":0,"comment_status":"closed","ping_status":"closed","sticky":false,"template":"","format":"standard","meta":[],"categories":[2],"tags":[22],"_links":{"self":[{"href":"https:\/\/uk.ambagn.staging.e-kaidi.net\/index.php?rest_route=\/wp\/v2\/posts\/82072"}],"collection":[{"href":"https:\/\/uk.ambagn.staging.e-kaidi.net\/index.php?rest_route=\/wp\/v2\/posts"}],"about":[{"href":"https:\/\/uk.ambagn.staging.e-kaidi.net\/index.php?rest_route=\/wp\/v2\/types\/post"}],"author":[{"embeddable":true,"href":"https:\/\/uk.ambagn.staging.e-kaidi.net\/index.php?rest_route=\/wp\/v2\/users\/1"}],"replies":[{"embeddable":true,"href":"https:\/\/uk.ambagn.staging.e-kaidi.net\/index.php?rest_route=%2Fwp%2Fv2%2Fcomments&post=82072"}],"version-history":[{"count":0,"href":"https:\/\/uk.ambagn.staging.e-kaidi.net\/index.php?rest_route=\/wp\/v2\/posts\/82072\/revisions"}],"wp:attachment":[{"href":"https:\/\/uk.ambagn.staging.e-kaidi.net\/index.php?rest_route=%2Fwp%2Fv2%2Fmedia&parent=82072"}],"wp:term":[{"taxonomy":"category","embeddable":true,"href":"https:\/\/uk.ambagn.staging.e-kaidi.net\/index.php?rest_route=%2Fwp%2Fv2%2Fcategories&post=82072"},{"taxonomy":"post_tag","embeddable":true,"href":"https:\/\/uk.ambagn.staging.e-kaidi.net\/index.php?rest_route=%2Fwp%2Fv2%2Ftags&post=82072"}],"curies":[{"name":"wp","href":"https:\/\/api.w.org\/{rel}","templated":true}]}}