{"id":82071,"date":"2025-06-16T03:34:22","date_gmt":"2025-06-16T01:34:22","guid":{"rendered":"https:\/\/uk.ambagn.staging.e-kaidi.net\/?p=82071"},"modified":"2025-06-16T03:34:22","modified_gmt":"2025-06-16T01:34:22","slug":"dar-es-salam-dans-la-rue-les-riverains-plaident-pour-une-delocalisation-de-la-decharge","status":"publish","type":"post","link":"https:\/\/uk.ambagn.staging.e-kaidi.net\/?p=82071","title":{"rendered":"Dar es Salam : dans la rue, les riverains plaident pour une d\u00e9localisation de la d\u00e9charge"},"content":{"rendered":"<div>\n<div style=\"margin-bottom:20px;\"><img width=\"956\" height=\"540\"src=\"https:\/\/i0.wp.com\/www.guinee7.com\/wp-content\/uploads\/2025\/06\/IMG-20250615-WA0000.jpg?w=956&amp;ssl=1\" class=\"attachment-post-thumbnail size-post-thumbnail wp-post-image\" alt=\"\" decoding=\"async\" loading=\"lazy\" srcset=\"https:\/\/i0.wp.com\/www.guinee7.com\/wp-content\/uploads\/2025\/06\/IMG-20250615-WA0000.jpg?w=956&amp;ssl=1 956w, https:\/\/i0.wp.com\/www.guinee7.com\/wp-content\/uploads\/2025\/06\/IMG-20250615-WA0000.jpg?resize=300%2C169&amp;ssl=1 300w, https:\/\/i0.wp.com\/www.guinee7.com\/wp-content\/uploads\/2025\/06\/IMG-20250615-WA0000.jpg?resize=768%2C434&amp;ssl=1 768w\" sizes=\"auto, (max-width: 956px) 100vw, 956px\"><\/div>\n<p><span style=\"font-size: 20px;\">Munis de pancartes, des jeunes ont march\u00e9 ce dimanche dans les rues de Dar-Es-Salam. Ils ont scand\u00e9 des slogans tels que \u00ab On ne veut pas l\u2019argent, Dar-Es-Salam m\u00e9rite de l\u2019air pur \u00bb, exprimant ainsi leur ras-le-bol dans le calme, mais avec d\u00e9termination.<\/span><\/p>\n<p><span style=\"font-size: 20px;\">Loin de toute posture de confrontation, les jeunes de ce quartier populeux de Conakry, par la voix de Mouctar Bah, tiennent \u00e0 clarifier leur position : \u00ab Excellence Monsieur le Pr\u00e9sident de la R\u00e9publique, Mesdames et Messieurs, la jeunesse de Dar-Es-Salam ne veut pas d\u00e9fier, elle veut participer. Elle est pr\u00eate \u00e0 s\u2019impliquer, \u00e0 sensibiliser, \u00e0 agir pour une Guin\u00e9e plus propre. \u00bb<\/span><\/p>\n<p><span style=\"font-size: 20px;\">Conscients que le d\u00e9veloppement durable passe par la responsabilit\u00e9 partag\u00e9e, ces jeunes se disent pr\u00eats \u00e0 accompagner les autorit\u00e9s dans toute initiative allant dans le sens de l\u2019assainissement et de la protection de l\u2019environnement. Mais ils tiennent \u00e0 la d\u00e9localisation de la d\u00e9charge. \u00ab Monsieur le Pr\u00e9sident, Car nous croyons en votre volont\u00e9 de prot\u00e9ger chaque citoyen. C\u2019est pourquoi nous demandons, humblement, la fermeture et la d\u00e9localisation progressive et encadr\u00e9e de la d\u00e9charge de Dar-Es-Salam, la mise en place d\u2019un syst\u00e8me durable de traitement des d\u00e9chets, l\u2019ouverture des centres de traitement modernes des d\u00e9chets dans des zones appropri\u00e9es et une mobilisation nationale pour un environnement sain. \u00bb<\/span><\/p>\n<p><span style=\"font-size: 20px;\">Ils tiennent cette d\u00e9charge responsable de tous leurs soucis : \u00ab Nous, les populations riveraines, vivons sous la menace permanente de glissements d\u2019ordures, de maladies telles que le chol\u00e9ra, les infections respiratoires, les dermatoses, voire m\u00eame des pathologies plus graves li\u00e9es \u00e0 la pollution de l\u2019air et de l\u2019eau. Ce sont nos s\u0153urs, nos fr\u00e8res, nos enfants. Mais ce sont surtout des fils de la Nation. Ne dit-on pas que tant qu\u2019il y a la vie, il y a l\u2019espoir ? Mais vous conviendrez avec moi que, sans la sant\u00e9, la vie elle-m\u00eame n\u2019est rien. \u00bb <\/span><\/p>\n<p><strong><span style=\"font-size: 20px;\">Abdoul Lory Sylla pour guinee7.com<\/span><\/strong><!--\/data\/user\/0\/com.samsung.android.app.notes\/files\/clipdata\/clipdata_bodytext_250615_115519_596.sdocx--><\/p>\n<\/div>\n","protected":false},"excerpt":{"rendered":"<p>Munis de pancartes, des jeunes ont march\u00e9 ce dimanche dans les rues de Dar-Es-Salam. Ils ont scand\u00e9 des slogans tels que \u00ab On ne veut pas l\u2019argent, Dar-Es-Salam m\u00e9rite de l\u2019air pur \u00bb, exprimant ainsi leur ras-le-bol dans le calme, mais avec d\u00e9termination. Loin de toute posture de confrontation, les jeunes de ce quartier populeux &hellip;<\/p>\n","protected":false},"author":1,"featured_media":0,"comment_status":"closed","ping_status":"closed","sticky":false,"template":"","format":"standard","meta":[],"categories":[2],"tags":[22],"_links":{"self":[{"href":"https:\/\/uk.ambagn.staging.e-kaidi.net\/index.php?rest_route=\/wp\/v2\/posts\/82071"}],"collection":[{"href":"https:\/\/uk.ambagn.staging.e-kaidi.net\/index.php?rest_route=\/wp\/v2\/posts"}],"about":[{"href":"https:\/\/uk.ambagn.staging.e-kaidi.net\/index.php?rest_route=\/wp\/v2\/types\/post"}],"author":[{"embeddable":true,"href":"https:\/\/uk.ambagn.staging.e-kaidi.net\/index.php?rest_route=\/wp\/v2\/users\/1"}],"replies":[{"embeddable":true,"href":"https:\/\/uk.ambagn.staging.e-kaidi.net\/index.php?rest_route=%2Fwp%2Fv2%2Fcomments&post=82071"}],"version-history":[{"count":0,"href":"https:\/\/uk.ambagn.staging.e-kaidi.net\/index.php?rest_route=\/wp\/v2\/posts\/82071\/revisions"}],"wp:attachment":[{"href":"https:\/\/uk.ambagn.staging.e-kaidi.net\/index.php?rest_route=%2Fwp%2Fv2%2Fmedia&parent=82071"}],"wp:term":[{"taxonomy":"category","embeddable":true,"href":"https:\/\/uk.ambagn.staging.e-kaidi.net\/index.php?rest_route=%2Fwp%2Fv2%2Fcategories&post=82071"},{"taxonomy":"post_tag","embeddable":true,"href":"https:\/\/uk.ambagn.staging.e-kaidi.net\/index.php?rest_route=%2Fwp%2Fv2%2Ftags&post=82071"}],"curies":[{"name":"wp","href":"https:\/\/api.w.org\/{rel}","templated":true}]}}