{"id":81269,"date":"2025-05-20T23:15:48","date_gmt":"2025-05-20T21:15:48","guid":{"rendered":"https:\/\/uk.ambagn.staging.e-kaidi.net\/?p=81269"},"modified":"2025-05-20T23:15:48","modified_gmt":"2025-05-20T21:15:48","slug":"conakry-des-journalistes-a-lecole-du-numerique","status":"publish","type":"post","link":"https:\/\/uk.ambagn.staging.e-kaidi.net\/?p=81269","title":{"rendered":"Conakry : des journalistes \u00e0 l\u2019\u00e9cole du num\u00e9rique"},"content":{"rendered":"<div>\n<div style=\"margin-bottom:20px;\"><img width=\"1008\" height=\"567\"src=\"https:\/\/i0.wp.com\/www.guinee7.com\/wp-content\/uploads\/2025\/05\/IMG-20250520-WA0029.jpg?w=1008&amp;ssl=1\" class=\"attachment-post-thumbnail size-post-thumbnail wp-post-image\" alt=\"\" decoding=\"async\" srcset=\"https:\/\/i0.wp.com\/www.guinee7.com\/wp-content\/uploads\/2025\/05\/IMG-20250520-WA0029.jpg?w=1008&amp;ssl=1 1008w, https:\/\/i0.wp.com\/www.guinee7.com\/wp-content\/uploads\/2025\/05\/IMG-20250520-WA0029.jpg?resize=300%2C169&amp;ssl=1 300w, https:\/\/i0.wp.com\/www.guinee7.com\/wp-content\/uploads\/2025\/05\/IMG-20250520-WA0029.jpg?resize=768%2C432&amp;ssl=1 768w\" sizes=\"(max-width: 1008px) 100vw, 1008px\"><\/div>\n<p><span style=\"font-size: 20px;\">Initi\u00e9 par le Centre europ\u00e9en d\u2019\u00e9tudes des processus d\u00e9mocratiques (ECES), dans le cadre du projet d\u2019appui au renforcement de la d\u00e9mocratie (PARD), une s\u00e9rie de formations destin\u00e9e aux journalistes a d\u00e9but\u00e9 ce mardi 20 mai \u00e0 Conakry. Pour la journ\u00e9e de lancement, pas moins de 80 journalistes ont \u00e9t\u00e9 outill\u00e9s \u00e0 la maison de la presse sise \u00e0 la mini\u00e8re. <\/span><\/p>\n<p><span style=\"font-size: 20px;\">Des experts internationaux ont \u00e9t\u00e9 mobilis\u00e9s pour animer ces ateliers, \u00e9labor\u00e9s \u00e0 partir des attentes exprim\u00e9es par les journalistes eux-m\u00eames. \u00ab Les modules propos\u00e9s porteront \u00e0 la fois sur des th\u00e9matiques classiques et \u00e9mergentes, notamment le webjournalisme et le multim\u00e9dia \u00bb, a indiqu\u00e9 Tomaso Capriogli, coordinateur du projet. Pour lui, il est essentiel que les professionnels de la presse s\u2019adaptent aux mutations technologiques qui red\u00e9finissent en profondeur les m\u00e9tiers de l\u2019information.<\/span><\/p>\n<p><span style=\"font-size: 20px;\">Cette s\u00e9rie de formations s\u2019inscrit dans une d\u00e9marche nationale plus large : d\u2019autres sessions similaires seront d\u00e9ploy\u00e9es dans les r\u00e9gions jusqu\u2019\u00e0 la fin du mois de juillet. L\u2019objectif affich\u00e9 est ambitieux : toucher entre 400 et 500 journalistes sur l\u2019ensemble du territoire, avec une capacit\u00e9 d\u2019accueil quotidienne variant entre 80 et 100 participants.<\/span><\/p>\n<p><span style=\"font-size: 20px;\">Dans son intervention, Tomaso Capriogli a mis en lumi\u00e8re le r\u00f4le d\u00e9terminant des m\u00e9dias lors des \u00e9ch\u00e9ances \u00e9lectorales pass\u00e9es, notamment en 2010, 2013 et 2018. Il a ainsi appel\u00e9 les journalistes \u00e0 entretenir cette dynamique collaborative en perspective du r\u00e9f\u00e9rendum constitutionnel pr\u00e9vu pour le 21 septembre. \u00ab La synergie des m\u00e9dias \u00bb demeure, selon lui, un levier essentiel pour une couverture responsable et cr\u00e9dible.<\/span><\/p>\n<p><span style=\"font-size: 20px;\">Hassane Kaba, directeur g\u00e9n\u00e9ral de la Maison de la presse, a exprim\u00e9 sa satisfaction face \u00e0 cette nouvelle opportunit\u00e9 offerte aux acteurs du secteur. Il a soulign\u00e9 que cette initiative compl\u00e8te d\u2019autres actions r\u00e9centes du projet PARD, telles que l\u2019\u00e9quipement informatique de la structure. \u00ab Nous invitons les journalistes, en particulier les jeunes confr\u00e8res, \u00e0 tirer pleinement profit de cette opportunit\u00e9 pour actualiser leurs comp\u00e9tences. Les experts mobilis\u00e9s sont \u00e0 m\u00eame de r\u00e9pondre \u00e0 vos attentes, surtout en cette p\u00e9riode de transition \u00bb, a-t-il affirm\u00e9.<\/span><\/p>\n<p><strong><span style=\"font-size: 20px;\">Abdoul Lory Sylla pour guinee7.com<\/span><\/strong><!--\/data\/user\/0\/com.samsung.android.app.notes\/files\/clipdata\/clipdata_bodytext_250520_210307_890.sdocx--><\/p>\n<\/div>\n","protected":false},"excerpt":{"rendered":"<p>Initi\u00e9 par le Centre europ\u00e9en d\u2019\u00e9tudes des processus d\u00e9mocratiques (ECES), dans le cadre du projet d\u2019appui au renforcement de la d\u00e9mocratie (PARD), une s\u00e9rie de formations destin\u00e9e aux journalistes a d\u00e9but\u00e9 ce mardi 20 mai \u00e0 Conakry. Pour la journ\u00e9e de lancement, pas moins de 80 journalistes ont \u00e9t\u00e9 outill\u00e9s \u00e0 la maison de la &hellip;<\/p>\n","protected":false},"author":1,"featured_media":0,"comment_status":"closed","ping_status":"closed","sticky":false,"template":"","format":"standard","meta":[],"categories":[2],"tags":[22],"_links":{"self":[{"href":"https:\/\/uk.ambagn.staging.e-kaidi.net\/index.php?rest_route=\/wp\/v2\/posts\/81269"}],"collection":[{"href":"https:\/\/uk.ambagn.staging.e-kaidi.net\/index.php?rest_route=\/wp\/v2\/posts"}],"about":[{"href":"https:\/\/uk.ambagn.staging.e-kaidi.net\/index.php?rest_route=\/wp\/v2\/types\/post"}],"author":[{"embeddable":true,"href":"https:\/\/uk.ambagn.staging.e-kaidi.net\/index.php?rest_route=\/wp\/v2\/users\/1"}],"replies":[{"embeddable":true,"href":"https:\/\/uk.ambagn.staging.e-kaidi.net\/index.php?rest_route=%2Fwp%2Fv2%2Fcomments&post=81269"}],"version-history":[{"count":0,"href":"https:\/\/uk.ambagn.staging.e-kaidi.net\/index.php?rest_route=\/wp\/v2\/posts\/81269\/revisions"}],"wp:attachment":[{"href":"https:\/\/uk.ambagn.staging.e-kaidi.net\/index.php?rest_route=%2Fwp%2Fv2%2Fmedia&parent=81269"}],"wp:term":[{"taxonomy":"category","embeddable":true,"href":"https:\/\/uk.ambagn.staging.e-kaidi.net\/index.php?rest_route=%2Fwp%2Fv2%2Fcategories&post=81269"},{"taxonomy":"post_tag","embeddable":true,"href":"https:\/\/uk.ambagn.staging.e-kaidi.net\/index.php?rest_route=%2Fwp%2Fv2%2Ftags&post=81269"}],"curies":[{"name":"wp","href":"https:\/\/api.w.org\/{rel}","templated":true}]}}