{"id":81266,"date":"2025-05-20T23:15:46","date_gmt":"2025-05-20T21:15:46","guid":{"rendered":"https:\/\/uk.ambagn.staging.e-kaidi.net\/?p=81266"},"modified":"2025-05-20T23:15:46","modified_gmt":"2025-05-20T21:15:46","slug":"incendie-au-marche-de-kankan-lheure-de-verite-pour-la-securite-incendie-en-guinee","status":"publish","type":"post","link":"https:\/\/uk.ambagn.staging.e-kaidi.net\/?p=81266","title":{"rendered":"Incendie au march\u00e9 de Kankan : l\u2019heure de v\u00e9rit\u00e9 pour la s\u00e9curit\u00e9 incendie en Guin\u00e9e !"},"content":{"rendered":"<div>\n<div style=\"margin-bottom:20px;\"><img width=\"810\" height=\"923\"src=\"https:\/\/i0.wp.com\/www.guinee7.com\/wp-content\/uploads\/2025\/03\/Mohamed-Kouyate.jpeg?w=810&amp;ssl=1\" class=\"attachment-post-thumbnail size-post-thumbnail wp-post-image\" alt=\"\" decoding=\"async\" loading=\"lazy\" srcset=\"https:\/\/i0.wp.com\/www.guinee7.com\/wp-content\/uploads\/2025\/03\/Mohamed-Kouyate.jpeg?w=810&amp;ssl=1 810w, https:\/\/i0.wp.com\/www.guinee7.com\/wp-content\/uploads\/2025\/03\/Mohamed-Kouyate.jpeg?resize=263%2C300&amp;ssl=1 263w, https:\/\/i0.wp.com\/www.guinee7.com\/wp-content\/uploads\/2025\/03\/Mohamed-Kouyate.jpeg?resize=768%2C875&amp;ssl=1 768w\" sizes=\"auto, (max-width: 810px) 100vw, 810px\"><\/div>\n<p><span style=\"font-size: 20px;\">Le 19 mai 2025, un incendie s\u2019est d\u00e9clar\u00e9 au c\u0153ur du march\u00e9 de Kankan, derri\u00e8re l\u2019h\u00f4tel Bat\u00e8. Des dizaines de boutiques consum\u00e9es, des vies de commer\u00e7ants r\u00e9duites en cendres, et une sc\u00e8ne tristement famili\u00e8re aucun extincteur, aucune alarme, aucun plan d\u2019\u00e9vacuation. Le drame a dur\u00e9 des heures, aggrav\u00e9 par l\u2019absence totale de moyens de premi\u00e8re intervention.<\/span><\/p>\n<p><span style=\"font-size: 20px;\">Cet \u00e9v\u00e9nement, au-del\u00e0 de son \u00e9motion imm\u00e9diate, pose une question cruciale: que faisons-nous r\u00e9ellement pour prot\u00e9ger nos march\u00e9s, nos \u00e9coles, nos h\u00f4pitaux ? Combien de trag\u00e9dies faudra-t-il encore pour comprendre que la pr\u00e9vention incendie doit devenir une priorit\u00e9 nationale?<\/span><\/p>\n<p><span style=\"font-size: 20px;\">Kankan n\u2019est pas un cas isol\u00e9: une liste noire qui s\u2019allonge<\/span><\/p>\n<p><span style=\"font-size: 20px;\">Depuis 2021, la Guin\u00e9e est secou\u00e9e par une s\u00e9rie de sinistres majeurs:<\/span><\/p>\n<p><span style=\"font-size: 20px;\">March\u00e9 de Madina (f\u00e9vrier 2021): plus de 1 500 boutiques ravag\u00e9es:<\/span><\/p>\n<p><span style=\"font-size: 20px;\">H\u00f4pital Ignace Deen (ao\u00fbt 2022): service n\u00e9onatal sinistr\u0117:<\/span><\/p>\n<p><span style=\"font-size: 20px;\">March\u00e9 de Koloma (juin 2023): destruction de dizaines de stands;<\/span><\/p>\n<p><span style=\"font-size: 20px;\">March\u00e9 de Kankan (mai 2025): encore des pertes lourdes.<\/span><\/p>\n<p><span style=\"font-size: 20px;\">Sans compter les incendies dans des \u00e9coles de Kindia, Fria ou Conakry, souvent pass\u00e9s sous silence, mais tout aussi r\u00e9v\u00e9lateurs de notre vuln\u00e9rabilit\u00e9 structurelle.<\/span><\/p>\n<p><span style=\"font-size: 20px;\">Un syst\u00e8me inflammable, sans bouclier r\u00e9glementaire<\/span><\/p>\n<p><span style=\"font-size: 20px;\">Le march\u00e9 de Kankan, comme tant d\u2019autres, illustre un triptyque \u00e0 haut risque:<\/span><\/p>\n<p><span style=\"font-size: 20px;\">1. Installations \u00e9lectriques anarchiques;<\/span><\/p>\n<p><span style=\"font-size: 20px;\">2. Accumulation de mat\u00e9riaux inflammables;<\/span><\/p>\n<p><span style=\"font-size: 20px;\">3. Aucune voie d\u2019\u00e9vacuation ou de plan de secours connu.<\/span><\/p>\n<p><span style=\"font-size: 20px;\">Selon la Direction G\u00e9n\u00e9rale de la Protection Civile, en 2022:<\/span><\/p>\n<p><span style=\"font-size: 20px;\">-85% des march\u00e9s urbains ne disposent d\u2019aucun syst\u00e8me d\u2019alerte incendie;<\/span><\/p>\n<p><span style=\"font-size: 20px;\">\u2013 72% des \u00e9coles publiques sont dans la m\u00eame situation.<\/span><\/p>\n<p><span style=\"font-size: 20px;\">Et pourtant, aucune norme nationale n\u2019oblige aujourd\u2019hui les \u00e9tablissements recevant du public (ERP) \u00e0 se conformer \u00e0 des standards minimaux de s\u00e9curit\u00e9.<\/span><\/p>\n<p><span style=\"font-size: 20px;\">Ce qu\u2019il faut faire, maintenant \u2013 pas demain<\/span><\/p>\n<p><span style=\"font-size: 20px;\">Si le drame de Kankan doit servir \u00e0 quelque chose, c\u2019est d\u2019\u00e9veiller enfin les consciences et de provoquer une mobilisation d\u2019envergure autour d\u2019un plan national de s\u00e9curit\u00e9 incendie<\/span><\/p>\n<p><span style=\"font-size: 20px;\">Audits de s\u00e9curit\u00e9 obligatoires dans tous les march\u00e9s, h\u00f4pitaux, \u00e9coles d\u2019ici fin 2025;<\/span><\/p>\n<p><span style=\"font-size: 20px;\">Adoption rapide d\u2019un r\u00e9f\u00e9rentiel national pour les ERP, align\u00e9 sur les bonnes pratiques africaines;<\/span><\/p>\n<p><span style=\"font-size: 20px;\">Formation massive: 100 000 personnes form\u00e9es d\u2019ici 2026 aux gestes essentiels (utilisation d\u2019extincteurs, \u00e9vacuation, alerte);<\/span><\/p>\n<p><span style=\"font-size: 20px;\">Inspections techniques r\u00e9guli\u00e8res, confi\u00e9es \u00e0 des entit\u00e9s ind\u00e9pendantes et qualifi\u00e9es.<\/span><\/p>\n<p><span style=\"font-size: 20px;\">Co\u00fbt estim\u00e9 ? Bien inf\u00e9rieur aux pertes d\u00e9j\u00e0 subies. Le Maroc et le S\u00e9n\u00e9gal ont montr\u00e9 que c\u2019est faisable. Il suffit d\u2019en faire une priorit\u00e9.<\/span><\/p>\n<p><span style=\"font-size: 20px;\">Kankan doit \u00eatre un tournant, pas une fatalit\u00e9 de plus<\/span><\/p>\n<p><span style=\"font-size: 20px;\">Chaque march\u00e9 br\u00fbl\u00e9 affaiblit l\u2019\u00e9conomie locale. Chaque h\u00f4pital menac\u00e9 fragilise notre syst\u00e8me de sant\u00e9. Chaque \u00e9cole sinistr\u00e9e compromet l\u2019avenir de nos enfants. Kankan doit marquer un tournant. La Guin\u00e9e ne peut plus continuer \u00e0 \u00ab\u00a0constater apr\u00e8s elle doit anticiper, \u00e9quiper, r\u00e9glementer, et former. Ce n\u2019est pas une d\u00e9pense: c\u2019est un investissement vital.<\/span><\/p>\n<p><span style=\"font-size: 20px;\">Kankan ne doit pas \u00eatre une \u00e9ni\u00e8me catastrophe oubli\u00e9e. Nous ne pouvons plus attendre que chaque ville connaisse sa trag\u00e9die pour r\u00e9agir. Pr\u00e9venir l\u2019incendie, c\u2019est prot\u00e9ger nos vies, nos emplois, nos \u00e9quipements publics. C\u2019est prot\u00e9ger notre avenir collectif.<\/span><\/p>\n<p><span style=\"font-size: 20px;\">Il est temps de faire de la protection incendie une priorit\u00e9 nationale, au croisement des politiques d\u2019\u00e9ducation, de sant\u00e9, d\u2019\u00e9conomie et d\u2019am\u00e9nagement urbain.<\/span><\/p>\n<p><strong><span style=\"font-size: 20px;\">Par Mohamed KOUYATE, expert en S\u00e9curit\u00e9 incendie, sp\u00e9cialiste en Changements Institutionnels, Risques et Vuln\u00e9rabilit\u00e9 Sociale<\/span><\/strong><!--\/data\/user\/0\/com.samsung.android.app.notes\/files\/clipdata\/clipdata_bodytext_250520_133934_035.sdocx--><\/p>\n<\/div>\n","protected":false},"excerpt":{"rendered":"<p>Le 19 mai 2025, un incendie s\u2019est d\u00e9clar\u00e9 au c\u0153ur du march\u00e9 de Kankan, derri\u00e8re l\u2019h\u00f4tel Bat\u00e8. Des dizaines de boutiques consum\u00e9es, des vies de commer\u00e7ants r\u00e9duites en cendres, et une sc\u00e8ne tristement famili\u00e8re aucun extincteur, aucune alarme, aucun plan d\u2019\u00e9vacuation. Le drame a dur\u00e9 des heures, aggrav\u00e9 par l\u2019absence totale de moyens de premi\u00e8re &hellip;<\/p>\n","protected":false},"author":1,"featured_media":0,"comment_status":"closed","ping_status":"closed","sticky":false,"template":"","format":"standard","meta":[],"categories":[2],"tags":[22],"_links":{"self":[{"href":"https:\/\/uk.ambagn.staging.e-kaidi.net\/index.php?rest_route=\/wp\/v2\/posts\/81266"}],"collection":[{"href":"https:\/\/uk.ambagn.staging.e-kaidi.net\/index.php?rest_route=\/wp\/v2\/posts"}],"about":[{"href":"https:\/\/uk.ambagn.staging.e-kaidi.net\/index.php?rest_route=\/wp\/v2\/types\/post"}],"author":[{"embeddable":true,"href":"https:\/\/uk.ambagn.staging.e-kaidi.net\/index.php?rest_route=\/wp\/v2\/users\/1"}],"replies":[{"embeddable":true,"href":"https:\/\/uk.ambagn.staging.e-kaidi.net\/index.php?rest_route=%2Fwp%2Fv2%2Fcomments&post=81266"}],"version-history":[{"count":0,"href":"https:\/\/uk.ambagn.staging.e-kaidi.net\/index.php?rest_route=\/wp\/v2\/posts\/81266\/revisions"}],"wp:attachment":[{"href":"https:\/\/uk.ambagn.staging.e-kaidi.net\/index.php?rest_route=%2Fwp%2Fv2%2Fmedia&parent=81266"}],"wp:term":[{"taxonomy":"category","embeddable":true,"href":"https:\/\/uk.ambagn.staging.e-kaidi.net\/index.php?rest_route=%2Fwp%2Fv2%2Fcategories&post=81266"},{"taxonomy":"post_tag","embeddable":true,"href":"https:\/\/uk.ambagn.staging.e-kaidi.net\/index.php?rest_route=%2Fwp%2Fv2%2Ftags&post=81266"}],"curies":[{"name":"wp","href":"https:\/\/api.w.org\/{rel}","templated":true}]}}