{"id":81232,"date":"2025-05-20T08:51:04","date_gmt":"2025-05-20T06:51:04","guid":{"rendered":"https:\/\/uk.ambagn.staging.e-kaidi.net\/?p=81232"},"modified":"2025-05-20T08:51:04","modified_gmt":"2025-05-20T06:51:04","slug":"conakry-lavenir-de-la-presse-guineenne-au-coeur-dun-forum","status":"publish","type":"post","link":"https:\/\/uk.ambagn.staging.e-kaidi.net\/?p=81232","title":{"rendered":"Conakry : l\u2019avenir de la presse guin\u00e9enne au c\u0153ur d\u2019un forum"},"content":{"rendered":"<div>\n<div style=\"margin-bottom:20px;\"><img width=\"1080\" height=\"473\"src=\"https:\/\/i0.wp.com\/www.guinee7.com\/wp-content\/uploads\/2025\/05\/IMG-20250519-WA0032.jpg?w=1080&amp;ssl=1\" class=\"attachment-post-thumbnail size-post-thumbnail wp-post-image\" alt=\"\" decoding=\"async\" srcset=\"https:\/\/i0.wp.com\/www.guinee7.com\/wp-content\/uploads\/2025\/05\/IMG-20250519-WA0032.jpg?w=1080&amp;ssl=1 1080w, https:\/\/i0.wp.com\/www.guinee7.com\/wp-content\/uploads\/2025\/05\/IMG-20250519-WA0032.jpg?resize=300%2C131&amp;ssl=1 300w, https:\/\/i0.wp.com\/www.guinee7.com\/wp-content\/uploads\/2025\/05\/IMG-20250519-WA0032.jpg?resize=1024%2C448&amp;ssl=1 1024w, https:\/\/i0.wp.com\/www.guinee7.com\/wp-content\/uploads\/2025\/05\/IMG-20250519-WA0032.jpg?resize=768%2C336&amp;ssl=1 768w\" sizes=\"(max-width: 1080px) 100vw, 1080px\"><\/div>\n<p><span style=\"font-size: 20px;\">L\u2019avenir du paysage m\u00e9diatique guin\u00e9en est au centre des discussions depuis ce lundi \u00e0 Conakry, \u00e0 l\u2019occasion d\u2019un forum organis\u00e9 par la Haute Autorit\u00e9 de la communication (HAC). L\u2019\u00e9v\u00e9nement r\u00e9unit dans un complexe h\u00f4telier de la place des personnalit\u00e9s de haut niveau, parmi lesquelles des membres du CNRD, du gouvernement dirig\u00e9 par le Premier ministre Amadou Oury Bah, du pr\u00e9sident du CNT, Dansa Kourouma, ainsi que des ambassadeurs et des responsables des instances de r\u00e9gulation de la communication venus du Maroc, de C\u00f4te d\u2019Ivoire, du Mali et du S\u00e9n\u00e9gal.<\/span><br \/><span style=\"font-size: 20px;\">Pr\u00e9vu jusqu\u2019\u00e0 mercredi, ce forum vise \u00e0 \u00e9tablir un diagnostic de la presse guin\u00e9enne et \u00e0 r\u00e9fl\u00e9chir aux conditions propices \u00e0 son \u00e9panouissement dans le contexte actuel du pays.<\/span><\/p>\n<p><span style=\"font-size: 20px;\">Dans son discours inaugural, Boubacar Yacine Diallo, pr\u00e9sident de la HAC, a d\u00e9nonc\u00e9 certaines pratiques qui gangr\u00e8nent la profession : \u00ab Nous avons initi\u00e9, mes coll\u00e8gues et moi, ce forum pour \u00e9voquer les sujets concernant l\u2019exercice de la profession. Une profession qui a \u00e9t\u00e9 infiltr\u00e9e, n\u2019ayons pas peur des mots, par des individus \u00e0 la recherche du gain facile, parfois dans la malhonn\u00eatet\u00e9. Et je suis au regret de faire ce constat devant les journalistes qui sont en face de moi et que je respecte. \u00bb<\/span><\/p>\n<p><span style=\"font-size: 20px;\">Il a, \u00e0 cet effet, lanc\u00e9 un appel aux professionnels des m\u00e9dias pour un assainissement du secteur : \u00ab Je voudrais donc m\u2019adresser \u00e0 vous, journalistes professionnels avis\u00e9s, je voudrais vous demander de sortir de nos rangs ces individus malveillants qui sont venus int\u00e9grer la corruption dans nos rangs alors qu\u2019ils pr\u00e9tendent d\u00e9noncer cette corruption.\u00a0Ce sont les premiers corrompus. Nous devons les sortir de nos rangs. Nous avons, nous devons assainir nos rangs pour nous faire respecter, pour nous faire \u00e9couter, pour nous faire entendre. \u00bb<\/span><\/p>\n<p><span style=\"font-size: 20px;\">Selon lui, ce n\u2019est qu\u2019en assainissant le secteur, en cr\u00e9ant des entreprises de presse solides et en exer\u00e7ant la profession avec responsabilit\u00e9 que les autorit\u00e9s pourront apporter leur soutien : \u00ab Des entreprises de presse sont r\u00e9guli\u00e8rement \u00e9tablies, si des journalistes exercent en toute responsabilit\u00e9 leur profession \u00bb, a-t-il pr\u00e9cis\u00e9. Il a aussi annonc\u00e9 les grands axes de r\u00e9flexion du forum : \u00ab La convention collective, parce qu\u2019un journaliste mal r\u00e9mun\u00e9r\u00e9 est un journaliste expos\u00e9. Ensuite, si les journalistes et le syndicat parviennent \u00e0 un texte consensuel pour donc faire faire la convention collective, je suis convaincu que les journalistes seront \u00e0 l\u2019abri, et en m\u00eame temps, il faudra cr\u00e9er l\u2019organe d\u2019autor\u00e9gulation, pour que le tribunal des pairs s\u2019exerce librement ; il ne s\u2019agit pas simplement de cr\u00e9er cet organe de r\u00e9gulation. Il faut mettre \u00e0 sa t\u00eate des journalistes irr\u00e9prochables dans lesquels tous les journalistes se reconna\u00eetront et reconna\u00eetront le jugement des pairs. Enfin, je voudrais esp\u00e9rer mercredi. Nous fixerons les m\u00e9canismes d\u2019autor\u00e9gulation et de r\u00e9gulation, et j\u2019esp\u00e8re\u2026<\/span><span style=\"font-size: 20px;\">\u00bb<\/span><\/p>\n<p><span style=\"font-size: 20px;\">Le pr\u00e9sident du Conseil national de la transition (CNT), Dansa Kourouma, s\u2019est, pour sa part, r\u00e9joui de la pertinence des th\u00e9matiques retenues. Il a exprim\u00e9 l\u2019engagement de son institution : \u00ab dans le cadre de la vulgarisation de la constitution, \u00e0 \u0153uvrer avec les m\u00e9dias pour qu\u2019un d\u00e9bat inclusif, apais\u00e9 et p\u00e9dagogique soit men\u00e9 dans toutes les r\u00e9gions et pr\u00e9fectures et les missions diplomatiques \u00e0 l\u2019ext\u00e9rieur \u00bb, r\u00e9affirmant \u00e9galement son soutien \u00e0 la HAC : \u00ab toute dynamique de r\u00e9formes juridiques pertinentes qui nous sera soumise par votre institution. \u00bb<\/span><\/p>\n<p><img data-recalc-dims=\"1\" decoding=\"async\" class=\"alignnone wp-image-118456 size-full\"src=\"https:\/\/i0.wp.com\/www.guinee7.com\/wp-content\/uploads\/2025\/05\/IMG-20250519-WA0030.jpg?w=1080&amp;ssl=1\" alt=\"\" width=\"1080\" height=\"457\" srcset=\"https:\/\/i0.wp.com\/www.guinee7.com\/wp-content\/uploads\/2025\/05\/IMG-20250519-WA0030.jpg?w=1080&amp;ssl=1 1080w, https:\/\/i0.wp.com\/www.guinee7.com\/wp-content\/uploads\/2025\/05\/IMG-20250519-WA0030.jpg?resize=300%2C127&amp;ssl=1 300w, https:\/\/i0.wp.com\/www.guinee7.com\/wp-content\/uploads\/2025\/05\/IMG-20250519-WA0030.jpg?resize=1024%2C433&amp;ssl=1 1024w, https:\/\/i0.wp.com\/www.guinee7.com\/wp-content\/uploads\/2025\/05\/IMG-20250519-WA0030.jpg?resize=768%2C325&amp;ssl=1 768w\" sizes=\"(max-width: 1080px) 100vw, 1080px\"><br \/><span style=\"font-size: 20px;\">De son c\u00f4t\u00e9, le Premier ministre Amadou Oury Bah a \u00e9voqu\u00e9 les tensions pass\u00e9es entre la presse et les autorit\u00e9s, tout en saluant les avanc\u00e9es : \u00ab Pratiquement, \u00e7a fait un an jour pour jour que nous avons divorc\u00e9. Mais je me r\u00e9jouis aujourd\u2019hui que les torts ont \u00e9t\u00e9 justement r\u00e9tablis. Le temps permet parfois de r\u00e9gler beaucoup de conflits, donc des fois, ce n\u2019est pas \u00e0 chaud qu\u2019on peut r\u00e9gler des probl\u00e8mes. Faut laisser le temps au temps. Le temps a permis de d\u00e9samorcer les sujets et cela a permis de faire en sorte que progressivement l\u2019esquisse et l\u2019\u00e9mergence d\u2019une forme nouvelle de la pratique de la presse en R\u00e9publique de Guin\u00e9e puissent \u00e9merger. \u00bb<\/span><\/p>\n<p><span style=\"font-size: 20px;\">Et de poursuivre : \u00ab Le temps de la raison est venu. D\u2019o\u00f9 la n\u00e9cessit\u00e9 d\u2019utiliser ces trois journ\u00e9es pour aller en profondeur dans le cadre d\u2019une introspection, pour faire \u00e9merger une dynamique qui ne soit pas des dynamiques administratives, mais des dynamiques souhait\u00e9es et voulues par les acteurs de la presse de mani\u00e8re g\u00e9n\u00e9rale pour eux et par eux-m\u00eames, pour parvenir \u00e0 passer \u00e0 un second palier permettant \u00e0 la presse, dans le contexte d\u2019aujourd\u2019hui, d\u2019\u00e9voluer en bonne intelligence avec les \u00e9volutions institutionnelles et politiques en R\u00e9publique de Guin\u00e9e. \u00bb<\/span><\/p>\n<p><span style=\"font-size: 20px;\">Apr\u00e8s avoir cit\u00e9 les efforts d\u00e9ploy\u00e9s en faveur de la presse, notamment la mise \u00e0 disposition de maisons de la presse ou la nomination de journalistes \u00e0 des postes de d\u00e9cision, il a appel\u00e9 \u00e0 plus de responsabilit\u00e9 : \u00ab La Guin\u00e9e, les autorit\u00e9s et la presse sont en train de vivre un accompagnage en bonne intelligence. Mais bien entendu, un divorce reste un divorce. Les ressentiments ressurgissent des fois. Je comprends, et vous le savez bien, que dans l\u2019\u00e9cosyst\u00e8me des femmes et des hommes de m\u00e9dias, certains en souffrent, parce qu\u2019ils ont perdu leurs sources de revenus. D\u2019o\u00f9 la n\u00e9cessit\u00e9 fondamentale pour nous tous d\u2019\u00eatre en capacit\u00e9 d\u2019\u00eatre responsables. Revenons aux valeurs fondamentales. Ma libert\u00e9 s\u2019arr\u00eate l\u00e0 o\u00f9 commence la libert\u00e9 de l\u2019autre. \u00bb<\/span><br \/><span style=\"font-size: 20px;\">Au nom des organisations de presse, Aboubacar Camara a assur\u00e9 de l\u2019engagement de la corporation \u00e0 collaborer avec la HAC dans \u00ab\u00a0la recherche de solutions idoines concert\u00e9e et partag\u00e9e \u00e0 toutes nos difficult\u00e9s communes, celles qui existent d\u00e9j\u00e0 et \u00e0 venir\u00a0\u00bb.<\/span><\/p>\n<p><strong><span style=\"font-size: 20px;\">Abdoul Lory Sylla pour Guinee7.com<\/span><\/strong><!--\/data\/user\/0\/com.samsung.android.app.notes\/files\/clipdata\/clipdata_bodytext_250519_190613_958.sdocx--><\/p>\n<\/div>\n","protected":false},"excerpt":{"rendered":"<p>L\u2019avenir du paysage m\u00e9diatique guin\u00e9en est au centre des discussions depuis ce lundi \u00e0 Conakry, \u00e0 l\u2019occasion d\u2019un forum organis\u00e9 par la Haute Autorit\u00e9 de la communication (HAC). L\u2019\u00e9v\u00e9nement r\u00e9unit dans un complexe h\u00f4telier de la place des personnalit\u00e9s de haut niveau, parmi lesquelles des membres du CNRD, du gouvernement dirig\u00e9 par le Premier ministre &hellip;<\/p>\n","protected":false},"author":1,"featured_media":0,"comment_status":"closed","ping_status":"closed","sticky":false,"template":"","format":"standard","meta":[],"categories":[2],"tags":[22],"_links":{"self":[{"href":"https:\/\/uk.ambagn.staging.e-kaidi.net\/index.php?rest_route=\/wp\/v2\/posts\/81232"}],"collection":[{"href":"https:\/\/uk.ambagn.staging.e-kaidi.net\/index.php?rest_route=\/wp\/v2\/posts"}],"about":[{"href":"https:\/\/uk.ambagn.staging.e-kaidi.net\/index.php?rest_route=\/wp\/v2\/types\/post"}],"author":[{"embeddable":true,"href":"https:\/\/uk.ambagn.staging.e-kaidi.net\/index.php?rest_route=\/wp\/v2\/users\/1"}],"replies":[{"embeddable":true,"href":"https:\/\/uk.ambagn.staging.e-kaidi.net\/index.php?rest_route=%2Fwp%2Fv2%2Fcomments&post=81232"}],"version-history":[{"count":0,"href":"https:\/\/uk.ambagn.staging.e-kaidi.net\/index.php?rest_route=\/wp\/v2\/posts\/81232\/revisions"}],"wp:attachment":[{"href":"https:\/\/uk.ambagn.staging.e-kaidi.net\/index.php?rest_route=%2Fwp%2Fv2%2Fmedia&parent=81232"}],"wp:term":[{"taxonomy":"category","embeddable":true,"href":"https:\/\/uk.ambagn.staging.e-kaidi.net\/index.php?rest_route=%2Fwp%2Fv2%2Fcategories&post=81232"},{"taxonomy":"post_tag","embeddable":true,"href":"https:\/\/uk.ambagn.staging.e-kaidi.net\/index.php?rest_route=%2Fwp%2Fv2%2Ftags&post=81232"}],"curies":[{"name":"wp","href":"https:\/\/api.w.org\/{rel}","templated":true}]}}