{"id":81180,"date":"2025-05-18T14:00:54","date_gmt":"2025-05-18T12:00:54","guid":{"rendered":"https:\/\/uk.ambagn.staging.e-kaidi.net\/?p=81180"},"modified":"2025-05-18T14:00:54","modified_gmt":"2025-05-18T12:00:54","slug":"transition-a-la-tete-de-lablogui-mamadou-baro-conde-prend-les-renes","status":"publish","type":"post","link":"https:\/\/uk.ambagn.staging.e-kaidi.net\/?p=81180","title":{"rendered":"Transition \u00e0 la t\u00eate de l\u2019ABLOGUI : Mamadou Baro Cond\u00e9 prend les r\u00eanes"},"content":{"rendered":"<div>\n<div style=\"margin-bottom:20px;\"><img width=\"1080\" height=\"721\"src=\"https:\/\/i0.wp.com\/www.guinee7.com\/wp-content\/uploads\/2025\/05\/IMG-20250517-WA0000.jpg?w=1080&amp;ssl=1\" class=\"attachment-post-thumbnail size-post-thumbnail wp-post-image\" alt=\"\" decoding=\"async\" loading=\"lazy\" srcset=\"https:\/\/i0.wp.com\/www.guinee7.com\/wp-content\/uploads\/2025\/05\/IMG-20250517-WA0000.jpg?w=1080&amp;ssl=1 1080w, https:\/\/i0.wp.com\/www.guinee7.com\/wp-content\/uploads\/2025\/05\/IMG-20250517-WA0000.jpg?resize=300%2C200&amp;ssl=1 300w, https:\/\/i0.wp.com\/www.guinee7.com\/wp-content\/uploads\/2025\/05\/IMG-20250517-WA0000.jpg?resize=1024%2C684&amp;ssl=1 1024w, https:\/\/i0.wp.com\/www.guinee7.com\/wp-content\/uploads\/2025\/05\/IMG-20250517-WA0000.jpg?resize=768%2C513&amp;ssl=1 768w\" sizes=\"auto, (max-width: 1080px) 100vw, 1080px\"><\/div>\n<p><span style=\"font-size: 20px;\">Apr\u00e8s six ann\u00e9es pass\u00e9es \u00e0 la t\u00eate de l\u2019Association des blogueurs de Guin\u00e9e (ABLOGUI), Alpha Diallo a officiellement transmis le flambeau \u00e0 Mamadou Baro Cond\u00e9. La c\u00e9r\u00e9monie de passation s\u2019est tenue ce vendredi 16 mai dans un h\u00f4tel de Conakry, en pr\u00e9sence de l\u2019ambassadeur de France, Luc Briard, et du repr\u00e9sentant r\u00e9sident de l\u2019UNFPA, Francesco Galtieri.<\/span><\/p>\n<p><span style=\"font-size: 20px;\">Le nouveau pr\u00e9sident qui va officier pour trois ans a affirm\u00e9 sa volont\u00e9 de poursuivre les chantiers entam\u00e9s, en insistant sur trois axes prioritaires. \u00ab\u00a0La premi\u00e8re sera la mise en \u0153uvre rigoureuse du plan strat\u00e9gique 2025-2028.\u00a0Nous veillerons \u00e0 ce que chaque axe se traduise en actions concr\u00e8tes, que chaque objectif inspire les projets que nous porterons, et que chaque membre se reconnaisse dans cette vision. La seconde priorit\u00e9 sera la pr\u00e9paration de la nouvelle g\u00e9n\u00e9ration de membres de l\u2019ABLOGUI\u2026 Enfin, en tant que r\u00e9seau de blogueurs et de web activistes, l\u2019activisme est l\u2019essence m\u00eame de l\u2019ABLOGUI.\u00a0\u00bb<\/span><\/p>\n<p><span style=\"font-size: 20px;\">Il a annonc\u00e9 qu\u2019un processus de recrutement inclusif sera lanc\u00e9, ciblant particuli\u00e8rement les jeunes lyc\u00e9ens, \u00e9tudiants et jeunes professionnels afin de renforcer la rel\u00e8ve au sein de l\u2019organisation.<\/span><\/p>\n<p><span style=\"font-size: 20px;\">De son c\u00f4t\u00e9, Alpha Diallo a dress\u00e9 un bilan positif de son mandat. \u00ab\u00a0Notre budget annuel est pass\u00e9 de 30 000 USD en 2018 \u00e0 plus de 210 000 USD en 2024\u2026 Nous mettons en \u0153uvre cinq projets majeurs, en plus d\u2019une dizaine d\u2019initiatives citoyennes autoport\u00e9es\u2026 Nous avons contribu\u00e9 activement \u00e0 la lutte contre la d\u00e9sinformation, \u00e0 la promotion des droits num\u00e9riques et \u00e0 la transparence des processus \u00e9lectoraux\u202f\u00bb, a-t-il indiqu\u00e9, r\u00e9affirmant sa disponibilit\u00e9 \u00e0 continuer \u00e0 \u0153uvrer pour l\u2019association.<\/span><\/p>\n<p><span style=\"font-size: 20px;\">Au cours de la c\u00e9r\u00e9monie, des satisfecits ont \u00e9t\u00e9 remis \u00e0 des membres de l\u2019association ainsi qu\u2019\u00e0 plusieurs personnes ressources.<\/span><br \/><span style=\"font-size: 20px;\"> L\u2019\u00e9quipe dirigeante a tenu \u00e0 exprimer sa reconnaissance \u00e0 Alpha Diallo pour le travail accompli durant ces six ann\u00e9es. Mamadou Hady Bald\u00e9, secr\u00e9taire g\u00e9n\u00e9ral de l\u2019ABLOGUI, a proc\u00e9d\u00e9 \u00e0 la lecture du plan strat\u00e9gique 2025-2029, avant qu\u2019un cocktail ne vienne clore cette rencontre dans une ambiance conviviale.<\/span><\/p>\n<p><span style=\"font-size: 20px;\">Les partenaires pr\u00e9sents ont salu\u00e9 la maturit\u00e9 institutionnelle au sein de la structure et l\u2019engagement en faveur de la citoyennet\u00e9 num\u00e9rique. Ils promettent de poursuivre leur accompagnement dans la mise en \u0153uvre des projets \u00e0 venir.<\/span><\/p>\n<p><strong><span style=\"font-size: 20px;\">Abdoul Lory Sylla pour guinee7.com<\/span><\/strong><!--\/data\/user\/0\/com.samsung.android.app.notes\/files\/clipdata\/clipdata_bodytext_250517_012800_066.sdocx--><\/p>\n<\/div>\n","protected":false},"excerpt":{"rendered":"<p>Apr\u00e8s six ann\u00e9es pass\u00e9es \u00e0 la t\u00eate de l\u2019Association des blogueurs de Guin\u00e9e (ABLOGUI), Alpha Diallo a officiellement transmis le flambeau \u00e0 Mamadou Baro Cond\u00e9. La c\u00e9r\u00e9monie de passation s\u2019est tenue ce vendredi 16 mai dans un h\u00f4tel de Conakry, en pr\u00e9sence de l\u2019ambassadeur de France, Luc Briard, et du repr\u00e9sentant r\u00e9sident de l\u2019UNFPA, Francesco &hellip;<\/p>\n","protected":false},"author":1,"featured_media":0,"comment_status":"closed","ping_status":"closed","sticky":false,"template":"","format":"standard","meta":[],"categories":[2],"tags":[22],"_links":{"self":[{"href":"https:\/\/uk.ambagn.staging.e-kaidi.net\/index.php?rest_route=\/wp\/v2\/posts\/81180"}],"collection":[{"href":"https:\/\/uk.ambagn.staging.e-kaidi.net\/index.php?rest_route=\/wp\/v2\/posts"}],"about":[{"href":"https:\/\/uk.ambagn.staging.e-kaidi.net\/index.php?rest_route=\/wp\/v2\/types\/post"}],"author":[{"embeddable":true,"href":"https:\/\/uk.ambagn.staging.e-kaidi.net\/index.php?rest_route=\/wp\/v2\/users\/1"}],"replies":[{"embeddable":true,"href":"https:\/\/uk.ambagn.staging.e-kaidi.net\/index.php?rest_route=%2Fwp%2Fv2%2Fcomments&post=81180"}],"version-history":[{"count":0,"href":"https:\/\/uk.ambagn.staging.e-kaidi.net\/index.php?rest_route=\/wp\/v2\/posts\/81180\/revisions"}],"wp:attachment":[{"href":"https:\/\/uk.ambagn.staging.e-kaidi.net\/index.php?rest_route=%2Fwp%2Fv2%2Fmedia&parent=81180"}],"wp:term":[{"taxonomy":"category","embeddable":true,"href":"https:\/\/uk.ambagn.staging.e-kaidi.net\/index.php?rest_route=%2Fwp%2Fv2%2Fcategories&post=81180"},{"taxonomy":"post_tag","embeddable":true,"href":"https:\/\/uk.ambagn.staging.e-kaidi.net\/index.php?rest_route=%2Fwp%2Fv2%2Ftags&post=81180"}],"curies":[{"name":"wp","href":"https:\/\/api.w.org\/{rel}","templated":true}]}}