{"id":81145,"date":"2025-05-17T08:30:46","date_gmt":"2025-05-17T06:30:46","guid":{"rendered":"https:\/\/uk.ambagn.staging.e-kaidi.net\/?p=81145"},"modified":"2025-05-17T08:30:46","modified_gmt":"2025-05-17T06:30:46","slug":"page-noire-limam-de-la-grande-mosquee-de-dar-es-salam-2-a-finalement-succombe","status":"publish","type":"post","link":"https:\/\/uk.ambagn.staging.e-kaidi.net\/?p=81145","title":{"rendered":"Page noire : l\u2019imam de la grande mosqu\u00e9e de Dar-Es-Salam 2 a finalement succomb\u00e9"},"content":{"rendered":"<div>\n<div style=\"margin-bottom:20px;\"><img width=\"1080\" height=\"905\"src=\"https:\/\/i0.wp.com\/www.guinee7.com\/wp-content\/uploads\/2025\/05\/IMG-20250516-WA0013.jpg?w=1080&amp;ssl=1\" class=\"attachment-post-thumbnail size-post-thumbnail wp-post-image\" alt=\"\" decoding=\"async\" loading=\"lazy\" srcset=\"https:\/\/i0.wp.com\/www.guinee7.com\/wp-content\/uploads\/2025\/05\/IMG-20250516-WA0013.jpg?w=1080&amp;ssl=1 1080w, https:\/\/i0.wp.com\/www.guinee7.com\/wp-content\/uploads\/2025\/05\/IMG-20250516-WA0013.jpg?resize=300%2C251&amp;ssl=1 300w, https:\/\/i0.wp.com\/www.guinee7.com\/wp-content\/uploads\/2025\/05\/IMG-20250516-WA0013.jpg?resize=1024%2C858&amp;ssl=1 1024w, https:\/\/i0.wp.com\/www.guinee7.com\/wp-content\/uploads\/2025\/05\/IMG-20250516-WA0013.jpg?resize=768%2C644&amp;ssl=1 768w\" sizes=\"auto, (max-width: 1080px) 100vw, 1080px\"><\/div>\n<p><span style=\"font-size: 20px;\">Mohamed Khalib Sylla, premier imam de la grande mosqu\u00e9e centrale de Dar-Es-Salam 2, s\u2019est \u00e9teint dans l\u2019apr\u00e8s-midi de ce vendredi 16 mai. Le religieux souffrait d\u2019une grave maladie pulmonaire qui l\u2019emp\u00eachait de respirer normalement.<\/span><\/p>\n<p><span style=\"font-size: 20px;\">Lors d\u2019une visite dans ce quartier fortement expos\u00e9 \u00e0 la fum\u00e9e provenant de la d\u00e9charge de Dar-Es-Salam, le pr\u00e9sident du conseil de quartier, Mohamed Naby Ciss\u00e9, l\u2019\u00e9pouse et les enfants du religieux avaient exprim\u00e9 leurs inqui\u00e9tudes concernant son \u00e9tat de sant\u00e9. Ils avaient lanc\u00e9 un appel aux autorit\u00e9s et aux bonnes volont\u00e9s pour une \u00e9vacuation sanitaire, tout en plaidant pour la d\u00e9localisation de la d\u00e9charge.<\/span><\/p>\n<p><span style=\"font-size: 20px;\">Malheureusement, ce vendredi, l\u2019imam a succomb\u00e9 \u00e0 cette maladie qui le clouait au lit depuis un long moment.<\/span><\/p>\n<p><strong><span style=\"font-size: 20px;\">Abdoul Lory Sylla pour guinee7.com<\/span><\/strong><!--\/data\/user\/0\/com.samsung.android.app.notes\/files\/clipdata\/clipdata_bodytext_250516_173615_258.sdocx--><\/p>\n<\/div>\n","protected":false},"excerpt":{"rendered":"<p>Mohamed Khalib Sylla, premier imam de la grande mosqu\u00e9e centrale de Dar-Es-Salam 2, s\u2019est \u00e9teint dans l\u2019apr\u00e8s-midi de ce vendredi 16 mai. Le religieux souffrait d\u2019une grave maladie pulmonaire qui l\u2019emp\u00eachait de respirer normalement. Lors d\u2019une visite dans ce quartier fortement expos\u00e9 \u00e0 la fum\u00e9e provenant de la d\u00e9charge de Dar-Es-Salam, le pr\u00e9sident du conseil &hellip;<\/p>\n","protected":false},"author":1,"featured_media":0,"comment_status":"closed","ping_status":"closed","sticky":false,"template":"","format":"standard","meta":[],"categories":[2],"tags":[22],"_links":{"self":[{"href":"https:\/\/uk.ambagn.staging.e-kaidi.net\/index.php?rest_route=\/wp\/v2\/posts\/81145"}],"collection":[{"href":"https:\/\/uk.ambagn.staging.e-kaidi.net\/index.php?rest_route=\/wp\/v2\/posts"}],"about":[{"href":"https:\/\/uk.ambagn.staging.e-kaidi.net\/index.php?rest_route=\/wp\/v2\/types\/post"}],"author":[{"embeddable":true,"href":"https:\/\/uk.ambagn.staging.e-kaidi.net\/index.php?rest_route=\/wp\/v2\/users\/1"}],"replies":[{"embeddable":true,"href":"https:\/\/uk.ambagn.staging.e-kaidi.net\/index.php?rest_route=%2Fwp%2Fv2%2Fcomments&post=81145"}],"version-history":[{"count":0,"href":"https:\/\/uk.ambagn.staging.e-kaidi.net\/index.php?rest_route=\/wp\/v2\/posts\/81145\/revisions"}],"wp:attachment":[{"href":"https:\/\/uk.ambagn.staging.e-kaidi.net\/index.php?rest_route=%2Fwp%2Fv2%2Fmedia&parent=81145"}],"wp:term":[{"taxonomy":"category","embeddable":true,"href":"https:\/\/uk.ambagn.staging.e-kaidi.net\/index.php?rest_route=%2Fwp%2Fv2%2Fcategories&post=81145"},{"taxonomy":"post_tag","embeddable":true,"href":"https:\/\/uk.ambagn.staging.e-kaidi.net\/index.php?rest_route=%2Fwp%2Fv2%2Ftags&post=81145"}],"curies":[{"name":"wp","href":"https:\/\/api.w.org\/{rel}","templated":true}]}}