{"id":81101,"date":"2025-05-15T12:06:51","date_gmt":"2025-05-15T10:06:51","guid":{"rendered":"https:\/\/uk.ambagn.staging.e-kaidi.net\/?p=81101"},"modified":"2025-05-15T12:06:51","modified_gmt":"2025-05-15T10:06:51","slug":"fin-a-conakry-du-premier-salon-professionnel-du-sport","status":"publish","type":"post","link":"https:\/\/uk.ambagn.staging.e-kaidi.net\/?p=81101","title":{"rendered":"Fin \u00e0 Conakry du premier salon professionnel du sport"},"content":{"rendered":"<div>\n<div style=\"margin-bottom:20px;\"><img width=\"941\" height=\"608\"src=\"https:\/\/i0.wp.com\/www.guinee7.com\/wp-content\/uploads\/2025\/05\/IMG-20250515-WA0003.jpg?w=941&amp;ssl=1\" class=\"attachment-post-thumbnail size-post-thumbnail wp-post-image\" alt=\"\" decoding=\"async\" srcset=\"https:\/\/i0.wp.com\/www.guinee7.com\/wp-content\/uploads\/2025\/05\/IMG-20250515-WA0003.jpg?w=941&amp;ssl=1 941w, https:\/\/i0.wp.com\/www.guinee7.com\/wp-content\/uploads\/2025\/05\/IMG-20250515-WA0003.jpg?resize=300%2C194&amp;ssl=1 300w, https:\/\/i0.wp.com\/www.guinee7.com\/wp-content\/uploads\/2025\/05\/IMG-20250515-WA0003.jpg?resize=768%2C496&amp;ssl=1 768w, https:\/\/i0.wp.com\/www.guinee7.com\/wp-content\/uploads\/2025\/05\/IMG-20250515-WA0003.jpg?resize=210%2C136&amp;ssl=1 210w\" sizes=\"(max-width: 941px) 100vw, 941px\"><\/div>\n<p><span style=\"font-size: 20px;\">Le premier salon professionnel du sport, baptis\u00e9 Conakry Sport Expo et port\u00e9 par Abdou Nbaye, a pris fin ce mercredi \u00e0 Conakry, marquant un tournant d\u00e9cisif pour la promotion du sport en Guin\u00e9e. Cet \u00e9v\u00e9nement, qui a d\u00e9but\u00e9 mardi, a r\u00e9uni des pan\u00e9listes de renom, des ministres rwandais et guin\u00e9ens ainsi que des acteurs du sport africain et international.<\/span><\/p>\n<p><span style=\"font-size: 20px;\">Visiblement satisfait du d\u00e9roulement de cette premi\u00e8re \u00e9dition, le commissaire g\u00e9n\u00e9ral Abdou Nbaye a exprim\u00e9 son enthousiasme quant \u00e0 l\u2019impact de cette initiative. \u00ab Nous restons fid\u00e8les \u00e0 notre vision de faire de Conakry la capitale africaine du sport. Nous savons que d\u2019autres sont en avance sur nous, mais nous sommes d\u00e9termin\u00e9s \u00e0 y arriver dans les ann\u00e9es \u00e0 venir, inshallah. Quand je vois l\u2019engagement de tous ceux qui nous accompagnent, je me dis que c\u2019est d\u00e9j\u00e0 une premi\u00e8re victoire. Le fait que tout le monde se mobilise autour de ce concept est une grande victoire, que nous devons concr\u00e9tiser <\/span><span style=\"font-size: 20px;\">\u00bb<\/span><span style=\"font-size: 20px;\">, a-t-il d\u00e9clar\u00e9 d\u2019entr\u00e9e. <\/span><\/p>\n<p><span style=\"font-size: 20px;\">L\u2019ancien pr\u00e9sident de la F\u00e9d\u00e9ration guin\u00e9enne de football, Mamadou Antonio Souar\u00e9, a \u00e9galement salu\u00e9 cette initiative qui, selon lui, va redonner vie au sport guin\u00e9en. \u00ab Les organisateurs, il faut les f\u00e9liciter, les encourager et les accompagner pour continuer cet \u00e9v\u00e9nement. Cet \u00e9v\u00e9nement qui a regroup\u00e9 plusieurs nationalit\u00e9s, repr\u00e9sentant tous les continents, montre que nous pouvons aussi briller. Nous voulons que la Guin\u00e9e reprenne sa place dans le sport. \u00bb<\/span><\/p>\n<p><span style=\"font-size: 20px;\">Pour l\u2019ann\u00e9e prochaine, Abdou Nbaye envisage d\u00e9j\u00e0 de voir plus grand. Il r\u00eave d\u2019un salon encore plus ambitieux, avec des l\u00e9gendes du sport parmi les invit\u00e9s. \u00ab \u00c0 l\u2019avenir, lorsque le stade du 28 septembre sera pr\u00eat, pourquoi ne pas organiser cet \u00e9v\u00e9nement dans un lieu aussi embl\u00e9matique\u00a0?\u00a0Nous pourrions y int\u00e9grer des animations de basket, des d\u00e9monstrations de diverses disciplines et peut-\u00eatre m\u00eame un grand match de gala. Plus l\u2019\u00e9v\u00e9nement sera grand, plus nous pourrons inviter des personnalit\u00e9s comme Samuel Eto\u2019o et d\u2019autres grands sportifs pour animer des panels. Ce projet n\u2019est pas pour une seule personne, ni pour une entreprise en particulier. C\u2019est pour la Guin\u00e9e. \u00c0 travers ce projet, nous voulons promouvoir notre pays et d\u00e9velopper le sport.\u00a0\u00bb<\/span><\/p>\n<p><span style=\"font-size: 20px;\">Avant de cl\u00f4turer cette rencontre, de nombreux prix du m\u00e9rite sportif ont \u00e9t\u00e9 d\u00e9cern\u00e9s pour honorer les figures du sport guin\u00e9en et africain. Il s\u2019agit notamment : de l\u2019\u00e9quipe Syli Basket U16, championne d\u2019Afrique 2023, Les journalistes sportifs Oumar Dieng, Gaoussou Diaby, ainsi que Philippe Doucet, les anciennes gloires du football guin\u00e9en Ch\u00e9rif Souleymane et Titi Camara, Des m\u00e9c\u00e8nes influents Antonio Souar\u00e9 et KPC et l\u2019international guin\u00e9en Serhou Guirassy, r\u00e9compens\u00e9 pour ses performances exceptionnelles durant la saison.<\/span><\/p>\n<p><strong><span style=\"font-size: 20px;\">Thierno Abdoul Barry pour guinee7.com<\/span><\/strong><!--\/data\/user\/0\/com.samsung.android.app.notes\/files\/clipdata\/clipdata_bodytext_250515_092047_151.sdocx--><\/p>\n<\/div>\n","protected":false},"excerpt":{"rendered":"<p>Le premier salon professionnel du sport, baptis\u00e9 Conakry Sport Expo et port\u00e9 par Abdou Nbaye, a pris fin ce mercredi \u00e0 Conakry, marquant un tournant d\u00e9cisif pour la promotion du sport en Guin\u00e9e. Cet \u00e9v\u00e9nement, qui a d\u00e9but\u00e9 mardi, a r\u00e9uni des pan\u00e9listes de renom, des ministres rwandais et guin\u00e9ens ainsi que des acteurs du &hellip;<\/p>\n","protected":false},"author":1,"featured_media":0,"comment_status":"closed","ping_status":"closed","sticky":false,"template":"","format":"standard","meta":[],"categories":[2],"tags":[22],"_links":{"self":[{"href":"https:\/\/uk.ambagn.staging.e-kaidi.net\/index.php?rest_route=\/wp\/v2\/posts\/81101"}],"collection":[{"href":"https:\/\/uk.ambagn.staging.e-kaidi.net\/index.php?rest_route=\/wp\/v2\/posts"}],"about":[{"href":"https:\/\/uk.ambagn.staging.e-kaidi.net\/index.php?rest_route=\/wp\/v2\/types\/post"}],"author":[{"embeddable":true,"href":"https:\/\/uk.ambagn.staging.e-kaidi.net\/index.php?rest_route=\/wp\/v2\/users\/1"}],"replies":[{"embeddable":true,"href":"https:\/\/uk.ambagn.staging.e-kaidi.net\/index.php?rest_route=%2Fwp%2Fv2%2Fcomments&post=81101"}],"version-history":[{"count":0,"href":"https:\/\/uk.ambagn.staging.e-kaidi.net\/index.php?rest_route=\/wp\/v2\/posts\/81101\/revisions"}],"wp:attachment":[{"href":"https:\/\/uk.ambagn.staging.e-kaidi.net\/index.php?rest_route=%2Fwp%2Fv2%2Fmedia&parent=81101"}],"wp:term":[{"taxonomy":"category","embeddable":true,"href":"https:\/\/uk.ambagn.staging.e-kaidi.net\/index.php?rest_route=%2Fwp%2Fv2%2Fcategories&post=81101"},{"taxonomy":"post_tag","embeddable":true,"href":"https:\/\/uk.ambagn.staging.e-kaidi.net\/index.php?rest_route=%2Fwp%2Fv2%2Ftags&post=81101"}],"curies":[{"name":"wp","href":"https:\/\/api.w.org\/{rel}","templated":true}]}}