{"id":81099,"date":"2025-05-15T12:06:50","date_gmt":"2025-05-15T10:06:50","guid":{"rendered":"https:\/\/uk.ambagn.staging.e-kaidi.net\/?p=81099"},"modified":"2025-05-15T12:06:50","modified_gmt":"2025-05-15T10:06:50","slug":"guinee-le-recensement-plus-proche-des-apprenants","status":"publish","type":"post","link":"https:\/\/uk.ambagn.staging.e-kaidi.net\/?p=81099","title":{"rendered":"Guin\u00e9e. Le recensement plus proche des apprenants"},"content":{"rendered":"<div>\n<div style=\"margin-bottom:20px;\"><img width=\"1080\" height=\"608\"src=\"https:\/\/i0.wp.com\/www.guinee7.com\/wp-content\/uploads\/2025\/05\/IMG-20250515-WA0009.jpg?w=1080&amp;ssl=1\" class=\"attachment-post-thumbnail size-post-thumbnail wp-post-image\" alt=\"\" decoding=\"async\" loading=\"lazy\" srcset=\"https:\/\/i0.wp.com\/www.guinee7.com\/wp-content\/uploads\/2025\/05\/IMG-20250515-WA0009.jpg?w=1080&amp;ssl=1 1080w, https:\/\/i0.wp.com\/www.guinee7.com\/wp-content\/uploads\/2025\/05\/IMG-20250515-WA0009.jpg?resize=300%2C169&amp;ssl=1 300w, https:\/\/i0.wp.com\/www.guinee7.com\/wp-content\/uploads\/2025\/05\/IMG-20250515-WA0009.jpg?resize=1024%2C576&amp;ssl=1 1024w, https:\/\/i0.wp.com\/www.guinee7.com\/wp-content\/uploads\/2025\/05\/IMG-20250515-WA0009.jpg?resize=768%2C432&amp;ssl=1 768w\" sizes=\"auto, (max-width: 1080px) 100vw, 1080px\"><\/div>\n<p><span style=\"font-size: 20px;\">Le minist\u00e8re de l\u2019enseignement pr\u00e9-universitaire et celui de l\u2019enseignement technique, de la formation professionnelle et de l\u2019Emploi, ont d\u00e9cid\u00e9 de rendre le recensement plus accessible pour les apprenants. <\/span><\/p>\n<p><span style=\"font-size: 20px;\">L\u2019initiative a \u00e9t\u00e9 officiellement lanc\u00e9e dans les locaux du coll\u00e8ge et Lyc\u00e9e Donka ce mardi 14 mai, par M. Jean Paul Cedy, ministre de l\u2019enseignement pr\u00e9-universitaire et Mme Aminata Kaba, Ministre de l\u2019enseignement technique, de la formation professionnelle et de l\u2019Emploi. <\/span><\/p>\n<p><span style=\"font-size: 20px;\">Les \u00e9l\u00e8ves du coll\u00e8ge et lyc\u00e9e Donka, les\u00a0 apprenants du Centre de Formation Professionnelle (CFP) Camara Laye et ceux de l\u2019\u00c9cole Nationale de Secr\u00e9tariat, d\u2019Administration et du Commerce (ENSAC), \u00e9taient massivement r\u00e9unis pour la cause.<\/span><\/p>\n<p><span style=\"font-size: 20px;\">Plusieurs agents recenseurs des 13 communes de Conakry \u00e9taient mobilis\u00e9s \u00e0 cet effet, pour permettre plus de fluidit\u00e9 et d\u2019inclusivit\u00e9. <\/span><\/p>\n<p><span style=\"font-size: 20px;\">Les ministres, accompagn\u00e9s de l\u2019\u00e9quipe de la direction nationale des affaires politiques et \u00e9lectorales (DNAPAE), de celle de la direction\u00a0 communale de l\u2019\u00e9ducation de Dixinn, ont proc\u00e9d\u00e9 \u00e0 la sensibilisation de ces apprenants. Ils leur ont signifi\u00e9 l\u2019importance que rev\u00eat cette sensibilisation et leur ont demand\u00e9 de porter le message aupr\u00e8s de leurs proches.<\/span><\/p>\n<p><span style=\"font-size: 20px;\">Prenant la parole, Jean Paul Cedy a d\u00e9fini la volont\u00e9 traduite dans cette d\u00e9centralisation. \u00ab Le recensement n\u2019est pas une activit\u00e9 sectorielle. C\u2019est une op\u00e9ration nationale qui concerne tous les citoyens guin\u00e9ens, y compris les \u00e9l\u00e8ves et les apprenants. En d\u00e9localisant le processus vers les \u00e9tablissements scolaires, nous mutualisons les efforts pour un r\u00e9sultat optimal \u00bb, a-t-il expliqu\u00e9. <\/span><\/p>\n<p><span style=\"font-size: 20px;\">Pas question d\u2019arr\u00eater cet \u00e9lan qui est amorc\u00e9, selon Mme Camara Djenab Tour\u00e9. \u00ab Cette op\u00e9ration sera \u00e9largie aux \u00e9tablissements de l\u2019int\u00e9rieur du pays. Cela nous permettra de gagner du temps et d\u2019enr\u00f4ler un maximum de jeunes, tout en renfor\u00e7ant le caract\u00e8re inclusif du recensement national \u00bb, a laiss\u00e9 entendre la directrice nationale nationale des Affaires politiques et de l\u2019Administration de l\u2019\u00c9tat.<\/span><\/p>\n<p><span style=\"font-size: 20px;\">Tous les encadreurs pr\u00e9sents pour la circonstance ont magnifi\u00e9 cette action gouvernementale qui vient \u00e0 point nomm\u00e9 pour \u00e9viter les longues files d\u2019attente dans les quartiers. \u00c0 cet effet, le Directeur de l\u2019\u00c9cole Nationale de Secr\u00e9tariat, d\u2019Administration et du Commerce (ENSAC), Amadou Tidiane Diallo, a exprim\u00e9 ses sentiments. \u00ab Nos apprenants et m\u00eame nos formateurs ont tent\u00e9 \u00e0 plusieurs reprises de se faire recenser sans succ\u00e8s. Aujourd\u2019hui, gr\u00e2ce \u00e0 cette initiative, ils pourront le faire dans le calme et la dignit\u00e9. C\u2019est une avanc\u00e9e remarquable. Ceci dit, nous remercions toutes les autorit\u00e9s d\u2019avoir facilit\u00e9 quelque chose que nous connaissons la port\u00e9e \u00bb.<\/span><\/p>\n<p><strong><span style=\"font-size: 20px;\">Abdoul Lory Sylla pour guinee7.com<\/span><\/strong><!--\/data\/user\/0\/com.samsung.android.app.notes\/files\/clipdata\/clipdata_bodytext_250515_085616_903.sdocx--><\/p>\n<\/div>\n","protected":false},"excerpt":{"rendered":"<p>Le minist\u00e8re de l\u2019enseignement pr\u00e9-universitaire et celui de l\u2019enseignement technique, de la formation professionnelle et de l\u2019Emploi, ont d\u00e9cid\u00e9 de rendre le recensement plus accessible pour les apprenants. L\u2019initiative a \u00e9t\u00e9 officiellement lanc\u00e9e dans les locaux du coll\u00e8ge et Lyc\u00e9e Donka ce mardi 14 mai, par M. Jean Paul Cedy, ministre de l\u2019enseignement pr\u00e9-universitaire et &hellip;<\/p>\n","protected":false},"author":1,"featured_media":0,"comment_status":"closed","ping_status":"closed","sticky":false,"template":"","format":"standard","meta":[],"categories":[2],"tags":[22],"_links":{"self":[{"href":"https:\/\/uk.ambagn.staging.e-kaidi.net\/index.php?rest_route=\/wp\/v2\/posts\/81099"}],"collection":[{"href":"https:\/\/uk.ambagn.staging.e-kaidi.net\/index.php?rest_route=\/wp\/v2\/posts"}],"about":[{"href":"https:\/\/uk.ambagn.staging.e-kaidi.net\/index.php?rest_route=\/wp\/v2\/types\/post"}],"author":[{"embeddable":true,"href":"https:\/\/uk.ambagn.staging.e-kaidi.net\/index.php?rest_route=\/wp\/v2\/users\/1"}],"replies":[{"embeddable":true,"href":"https:\/\/uk.ambagn.staging.e-kaidi.net\/index.php?rest_route=%2Fwp%2Fv2%2Fcomments&post=81099"}],"version-history":[{"count":0,"href":"https:\/\/uk.ambagn.staging.e-kaidi.net\/index.php?rest_route=\/wp\/v2\/posts\/81099\/revisions"}],"wp:attachment":[{"href":"https:\/\/uk.ambagn.staging.e-kaidi.net\/index.php?rest_route=%2Fwp%2Fv2%2Fmedia&parent=81099"}],"wp:term":[{"taxonomy":"category","embeddable":true,"href":"https:\/\/uk.ambagn.staging.e-kaidi.net\/index.php?rest_route=%2Fwp%2Fv2%2Fcategories&post=81099"},{"taxonomy":"post_tag","embeddable":true,"href":"https:\/\/uk.ambagn.staging.e-kaidi.net\/index.php?rest_route=%2Fwp%2Fv2%2Ftags&post=81099"}],"curies":[{"name":"wp","href":"https:\/\/api.w.org\/{rel}","templated":true}]}}