{"id":81072,"date":"2025-05-14T04:38:50","date_gmt":"2025-05-14T02:38:50","guid":{"rendered":"https:\/\/uk.ambagn.staging.e-kaidi.net\/?p=81072"},"modified":"2025-05-14T04:38:50","modified_gmt":"2025-05-14T02:38:50","slug":"ouverture-du-premier-salon-professionnel-du-sport-en-guinee-un-nouvel-elan-pour-le-developpement-sportif","status":"publish","type":"post","link":"https:\/\/uk.ambagn.staging.e-kaidi.net\/?p=81072","title":{"rendered":"Ouverture du premier salon professionnel du sport en Guin\u00e9e\u00a0: un nouvel \u00e9lan pour le d\u00e9veloppement sportif"},"content":{"rendered":"<div>\n<div style=\"margin-bottom:20px;\"><img width=\"969\" height=\"483\"src=\"https:\/\/i0.wp.com\/www.guinee7.com\/wp-content\/uploads\/2025\/05\/IMG-20250513-WA0025.jpg?w=969&amp;ssl=1\" class=\"attachment-post-thumbnail size-post-thumbnail wp-post-image\" alt=\"\" decoding=\"async\" loading=\"lazy\" srcset=\"https:\/\/i0.wp.com\/www.guinee7.com\/wp-content\/uploads\/2025\/05\/IMG-20250513-WA0025.jpg?w=969&amp;ssl=1 969w, https:\/\/i0.wp.com\/www.guinee7.com\/wp-content\/uploads\/2025\/05\/IMG-20250513-WA0025.jpg?resize=300%2C150&amp;ssl=1 300w, https:\/\/i0.wp.com\/www.guinee7.com\/wp-content\/uploads\/2025\/05\/IMG-20250513-WA0025.jpg?resize=768%2C383&amp;ssl=1 768w\" sizes=\"auto, (max-width: 969px) 100vw, 969px\"><\/div>\n<p><span style=\"font-size: 20px;\">Le premier salon professionnel du sport en Guin\u00e9e, organis\u00e9 par Conakry Sport Expo (COSE), a d\u00e9but\u00e9 ce mardi 13 mai \u00e0 Conakry et se poursuivra jusqu\u2019au mercredi 14 mai 2025. L\u2019initiative, port\u00e9e par Abdou Nbaye, r\u00e9unit des acteurs cl\u00e9s du sport africain, avec le Rwanda comme pays invit\u00e9 d\u2019honneur. L\u2019\u00e9v\u00e9nement a attir\u00e9 de nombreuses personnalit\u00e9s, dont les ministres des Sports de Guin\u00e9e et du Rwanda, ainsi que des pr\u00e9sidents de f\u00e9d\u00e9rations et des experts du secteur.<\/span><\/p>\n<p><span style=\"font-size: 20px;\">Dans son discours inaugural, le commissaire g\u00e9n\u00e9ral de Conakry Sport Expo, Abdou Nbaye, s\u2019est f\u00e9licit\u00e9 de cette premi\u00e8re \u00e9dition. \u00ab\u2009Notre ambition avec Conakry Sport Expo est qu\u2019en quelques ann\u00e9es, la Guin\u00e9e figure parmi les nations les plus dynamiques en mati\u00e8re de sport en Afrique,\u2009\u00bb a-t-il d\u00e9clar\u00e9, ajoutant que cette plateforme doit permettre au pays de s\u2019inspirer des meilleures pratiques pour faire de Conakry la capitale africaine du sport.<\/span><\/p>\n<p><span style=\"font-size: 20px;\">Le ministre d\u2019\u00c9tat aux Sports du Rwanda, Ngarambe Rwego Emmanuel Jim, pr\u00e9sent en tant que repr\u00e9sentant du pays invit\u00e9 d\u2019honneur, a exprim\u00e9 son optimisme. \u00ab\u2009C\u2019est un honneur d\u2019\u00eatre choisi comme pays invit\u00e9. Nous sommes encourag\u00e9s par cette volont\u00e9 de faire du sport un secteur cl\u00e9 du d\u00e9veloppement en Guin\u00e9e, un objectif qui r\u00e9sonne avec notre propre vision pour l\u2019Afrique <\/span><span style=\"font-size: 20px;\">\u00bb<\/span><span style=\"font-size: 20px;\">.<\/span><\/p>\n<p><span style=\"font-size: 20px;\">Le ministre des Sports de la Guin\u00e9e, K\u00e9amou Bogola Haba, a \u00e9galement salu\u00e9 cette initiative, soulignant l\u2019importance du marketing sportif pour le d\u00e9veloppement du secteur. \u00ab\u2009C\u2019est une opportunit\u00e9 pour nous, car le sport ne peut pas \u00e9voluer sans un v\u00e9ritable effort de valorisation et de promotion. Je suis tr\u00e8s heureux que ce premier salon se tienne ici, chez nous, pour affirmer notre engagement envers le d\u00e9veloppement sportif <\/span><span style=\"font-size: 20px;\">\u00bb<\/span><span style=\"font-size: 20px;\">.<\/span><\/p>\n<p><span style=\"font-size: 20px;\">Au menu de ces deux jours : expositions, conf\u00e9rences, panels, animations sportives, s\u00e9ances de r\u00e9seautage, ainsi que des \u00e9changes avec des experts nationaux et internationaux.<\/span><\/p>\n<p><strong><span style=\"font-size: 20px;\">Thierno Abdoul Barry pour guinee7.com<\/span><\/strong><!--\/data\/user\/0\/com.samsung.android.app.notes\/files\/clipdata\/clipdata_bodytext_250513_161241_409.sdocx--><\/p>\n<\/div>\n","protected":false},"excerpt":{"rendered":"<p>Le premier salon professionnel du sport en Guin\u00e9e, organis\u00e9 par Conakry Sport Expo (COSE), a d\u00e9but\u00e9 ce mardi 13 mai \u00e0 Conakry et se poursuivra jusqu\u2019au mercredi 14 mai 2025. L\u2019initiative, port\u00e9e par Abdou Nbaye, r\u00e9unit des acteurs cl\u00e9s du sport africain, avec le Rwanda comme pays invit\u00e9 d\u2019honneur. L\u2019\u00e9v\u00e9nement a attir\u00e9 de nombreuses personnalit\u00e9s, &hellip;<\/p>\n","protected":false},"author":1,"featured_media":0,"comment_status":"closed","ping_status":"closed","sticky":false,"template":"","format":"standard","meta":[],"categories":[2],"tags":[22],"_links":{"self":[{"href":"https:\/\/uk.ambagn.staging.e-kaidi.net\/index.php?rest_route=\/wp\/v2\/posts\/81072"}],"collection":[{"href":"https:\/\/uk.ambagn.staging.e-kaidi.net\/index.php?rest_route=\/wp\/v2\/posts"}],"about":[{"href":"https:\/\/uk.ambagn.staging.e-kaidi.net\/index.php?rest_route=\/wp\/v2\/types\/post"}],"author":[{"embeddable":true,"href":"https:\/\/uk.ambagn.staging.e-kaidi.net\/index.php?rest_route=\/wp\/v2\/users\/1"}],"replies":[{"embeddable":true,"href":"https:\/\/uk.ambagn.staging.e-kaidi.net\/index.php?rest_route=%2Fwp%2Fv2%2Fcomments&post=81072"}],"version-history":[{"count":0,"href":"https:\/\/uk.ambagn.staging.e-kaidi.net\/index.php?rest_route=\/wp\/v2\/posts\/81072\/revisions"}],"wp:attachment":[{"href":"https:\/\/uk.ambagn.staging.e-kaidi.net\/index.php?rest_route=%2Fwp%2Fv2%2Fmedia&parent=81072"}],"wp:term":[{"taxonomy":"category","embeddable":true,"href":"https:\/\/uk.ambagn.staging.e-kaidi.net\/index.php?rest_route=%2Fwp%2Fv2%2Fcategories&post=81072"},{"taxonomy":"post_tag","embeddable":true,"href":"https:\/\/uk.ambagn.staging.e-kaidi.net\/index.php?rest_route=%2Fwp%2Fv2%2Ftags&post=81072"}],"curies":[{"name":"wp","href":"https:\/\/api.w.org\/{rel}","templated":true}]}}