{"id":81016,"date":"2025-05-12T09:41:41","date_gmt":"2025-05-12T07:41:41","guid":{"rendered":"https:\/\/uk.ambagn.staging.e-kaidi.net\/?p=81016"},"modified":"2025-05-12T09:41:41","modified_gmt":"2025-05-12T07:41:41","slug":"championnats-dafrique-de-sambo-la-guinee-annonce-les-couleurs-de-la-19e-edition","status":"publish","type":"post","link":"https:\/\/uk.ambagn.staging.e-kaidi.net\/?p=81016","title":{"rendered":"Championnats d\u2019Afrique de Sambo : la Guin\u00e9e annonce les couleurs de la 19e \u00e9dition"},"content":{"rendered":"<div>\n<div style=\"margin-bottom:20px;\"><img width=\"993\" height=\"566\"src=\"https:\/\/i0.wp.com\/www.guinee7.com\/wp-content\/uploads\/2025\/05\/IMG-20250511-WA0017.jpg?w=993&amp;ssl=1\" class=\"attachment-post-thumbnail size-post-thumbnail wp-post-image\" alt=\"\" decoding=\"async\" srcset=\"https:\/\/i0.wp.com\/www.guinee7.com\/wp-content\/uploads\/2025\/05\/IMG-20250511-WA0017.jpg?w=993&amp;ssl=1 993w, https:\/\/i0.wp.com\/www.guinee7.com\/wp-content\/uploads\/2025\/05\/IMG-20250511-WA0017.jpg?resize=300%2C171&amp;ssl=1 300w, https:\/\/i0.wp.com\/www.guinee7.com\/wp-content\/uploads\/2025\/05\/IMG-20250511-WA0017.jpg?resize=768%2C438&amp;ssl=1 768w\" sizes=\"(max-width: 993px) 100vw, 993px\"><\/div>\n<p><span style=\"font-size: 20px;\">La F\u00e9d\u00e9ration Guin\u00e9enne de Sambo se mobilise sur le terrain en vue des Championnats d\u2019Afrique de Sambo, pr\u00e9vus du 23 au 26 mai 2025 \u00e0 Conakry. \u00c0 quelques semaines de ce rendez-vous majeur d\u2019art martial, la f\u00e9d\u00e9ration a tenu une conf\u00e9rence de presse ce dimanche matin, dans la salle du Comit\u00e9 Olympique et Sportif Guin\u00e9en, pour faire le point sur les pr\u00e9paratifs avant l\u2019arriv\u00e9e des d\u00e9l\u00e9gations.<\/span><\/p>\n<p><span style=\"font-size: 20px;\">\u00ab Les pr\u00e9paratifs se d\u00e9roulent tr\u00e8s bien. Nous avons d\u00e9j\u00e0 re\u00e7u une partie des \u00e9quipements envoy\u00e9s par la F\u00e9d\u00e9ration Internationale : accessoires, chaussures, tapis de combat, et d\u2019autres mat\u00e9riels techniques. Deux surfaces de combat suppl\u00e9mentaires, d\u2019une valeur estim\u00e9e entre 25 000 et 30 000 dollars chacune, sont \u00e9galement attendues \u00bb, a confi\u00e9 Amadou Sadigou Bah, pr\u00e9sident de la F\u00e9d\u00e9ration Guin\u00e9enne de Sambo.<\/span><\/p>\n<p><span style=\"font-size: 20px;\">Ensuite, le pr\u00e9sident de la f\u00e9d\u00e9ration a pr\u00e9cis\u00e9 que la d\u00e9signation de la Guin\u00e9e pour accueillir ces championnats est le fruit du travail acharn\u00e9 de son \u00e9quipe. \u00ab Nous avions initialement postul\u00e9 pour organiser l\u2019\u00e9dition 2026. Mais, suite au retrait de l\u2019Alg\u00e9rie, les pays membres ont unanimement vot\u00e9 pour que la Guin\u00e9e accueille les championnats d\u00e8s cette ann\u00e9e. Bien que le d\u00e9fi soit grand, notamment en raison du manque d\u2019infrastructures adapt\u00e9es, nous sommes d\u00e9termin\u00e9s \u00e0 le relever \u00bb.<\/span><\/p>\n<p><span style=\"font-size: 20px;\">Mangu\u00e9 Camara, entra\u00eeneur de l\u2019\u00e9quipe guin\u00e9enne, a \u00e9galement d\u00e9taill\u00e9 le processus de pr\u00e9paration de ses athl\u00e8tes. \u00ab Nous avons travaill\u00e9 selon une pyramide de pr\u00e9paration, divis\u00e9e en trois phases. La premi\u00e8re phase, consacr\u00e9e \u00e0 la pr\u00e9paration physique g\u00e9n\u00e9rale (PPG), nous a permis de renforcer l\u2019endurance et la condition physique g\u00e9n\u00e9rale des athl\u00e8tes. Nous avons ensuite encha\u00een\u00e9 avec des entra\u00eenements techniques pour d\u00e9velopper des strat\u00e9gies adapt\u00e9es face aux techniciens de haut niveau du continent \u00bb.<\/span><\/p>\n<p><span style=\"font-size: 20px;\">Selon la f\u00e9d\u00e9ration, les d\u00e9l\u00e9gations commenceront \u00e0 arriver \u00e0 Conakry d\u00e8s le 20 mai. La c\u00e9r\u00e9monie d\u2019ouverture se tiendra le 23 mai au Palais des Sports, suivie des comp\u00e9titions les 24 et 25 mai. L\u2019\u00e9v\u00e9nement se cl\u00f4turera par une \u00e9preuve de Sambo Beach sur la plage de la Camayenne.<\/span><\/p>\n<p><strong><span style=\"font-size: 20px;\">Thierno Abdoul Barry pour guinee7.com<\/span><\/strong><!--\/data\/user\/0\/com.samsung.android.app.notes\/files\/clipdata\/clipdata_bodytext_250511_225854_428.sdocx--><\/p>\n<\/div>\n","protected":false},"excerpt":{"rendered":"<p>La F\u00e9d\u00e9ration Guin\u00e9enne de Sambo se mobilise sur le terrain en vue des Championnats d\u2019Afrique de Sambo, pr\u00e9vus du 23 au 26 mai 2025 \u00e0 Conakry. \u00c0 quelques semaines de ce rendez-vous majeur d\u2019art martial, la f\u00e9d\u00e9ration a tenu une conf\u00e9rence de presse ce dimanche matin, dans la salle du Comit\u00e9 Olympique et Sportif Guin\u00e9en, &hellip;<\/p>\n","protected":false},"author":1,"featured_media":0,"comment_status":"closed","ping_status":"closed","sticky":false,"template":"","format":"standard","meta":[],"categories":[2],"tags":[22],"_links":{"self":[{"href":"https:\/\/uk.ambagn.staging.e-kaidi.net\/index.php?rest_route=\/wp\/v2\/posts\/81016"}],"collection":[{"href":"https:\/\/uk.ambagn.staging.e-kaidi.net\/index.php?rest_route=\/wp\/v2\/posts"}],"about":[{"href":"https:\/\/uk.ambagn.staging.e-kaidi.net\/index.php?rest_route=\/wp\/v2\/types\/post"}],"author":[{"embeddable":true,"href":"https:\/\/uk.ambagn.staging.e-kaidi.net\/index.php?rest_route=\/wp\/v2\/users\/1"}],"replies":[{"embeddable":true,"href":"https:\/\/uk.ambagn.staging.e-kaidi.net\/index.php?rest_route=%2Fwp%2Fv2%2Fcomments&post=81016"}],"version-history":[{"count":0,"href":"https:\/\/uk.ambagn.staging.e-kaidi.net\/index.php?rest_route=\/wp\/v2\/posts\/81016\/revisions"}],"wp:attachment":[{"href":"https:\/\/uk.ambagn.staging.e-kaidi.net\/index.php?rest_route=%2Fwp%2Fv2%2Fmedia&parent=81016"}],"wp:term":[{"taxonomy":"category","embeddable":true,"href":"https:\/\/uk.ambagn.staging.e-kaidi.net\/index.php?rest_route=%2Fwp%2Fv2%2Fcategories&post=81016"},{"taxonomy":"post_tag","embeddable":true,"href":"https:\/\/uk.ambagn.staging.e-kaidi.net\/index.php?rest_route=%2Fwp%2Fv2%2Ftags&post=81016"}],"curies":[{"name":"wp","href":"https:\/\/api.w.org\/{rel}","templated":true}]}}