{"id":81012,"date":"2025-05-12T09:41:36","date_gmt":"2025-05-12T07:41:36","guid":{"rendered":"https:\/\/uk.ambagn.staging.e-kaidi.net\/?p=81012"},"modified":"2025-05-12T09:41:36","modified_gmt":"2025-05-12T07:41:36","slug":"far-de-labe-clap-de-fin-emouvant-de-la-8%e1%b5%89-edition","status":"publish","type":"post","link":"https:\/\/uk.ambagn.staging.e-kaidi.net\/?p=81012","title":{"rendered":"FAR de Lab\u00e9 : Clap de fin \u00e9mouvant de la 8\u1d49 \u00e9dition"},"content":{"rendered":"<div>\n<div style=\"margin-bottom:20px;\"><img width=\"1280\" height=\"720\"src=\"https:\/\/i0.wp.com\/www.guinee7.com\/wp-content\/uploads\/2025\/05\/IMG-20250511-WA0007.jpg?w=1280&amp;ssl=1\" class=\"attachment-post-thumbnail size-post-thumbnail wp-post-image\" alt=\"\" decoding=\"async\" loading=\"lazy\" srcset=\"https:\/\/i0.wp.com\/www.guinee7.com\/wp-content\/uploads\/2025\/05\/IMG-20250511-WA0007.jpg?w=1280&amp;ssl=1 1280w, https:\/\/i0.wp.com\/www.guinee7.com\/wp-content\/uploads\/2025\/05\/IMG-20250511-WA0007.jpg?resize=300%2C169&amp;ssl=1 300w, https:\/\/i0.wp.com\/www.guinee7.com\/wp-content\/uploads\/2025\/05\/IMG-20250511-WA0007.jpg?resize=1024%2C576&amp;ssl=1 1024w, https:\/\/i0.wp.com\/www.guinee7.com\/wp-content\/uploads\/2025\/05\/IMG-20250511-WA0007.jpg?resize=768%2C432&amp;ssl=1 768w\" sizes=\"auto, (max-width: 1280px) 100vw, 1280px\"><\/div>\n<p><span style=\"font-size: 20px;\">La 8\u1d49 \u00e9dition du Festival des Arts et du Rire (FAR) de Lab\u00e9 \u00e0 baiss\u00e9 ses rideaux dans la nuit du samedi 10 au dimanche 11 mai, dans une ambiance aussi festive qu\u2019\u00e9motive. La c\u00e9r\u00e9monie de cl\u00f4ture, marqu\u00e9e par une grande spontan\u00e9it\u00e9, a atteint son apog\u00e9e lorsque le commissaire g\u00e9n\u00e9ral de l\u2019\u00e9v\u00e9nement, Mamadou Thug, n\u2019a pu retenir ses larmes de gratitude. Devant un public conquis, il a tenu \u00e0 remercier chaleureusement les artistes, festivaliers, partenaires et tous ceux qui ont contribu\u00e9 \u00e0 la r\u00e9ussite de cette \u00e9dition.<\/span><\/p>\n<p><span style=\"font-size: 20px;\">Parmi les personnalit\u00e9s pr\u00e9sentes, on notait la participation du maire de la commune rurale de Lab\u00e9, Thierno Ibrahima Diallo, ainsi que celle de l\u2019inspectrice r\u00e9gionale de la Culture, du Tourisme et de l\u2019Artisanat.<\/span><\/p>\n<p><span style=\"font-size: 20px;\">Les moments forts n\u2019ont pas manqu\u00e9 : Satina, laur\u00e9at du concours d\u2019humour, et Mamadou Faza Sylla, vainqueur du slam pastoral, ont \u00e9t\u00e9 honor\u00e9s et r\u00e9compens\u00e9s, chacun recevant un prix accompagn\u00e9 d\u2019une enveloppe symbolique. Des troph\u00e9es de l\u2019amiti\u00e9 ont \u00e9galement \u00e9t\u00e9 remis \u00e0 trois humoristes venus d\u2019ailleurs, Zongo de la C\u00f4te d\u2019Ivoire, G\u00e9rard du Burkina Faso, et Manitou du Gabon, en guise de remerciement pour leur participation active.<\/span><\/p>\n<p><span style=\"font-size: 20px;\">La sc\u00e8ne du FAR a accueilli de nombreux talents : la chanteuse Marie Louise, l\u2019artiste Sona Seck, ainsi que le groupe de podha de Yero Kesso Kant\u00e9 ont livr\u00e9 des prestations marquantes. De jeunes humoristes et musiciens en herbe ont \u00e9galement eu l\u2019opportunit\u00e9 de se produire devant un public nombreux et enthousiaste.<\/span><\/p>\n<p><span style=\"font-size: 20px;\">La journ\u00e9e de samedi a aussi \u00e9t\u00e9 marqu\u00e9e par des activit\u00e9s \u00e9ducatives impliquant lyc\u00e9ens et coll\u00e9giens, qui ont particip\u00e9 \u00e0 des jeux de culture g\u00e9n\u00e9rale dans une ambiance conviviale et p\u00e9dagogique.<\/span><\/p>\n<p><span style=\"font-size: 20px;\">Ainsi s\u2019est referm\u00e9e cette 8\u1d49 \u00e9dition du Festival des Arts et du Rire, sur une promesse : celle d\u2019une 9\u1d49 \u00e9dition encore plus riche et mieux organis\u00e9e. Toute l\u2019\u00e9quipe s\u2019y engage d\u00e9j\u00e0 avec d\u00e9termination.<\/span><\/p>\n<p><strong><span style=\"font-size: 20px;\">Abdoul Lory Sylla pour Guinee7.com<\/span><\/strong><!--\/data\/user\/0\/com.samsung.android.app.notes\/files\/clipdata\/clipdata_bodytext_250511_131551_517.sdocx--><\/p>\n<\/div>\n","protected":false},"excerpt":{"rendered":"<p>La 8\u1d49 \u00e9dition du Festival des Arts et du Rire (FAR) de Lab\u00e9 \u00e0 baiss\u00e9 ses rideaux dans la nuit du samedi 10 au dimanche 11 mai, dans une ambiance aussi festive qu\u2019\u00e9motive. La c\u00e9r\u00e9monie de cl\u00f4ture, marqu\u00e9e par une grande spontan\u00e9it\u00e9, a atteint son apog\u00e9e lorsque le commissaire g\u00e9n\u00e9ral de l\u2019\u00e9v\u00e9nement, Mamadou Thug, n\u2019a &hellip;<\/p>\n","protected":false},"author":1,"featured_media":0,"comment_status":"closed","ping_status":"closed","sticky":false,"template":"","format":"standard","meta":[],"categories":[2],"tags":[22],"_links":{"self":[{"href":"https:\/\/uk.ambagn.staging.e-kaidi.net\/index.php?rest_route=\/wp\/v2\/posts\/81012"}],"collection":[{"href":"https:\/\/uk.ambagn.staging.e-kaidi.net\/index.php?rest_route=\/wp\/v2\/posts"}],"about":[{"href":"https:\/\/uk.ambagn.staging.e-kaidi.net\/index.php?rest_route=\/wp\/v2\/types\/post"}],"author":[{"embeddable":true,"href":"https:\/\/uk.ambagn.staging.e-kaidi.net\/index.php?rest_route=\/wp\/v2\/users\/1"}],"replies":[{"embeddable":true,"href":"https:\/\/uk.ambagn.staging.e-kaidi.net\/index.php?rest_route=%2Fwp%2Fv2%2Fcomments&post=81012"}],"version-history":[{"count":0,"href":"https:\/\/uk.ambagn.staging.e-kaidi.net\/index.php?rest_route=\/wp\/v2\/posts\/81012\/revisions"}],"wp:attachment":[{"href":"https:\/\/uk.ambagn.staging.e-kaidi.net\/index.php?rest_route=%2Fwp%2Fv2%2Fmedia&parent=81012"}],"wp:term":[{"taxonomy":"category","embeddable":true,"href":"https:\/\/uk.ambagn.staging.e-kaidi.net\/index.php?rest_route=%2Fwp%2Fv2%2Fcategories&post=81012"},{"taxonomy":"post_tag","embeddable":true,"href":"https:\/\/uk.ambagn.staging.e-kaidi.net\/index.php?rest_route=%2Fwp%2Fv2%2Ftags&post=81012"}],"curies":[{"name":"wp","href":"https:\/\/api.w.org\/{rel}","templated":true}]}}