{"id":80969,"date":"2025-05-10T04:19:05","date_gmt":"2025-05-10T02:19:05","guid":{"rendered":"https:\/\/uk.ambagn.staging.e-kaidi.net\/?p=80969"},"modified":"2025-05-10T04:19:05","modified_gmt":"2025-05-10T02:19:05","slug":"robert-sarah-un-guineen-dans-lhistoire-de-leglise-meme-sans-la-tiare-pontificale","status":"publish","type":"post","link":"https:\/\/uk.ambagn.staging.e-kaidi.net\/?p=80969","title":{"rendered":"Robert Sarah, un Guin\u00e9en dans l\u2019Histoire de l\u2019\u00c9glise, m\u00eame sans la tiare pontificale"},"content":{"rendered":"<div>\n<div style=\"margin-bottom:20px;\"><img width=\"2215\" height=\"1443\"src=\"https:\/\/i0.wp.com\/www.guinee7.com\/wp-content\/uploads\/2025\/05\/cardinal-sarah.jpg?w=2215&amp;ssl=1\" class=\"attachment-post-thumbnail size-post-thumbnail wp-post-image\" alt=\"\" decoding=\"async\" loading=\"lazy\" srcset=\"https:\/\/i0.wp.com\/www.guinee7.com\/wp-content\/uploads\/2025\/05\/cardinal-sarah.jpg?w=2215&amp;ssl=1 2215w, https:\/\/i0.wp.com\/www.guinee7.com\/wp-content\/uploads\/2025\/05\/cardinal-sarah.jpg?resize=300%2C195&amp;ssl=1 300w, https:\/\/i0.wp.com\/www.guinee7.com\/wp-content\/uploads\/2025\/05\/cardinal-sarah.jpg?resize=1024%2C667&amp;ssl=1 1024w, https:\/\/i0.wp.com\/www.guinee7.com\/wp-content\/uploads\/2025\/05\/cardinal-sarah.jpg?resize=768%2C500&amp;ssl=1 768w, https:\/\/i0.wp.com\/www.guinee7.com\/wp-content\/uploads\/2025\/05\/cardinal-sarah.jpg?resize=1536%2C1001&amp;ssl=1 1536w, https:\/\/i0.wp.com\/www.guinee7.com\/wp-content\/uploads\/2025\/05\/cardinal-sarah.jpg?resize=2048%2C1334&amp;ssl=1 2048w, https:\/\/i0.wp.com\/www.guinee7.com\/wp-content\/uploads\/2025\/05\/cardinal-sarah.jpg?resize=210%2C136&amp;ssl=1 210w\" sizes=\"auto, (max-width: 2215px) 100vw, 2215px\"><\/div>\n<p>L\u2019\u00e9lection du cardinal L\u00e9on XIV au si\u00e8ge de Saint Pierre marque un nouveau tournant dans l\u2019histoire de l\u2019\u00c9glise catholique. Si la fum\u00e9e blanche n\u2019a pas consacr\u00e9 le cardinal guin\u00e9en Robert Sarah, beaucoup de ses compatriotes et de fid\u00e8les \u00e0 travers le monde peuvent, \u00e0 juste titre, nourrir une fiert\u00e9 l\u00e9gitime. Car m\u00eame sans avoir acc\u00e9d\u00e9 au tr\u00f4ne pontifical, le nom du cardinal Sarah est d\u00e9sormais grav\u00e9 dans la m\u00e9moire collective de l\u2019\u00c9glise comme celui d\u2019un homme de Dieu, profond\u00e9ment respect\u00e9 pour son int\u00e9grit\u00e9 morale, son \u00e9rudition religieuse et sa rigueur spirituelle.<\/p>\n<p>Originaire de Guin\u00e9e, le cardinal Sarah a toujours incarn\u00e9 une voix singuli\u00e8re, \u00e0 la fois ferme et proph\u00e9tique, au sein de la hi\u00e9rarchie catholique. Dans un monde religieux parfois tiraill\u00e9 entre modernit\u00e9 effervescente et fid\u00e9lit\u00e9 \u00e0 la tradition, il s\u2019est impos\u00e9 par une parole claire, exigeante, mais toujours ancr\u00e9e dans l\u2019essentiel : la foi, la vraie, celle qui \u00e9l\u00e8ve l\u2019\u00e2me et d\u00e9fie les compromissions.<\/p>\n<p>Il serait na\u00eff de penser que les raisons de son non-\u00e9lection rel\u00e8vent uniquement du d\u00e9bat th\u00e9ologique ou de la volont\u00e9 divine. Le monde actuel, et l\u2019\u00c9glise avec lui, est travers\u00e9 par des consid\u00e9rations humaines, parfois diplomatiques, parfois id\u00e9ologiques, qui influent sur des choix aussi symboliques que celui du successeur de Pierre. Certains diront que les temps ne sont pas encore m\u00fbrs pour un pape africain, d\u2019autres invoqueront le positionnement doctrinal du cardinal Sarah, souvent jug\u00e9 conservateur dans un climat o\u00f9 le progressisme gagne du terrain. Mais ces lectures ne sauraient effacer l\u2019essentiel : le cardinal Sarah aura \u00e9t\u00e9 consid\u00e9r\u00e9, et ce n\u2019est pas rien.<\/p>\n<p>Qu\u2019il ait acc\u00e9d\u00e9 ou non au sommet de l\u2019\u00c9glise visible, Robert Sarah aura d\u00e9j\u00e0 acc\u00e9d\u00e9 \u00e0 un sommet bien plus grand : celui du respect des fid\u00e8les, de la reconnaissance de ses pairs, et d\u2019une post\u00e9rit\u00e9 spirituelle dont peu peuvent se pr\u00e9valoir. Il est et restera une conscience religieuse de notre temps, un \u00e9clat africain dans la lumi\u00e8re catholique universelle.<\/p>\n<p>Les Guin\u00e9ens, croyants ou non, peuvent s\u2019estimer honor\u00e9s d\u2019avoir vu l\u2019un des leurs figurer parmi les pr\u00e9tendants les plus cr\u00e9dibles \u00e0 la papaut\u00e9. \u00c0 travers lui, c\u2019est toute une nation, souvent marginalis\u00e9e dans les cercles de pouvoir mondiaux, qui a rappel\u00e9 au monde qu\u2019elle pouvait aussi offrir des figures d\u2019envergure universelle.<\/p>\n<p>Robert Sarah n\u2019a pas besoin de la tiare pour entrer dans l\u2019histoire. Il y est d\u00e9j\u00e0.<\/p>\n<p><strong>Ibrahima S. Traor\u00e9 pour guinee7.com<\/strong><\/p>\n<\/div>\n","protected":false},"excerpt":{"rendered":"<p>L\u2019\u00e9lection du cardinal L\u00e9on XIV au si\u00e8ge de Saint Pierre marque un nouveau tournant dans l\u2019histoire de l\u2019\u00c9glise catholique. Si la fum\u00e9e blanche n\u2019a pas consacr\u00e9 le cardinal guin\u00e9en Robert Sarah, beaucoup de ses compatriotes et de fid\u00e8les \u00e0 travers le monde peuvent, \u00e0 juste titre, nourrir une fiert\u00e9 l\u00e9gitime. Car m\u00eame sans avoir acc\u00e9d\u00e9 &hellip;<\/p>\n","protected":false},"author":1,"featured_media":0,"comment_status":"closed","ping_status":"closed","sticky":false,"template":"","format":"standard","meta":[],"categories":[2],"tags":[22],"_links":{"self":[{"href":"https:\/\/uk.ambagn.staging.e-kaidi.net\/index.php?rest_route=\/wp\/v2\/posts\/80969"}],"collection":[{"href":"https:\/\/uk.ambagn.staging.e-kaidi.net\/index.php?rest_route=\/wp\/v2\/posts"}],"about":[{"href":"https:\/\/uk.ambagn.staging.e-kaidi.net\/index.php?rest_route=\/wp\/v2\/types\/post"}],"author":[{"embeddable":true,"href":"https:\/\/uk.ambagn.staging.e-kaidi.net\/index.php?rest_route=\/wp\/v2\/users\/1"}],"replies":[{"embeddable":true,"href":"https:\/\/uk.ambagn.staging.e-kaidi.net\/index.php?rest_route=%2Fwp%2Fv2%2Fcomments&post=80969"}],"version-history":[{"count":0,"href":"https:\/\/uk.ambagn.staging.e-kaidi.net\/index.php?rest_route=\/wp\/v2\/posts\/80969\/revisions"}],"wp:attachment":[{"href":"https:\/\/uk.ambagn.staging.e-kaidi.net\/index.php?rest_route=%2Fwp%2Fv2%2Fmedia&parent=80969"}],"wp:term":[{"taxonomy":"category","embeddable":true,"href":"https:\/\/uk.ambagn.staging.e-kaidi.net\/index.php?rest_route=%2Fwp%2Fv2%2Fcategories&post=80969"},{"taxonomy":"post_tag","embeddable":true,"href":"https:\/\/uk.ambagn.staging.e-kaidi.net\/index.php?rest_route=%2Fwp%2Fv2%2Ftags&post=80969"}],"curies":[{"name":"wp","href":"https:\/\/api.w.org\/{rel}","templated":true}]}}