{"id":80954,"date":"2025-05-09T07:25:51","date_gmt":"2025-05-09T05:25:51","guid":{"rendered":"https:\/\/uk.ambagn.staging.e-kaidi.net\/?p=80954"},"modified":"2025-05-09T07:25:51","modified_gmt":"2025-05-09T05:25:51","slug":"crief-voici-ce-que-risque-lex-president-de-lassemblee","status":"publish","type":"post","link":"https:\/\/uk.ambagn.staging.e-kaidi.net\/?p=80954","title":{"rendered":"Crief. Voici ce que risque l\u2019ex-pr\u00e9sident de l\u2019Assembl\u00e9e"},"content":{"rendered":"<div>\n<div style=\"margin-bottom:20px;\"><img width=\"800\" height=\"360\"src=\"https:\/\/i0.wp.com\/www.guinee7.com\/wp-content\/uploads\/2024\/01\/Damaro.jpg?w=800&amp;ssl=1\" class=\"attachment-post-thumbnail size-post-thumbnail wp-post-image\" alt=\"\" decoding=\"async\" loading=\"lazy\" srcset=\"https:\/\/i0.wp.com\/www.guinee7.com\/wp-content\/uploads\/2024\/01\/Damaro.jpg?w=800&amp;ssl=1 800w, https:\/\/i0.wp.com\/www.guinee7.com\/wp-content\/uploads\/2024\/01\/Damaro.jpg?resize=300%2C135&amp;ssl=1 300w, https:\/\/i0.wp.com\/www.guinee7.com\/wp-content\/uploads\/2024\/01\/Damaro.jpg?resize=768%2C346&amp;ssl=1 768w\" sizes=\"auto, (max-width: 800px) 100vw, 800px\"><\/div>\n<p><span style=\"font-size: 20px;\">Les r\u00e9quisitions et plaidoiries dans le proc\u00e8s en appel d\u2019Amadou Damaro Camara, ancien pr\u00e9sident de l\u2019Assembl\u00e9e nationale, ont eu lieu ce jeudi 8 mai 2025. D\u2019abord, c\u2019est l\u2019avocat de la partie civile qui a ouvert les d\u00e9bats devant la chambre des appels de la Cour de r\u00e9pression des infractions \u00e9conomiques et financi\u00e8res (CRIEF).<\/span><\/p>\n<p><span style=\"font-size: 20px;\">Apr\u00e8s un bref rappel des faits, il a plaid\u00e9 pour que la Cour confirme la d\u00e9cision d\u2019instance condamnant Amadou Damaro Camara. Il plaide aussi que la cour ordonne la confiscation des biens de l\u2019ancien pr\u00e9sident du parlement guin\u00e9en au profit de l\u2019\u00c9tat. <\/span><\/p>\n<p><strong><span style=\"font-size: 20px;\">De la r\u00e9quisition du parquet sp\u00e9cial <\/span><\/strong><\/p>\n<p><span style=\"font-size: 20px;\">C\u2019est le procureur sp\u00e9cial pr\u00e8s de la CRIEF, Aly Tour\u00e9, qui a pr\u00e9sent\u00e9 les r\u00e9quisitions du parquet. Selon lui, le d\u00e9lit de corruption est \u00e9tabli contre Damaro Camara. <\/span><\/p>\n<p><span style=\"font-size: 20px;\">\u00ab En consid\u00e9rant que le march\u00e9 qui a \u00e9t\u00e9 octroy\u00e9 \u00e0 la soci\u00e9t\u00e9 de M. Kim n\u2019a pas ob\u00e9i aux r\u00e8gles basiques de passation des march\u00e9s publics, beaucoup de dispositions y ont \u00e9t\u00e9 viol\u00e9es. Ma conclusion, c\u2019est qu\u2019il y a in\u00e9luctablement corruption sur la base des dispositions de l\u2019article 52 de la loi sur la corruption et les premiers juges ont condamn\u00e9 sur la base de cette disposition <\/span><span style=\"font-size: 20px;\">\u00bb<\/span><span style=\"font-size: 20px;\">, a d\u00e9clar\u00e9 Aly Tour\u00e9. <\/span><\/p>\n<p><span style=\"font-size: 20px;\">\u00ab <\/span><span style=\"font-size: 20px;\">Nous sommes d\u2019accord sur toutes les dispositions relatives \u00e0 l\u2019action publique du jugement (en instance) qu\u2019elle est et nous vous invitons \u00e0 vous saisir enti\u00e8rement de cette proc\u00e9dure et \u00e0 confirmer ce jugement en toutes ses dispositions au niveau de l\u2019action publique <\/span><span style=\"font-size: 20px;\">\u00bb<\/span><span style=\"font-size: 20px;\">, a-t-il requis. <\/span><\/p>\n<p><span style=\"font-size: 20px;\">Il faut rappeler que la chambre de jugement de la CRIEF avait condamn\u00e9 Amadou Damaro Camara \u00e0 4 ans d\u2019emprisonnement et au paiement d\u2019une amende de 10 millions de fg. Sur l\u2019action civile, il a \u00e9t\u00e9 condamn\u00e9 solidairement avec ses coaccus\u00e9s \u00e0 payer \u00e0 l\u2019\u00c9tat guin\u00e9en un montant de 5 milliards de francs guin\u00e9ens \u00e0 titre de dommages et int\u00e9r\u00eats.<\/span><\/p>\n<p><span style=\"font-size: 20px;\">La plaidoirie de la d\u00e9fense est en cours. <\/span><\/p>\n<p><strong><span style=\"font-size: 20px;\">Bhoye Barry pour guinee7.com<\/span><\/strong><!--\/data\/user\/0\/com.samsung.android.app.notes\/files\/clipdata\/clipdata_bodytext_250508_170630_582.sdocx--><\/p>\n<\/div>\n","protected":false},"excerpt":{"rendered":"<p>Les r\u00e9quisitions et plaidoiries dans le proc\u00e8s en appel d\u2019Amadou Damaro Camara, ancien pr\u00e9sident de l\u2019Assembl\u00e9e nationale, ont eu lieu ce jeudi 8 mai 2025. D\u2019abord, c\u2019est l\u2019avocat de la partie civile qui a ouvert les d\u00e9bats devant la chambre des appels de la Cour de r\u00e9pression des infractions \u00e9conomiques et financi\u00e8res (CRIEF). Apr\u00e8s un &hellip;<\/p>\n","protected":false},"author":1,"featured_media":0,"comment_status":"closed","ping_status":"closed","sticky":false,"template":"","format":"standard","meta":[],"categories":[2],"tags":[22],"_links":{"self":[{"href":"https:\/\/uk.ambagn.staging.e-kaidi.net\/index.php?rest_route=\/wp\/v2\/posts\/80954"}],"collection":[{"href":"https:\/\/uk.ambagn.staging.e-kaidi.net\/index.php?rest_route=\/wp\/v2\/posts"}],"about":[{"href":"https:\/\/uk.ambagn.staging.e-kaidi.net\/index.php?rest_route=\/wp\/v2\/types\/post"}],"author":[{"embeddable":true,"href":"https:\/\/uk.ambagn.staging.e-kaidi.net\/index.php?rest_route=\/wp\/v2\/users\/1"}],"replies":[{"embeddable":true,"href":"https:\/\/uk.ambagn.staging.e-kaidi.net\/index.php?rest_route=%2Fwp%2Fv2%2Fcomments&post=80954"}],"version-history":[{"count":0,"href":"https:\/\/uk.ambagn.staging.e-kaidi.net\/index.php?rest_route=\/wp\/v2\/posts\/80954\/revisions"}],"wp:attachment":[{"href":"https:\/\/uk.ambagn.staging.e-kaidi.net\/index.php?rest_route=%2Fwp%2Fv2%2Fmedia&parent=80954"}],"wp:term":[{"taxonomy":"category","embeddable":true,"href":"https:\/\/uk.ambagn.staging.e-kaidi.net\/index.php?rest_route=%2Fwp%2Fv2%2Fcategories&post=80954"},{"taxonomy":"post_tag","embeddable":true,"href":"https:\/\/uk.ambagn.staging.e-kaidi.net\/index.php?rest_route=%2Fwp%2Fv2%2Ftags&post=80954"}],"curies":[{"name":"wp","href":"https:\/\/api.w.org\/{rel}","templated":true}]}}