{"id":80953,"date":"2025-05-09T07:25:51","date_gmt":"2025-05-09T05:25:51","guid":{"rendered":"https:\/\/uk.ambagn.staging.e-kaidi.net\/?p=80953"},"modified":"2025-05-09T07:25:51","modified_gmt":"2025-05-09T05:25:51","slug":"crief-la-cour-rejette-la-demande-de-comparution-des-fils-de-mohamed-diane","status":"publish","type":"post","link":"https:\/\/uk.ambagn.staging.e-kaidi.net\/?p=80953","title":{"rendered":"CRIEF : la Cour rejette la demande de comparution des fils de Mohamed Dian\u00e9"},"content":{"rendered":"<div>\n<div style=\"margin-bottom:20px;\"><img width=\"800\" height=\"360\"src=\"https:\/\/i0.wp.com\/www.guinee7.com\/wp-content\/uploads\/2024\/04\/Dr-Mohamed-Diane.jpeg?w=800&amp;ssl=1\" class=\"attachment-post-thumbnail size-post-thumbnail wp-post-image\" alt=\"\" decoding=\"async\" loading=\"lazy\" srcset=\"https:\/\/i0.wp.com\/www.guinee7.com\/wp-content\/uploads\/2024\/04\/Dr-Mohamed-Diane.jpeg?w=800&amp;ssl=1 800w, https:\/\/i0.wp.com\/www.guinee7.com\/wp-content\/uploads\/2024\/04\/Dr-Mohamed-Diane.jpeg?resize=300%2C135&amp;ssl=1 300w, https:\/\/i0.wp.com\/www.guinee7.com\/wp-content\/uploads\/2024\/04\/Dr-Mohamed-Diane.jpeg?resize=768%2C346&amp;ssl=1 768w\" sizes=\"auto, (max-width: 800px) 100vw, 800px\"><\/div>\n<p><span style=\"font-size: 20px;\">Le proc\u00e8s en appel de l\u2019ancien ministre de la D\u00e9fense Mohamed Dian\u00e9 s\u2019est poursuivi, ce jeudi 8 mai 2025, devant la cour de r\u00e9pression des infractions \u00e9conomiques et financi\u00e8res (CRIEF). \u00c0 l\u2019audience du jour, les infractions <\/span><span style=\"font-size: 20px;\">\u00ab <\/span><span style=\"font-size: 20px;\">d\u2019enrichissement illicite et de blanchiment de capitaux <\/span><span style=\"font-size: 20px;\">\u00bb<\/span><span style=\"font-size: 20px;\"> \u00e9taient au centre des d\u00e9bats. Dr Mohamed Dian\u00e9 a rejet\u00e9 les accusations port\u00e9es contre lui.<\/span><\/p>\n<p><strong><span style=\"font-size: 20px;\">\u00ab <\/span><span style=\"font-size: 20px;\">enrichissement illicite <\/span><span style=\"font-size: 20px;\">\u00bb<\/span><\/strong><\/p>\n<p><span style=\"font-size: 20px;\">Pour cette infraction, l\u2019ancien ministre clame son innocence. \u00c0 la barre, Mohamed Dian\u00e9 d\u00e9clare qu\u2019il vivait en Bulgarie. C\u2019est en 1990 qu\u2019il est venu en Guin\u00e9e <\/span><span style=\"font-size: 20px;\">\u00ab <\/span><span style=\"font-size: 20px;\">avec pr\u00e8s de 50 000 dollars am\u00e9ricains, en nature et en esp\u00e8ces, dont 30 000 dollars en liquide <\/span><span style=\"font-size: 20px;\">\u00bb<\/span><span style=\"font-size: 20px;\">. Il pr\u00e9cise que ce montant a \u00e9t\u00e9 investi dans plusieurs activit\u00e9s en Guin\u00e9e. <\/span><\/p>\n<p><span style=\"font-size: 20px;\">Mohamed Dian\u00e9 a donn\u00e9 des explications sur sa ferme avicole qui se situe \u00e0 Kankan. Selon lui, c\u2019est en 2007 qu\u2019il a acquis le domaine, mais son \u00e9volution nette s\u2019est pass\u00e9e en 2012. <\/span><span style=\"font-size: 20px;\">\u00ab <\/span><span style=\"font-size: 20px;\">En 2015, on avait 12\u00a0000\u00a0pondeuses, 200 alv\u00e9oles par jour. \u00c0 l\u2019\u00e9poque, une alv\u00e9ole co\u00fbtait 35 000 FG. <\/span><span style=\"font-size: 20px;\">\u00bb<\/span><\/p>\n<p><span style=\"font-size: 20px;\">En ce qui concerne son h\u00f4tel de Kankan, Dr Dian\u00e9 d\u00e9clare avoir acquis la parcelle pendant qu\u2019il \u00e9tait aux affaires, mais pr\u00e9cise que l\u2019\u00e9difice appartient \u00e0 sa fille. Il indique que l\u2019h\u00f4tel a \u00e9t\u00e9 construit par les ressources de la ferme et les activit\u00e9s de sa fille qui \u00e9volue dans le BTP.<\/span><\/p>\n<p><span style=\"font-size: 20px;\">Un immeuble construit \u00e0 la Sig Madina est attribu\u00e9 \u00e0 M. Dian\u00e9. L\u00e0-dessus, le pr\u00e9venu a rejet\u00e9 cette accusation tout en pr\u00e9cisant que : \u00ab\u00a0je n\u2019ai aucun immeuble \u00e0 Conakry\u00a0\u00bb.<\/span><\/p>\n<p><span style=\"font-size: 20px;\">Par rapport aux immeubles list\u00e9s dans la d\u00e9cision en instance, Mohamed Dian\u00e9 d\u00e9clare : <\/span><span style=\"font-size: 20px;\">\u00ab <\/span><span style=\"font-size: 20px;\">Je vous invite \u00e0 produire des preuves \u00e9tablissant que ces six immeubles m\u2019appartiennent. Vous pouvez les saisir si vous \u00eates convaincus qu\u2019ils sont \u00e0 moi. <\/span><span style=\"font-size: 20px;\">\u00bb<\/span><\/p>\n<p><strong><span style=\"font-size: 20px;\">Demande de comparution des fils et de la femme de Mohamed Dian\u00e9<\/span><\/strong><\/p>\n<p><span style=\"font-size: 20px;\">Au cours des d\u00e9bats, la partie civile a introduit une demande aupr\u00e8s de la cour. Il s\u2019agit de la comparution des enfants et de la femme de Mohamed D\u00een\u00e9. \u00ab La partie civile est dans la dynamique de la manifestation de la v\u00e9rit\u00e9. Nous ne sommes pas l\u00e0 contre quelqu\u2019un <\/span><span style=\"font-size: 20px;\">\u00bb<\/span><span style=\"font-size: 20px;\">, a lanc\u00e9 Me P\u00e9p\u00e9 Antoine Lamah, un des avocats de la partie civile. <\/span><\/p>\n<p><span style=\"font-size: 20px;\">Selon la partie civile, leur comparution va favoriser la manifestation de la v\u00e9rit\u00e9 et justifier les biens qui leur sont attribu\u00e9s. Elle demande aussi \u00e0 la cour d\u2019identifier un immeuble qui se trouve \u00e0 la Sig Madina. <\/span><\/p>\n<p><span style=\"font-size: 20px;\">Sur ces demandes, le parquet sp\u00e9cial ne trouve pas d\u2019objection. Aly Tour\u00e9 affirme d\u2019ailleurs que les avocats ont demand\u00e9 le droit.<\/span><\/p>\n<p><span style=\"font-size: 20px;\">Dans ses r\u00e9pliques, les avocats du pr\u00e9venu soulignent que cette demande se heurte \u00e0 des obstacles juridiques. \u00c0 propos de la comparution des filles et de la femme, la d\u00e9fense de Dian\u00e9 soutient que c\u2019est contraire \u00e0 l\u2019esprit du droit p\u00e9nal. <\/span><span style=\"font-size: 20px;\">\u00ab <\/span><span style=\"font-size: 20px;\">Rejetez cette demande <\/span><span style=\"font-size: 20px;\">\u00bb<\/span><span style=\"font-size: 20px;\">, a lanc\u00e9 Me Sidiki B\u00e9r\u00e9t\u00e9. Et \u00e0 Me Traor\u00e9 de rench\u00e9rir : <\/span><span style=\"font-size: 20px;\">\u00ab <\/span><span style=\"font-size: 20px;\">il n\u2019y a aucun nom des fils ou de la femme de M. Dian\u00e9 dans les pr\u00eate-noms <\/span><span style=\"font-size: 20px;\">\u00bb<\/span><span style=\"font-size: 20px;\"> pour l\u2019immeuble concern\u00e9. <\/span><\/p>\n<p><span style=\"font-size: 20px;\">Me Traor\u00e9 soutient mordicus que les discussions doivent se porter sur le contenu du jugement qui a fait l\u2019objet de l\u2019appel. Il affirme que si la cour ordonne l\u2019identification de certains biens outre celle mentionn\u00e9e dans le jugement, \u00e0 ce moment-l\u00e0 \u201celle prend position en faveur de la partie civile et du parquet\u201d.<\/span><\/p>\n<p><span style=\"font-size: 20px;\">Dans sa d\u00e9cision, la Cour a rejet\u00e9 la demande de comparution des fils et de la femme de Mohamed Dian\u00e9. Cependant, elle ordonne la comparution de la soci\u00e9t\u00e9 Diaoun\u00e9 et fr\u00e8re, SOGEFEL, de l\u2019ing\u00e9nieur Faya Tolno, du directeur g\u00e9n\u00e9ral de DOCAD.<\/span><\/p>\n<p><strong><span style=\"font-size: 20px;\">\u00ab blanchiment de capitaux <\/span><span style=\"font-size: 20px;\">\u00bb<\/span><\/strong><\/p>\n<p><span style=\"font-size: 20px;\">Sur cette infraction, le pr\u00e9venu dit \u00eatre confus de la d\u00e9cision en instance et ne reconna\u00eet pas les faits. \u201cJe suis tr\u00e8s confus parce que, dans la d\u00e9cision, il n\u2019y a aucun montant des capitaux blanchis. On ne prend pas dans quelle activit\u00e9 o\u00f9 j\u2019ai blanchi ces capitaux. Je ne reconnais pas les faits, je n\u2019ai blanchi aucun fond\u201d, a d\u00e9clar\u00e9 Mohamed Dian\u00e9.<\/span><\/p>\n<p><span style=\"font-size: 20px;\">Le dossier est renvoy\u00e9 au 22 mai prochain pour la suite des d\u00e9bats. <\/span><\/p>\n<p><strong><span style=\"font-size: 20px;\">Bhoye Barry pour guinee7.com<\/span><\/strong><br \/><!--\/data\/user\/0\/com.samsung.android.app.notes\/files\/clipdata\/clipdata_bodytext_250508_154425_112.sdocx--><\/p>\n<\/div>\n","protected":false},"excerpt":{"rendered":"<p>Le proc\u00e8s en appel de l\u2019ancien ministre de la D\u00e9fense Mohamed Dian\u00e9 s\u2019est poursuivi, ce jeudi 8 mai 2025, devant la cour de r\u00e9pression des infractions \u00e9conomiques et financi\u00e8res (CRIEF). \u00c0 l\u2019audience du jour, les infractions \u00ab d\u2019enrichissement illicite et de blanchiment de capitaux \u00bb \u00e9taient au centre des d\u00e9bats. Dr Mohamed Dian\u00e9 a rejet\u00e9 &hellip;<\/p>\n","protected":false},"author":1,"featured_media":0,"comment_status":"closed","ping_status":"closed","sticky":false,"template":"","format":"standard","meta":[],"categories":[2],"tags":[22],"_links":{"self":[{"href":"https:\/\/uk.ambagn.staging.e-kaidi.net\/index.php?rest_route=\/wp\/v2\/posts\/80953"}],"collection":[{"href":"https:\/\/uk.ambagn.staging.e-kaidi.net\/index.php?rest_route=\/wp\/v2\/posts"}],"about":[{"href":"https:\/\/uk.ambagn.staging.e-kaidi.net\/index.php?rest_route=\/wp\/v2\/types\/post"}],"author":[{"embeddable":true,"href":"https:\/\/uk.ambagn.staging.e-kaidi.net\/index.php?rest_route=\/wp\/v2\/users\/1"}],"replies":[{"embeddable":true,"href":"https:\/\/uk.ambagn.staging.e-kaidi.net\/index.php?rest_route=%2Fwp%2Fv2%2Fcomments&post=80953"}],"version-history":[{"count":0,"href":"https:\/\/uk.ambagn.staging.e-kaidi.net\/index.php?rest_route=\/wp\/v2\/posts\/80953\/revisions"}],"wp:attachment":[{"href":"https:\/\/uk.ambagn.staging.e-kaidi.net\/index.php?rest_route=%2Fwp%2Fv2%2Fmedia&parent=80953"}],"wp:term":[{"taxonomy":"category","embeddable":true,"href":"https:\/\/uk.ambagn.staging.e-kaidi.net\/index.php?rest_route=%2Fwp%2Fv2%2Fcategories&post=80953"},{"taxonomy":"post_tag","embeddable":true,"href":"https:\/\/uk.ambagn.staging.e-kaidi.net\/index.php?rest_route=%2Fwp%2Fv2%2Ftags&post=80953"}],"curies":[{"name":"wp","href":"https:\/\/api.w.org\/{rel}","templated":true}]}}