{"id":80919,"date":"2025-05-07T23:22:54","date_gmt":"2025-05-07T21:22:54","guid":{"rendered":"https:\/\/uk.ambagn.staging.e-kaidi.net\/?p=80919"},"modified":"2025-05-07T23:22:54","modified_gmt":"2025-05-07T21:22:54","slug":"guinee-general-doumbouya-attendu-ce-jeudi-a-conakry","status":"publish","type":"post","link":"https:\/\/uk.ambagn.staging.e-kaidi.net\/?p=80919","title":{"rendered":"Guin\u00e9e\u00a0: g\u00e9n\u00e9ral Doumbouya attendu ce jeudi \u00e0 Conakry"},"content":{"rendered":"<div>\n<div style=\"margin-bottom:20px;\"><img width=\"800\" height=\"699\"src=\"https:\/\/i0.wp.com\/www.guinee7.com\/wp-content\/uploads\/2023\/09\/Mamadi-Doumbouya-1.jpg?w=800&amp;ssl=1\" class=\"attachment-post-thumbnail size-post-thumbnail wp-post-image\" alt=\"\" decoding=\"async\" srcset=\"https:\/\/i0.wp.com\/www.guinee7.com\/wp-content\/uploads\/2023\/09\/Mamadi-Doumbouya-1.jpg?w=800&amp;ssl=1 800w, https:\/\/i0.wp.com\/www.guinee7.com\/wp-content\/uploads\/2023\/09\/Mamadi-Doumbouya-1.jpg?resize=300%2C262&amp;ssl=1 300w, https:\/\/i0.wp.com\/www.guinee7.com\/wp-content\/uploads\/2023\/09\/Mamadi-Doumbouya-1.jpg?resize=768%2C671&amp;ssl=1 768w\" sizes=\"(max-width: 800px) 100vw, 800px\"><\/div>\n<p><span style=\"font-size: 20px;\">L\u2019information vient de nous parvenir. Selon un communiqu\u00e9 de la pr\u00e9sidence de la R\u00e9publique, le pr\u00e9sident de la transition, g\u00e9n\u00e9ral Mamadi Doumbouya, regagnera la capitale guin\u00e9enne ce jeudi 8\u00a0mai. <\/span><\/p>\n<p><span style=\"font-size: 20px;\">Plusieurs personnalit\u00e9s du gouvernement, dont le Premier ministre, Bah Oury, le pr\u00e9sident du CNT, Dr Dansa Kourouma, et les missions diplomatiques pr\u00e9sentes en Guin\u00e9e, sont convi\u00e9es au c\u00e9r\u00e9monial d\u2019accueil pr\u00e9vu \u00e0 11 h \u00e0 l\u2019a\u00e9roport international Ahmed S\u00e9kou Tour\u00e9 de Conakry. <\/span><\/p>\n<p><span style=\"font-size: 20px;\">Pour rappel, le pr\u00e9sident du CNRD s\u2019est rendu \u00e0 Kigali au Rwanda, o\u00f9 il a \u00e9chang\u00e9 avec le pr\u00e9sident Paul Kagam\u00e9 sur des questions li\u00e9es au renforcement de la coop\u00e9ration entre ces deux pays. Il a par la suite pris la direction de Libreville pour assister \u00e0 l\u2019investiture du pr\u00e9sident gabonais Brice Oligui Nguema. <\/span><\/p>\n<p><strong><span style=\"font-size: 20px;\">Ibrahima Sory Diallo pour Guinee7.com\u00a0<\/span><\/strong><!--\/data\/user\/0\/com.samsung.android.app.notes\/files\/clipdata\/clipdata_bodytext_250507_151503_414.sdocx--><\/p>\n<\/div>\n","protected":false},"excerpt":{"rendered":"<p>L\u2019information vient de nous parvenir. Selon un communiqu\u00e9 de la pr\u00e9sidence de la R\u00e9publique, le pr\u00e9sident de la transition, g\u00e9n\u00e9ral Mamadi Doumbouya, regagnera la capitale guin\u00e9enne ce jeudi 8\u00a0mai. Plusieurs personnalit\u00e9s du gouvernement, dont le Premier ministre, Bah Oury, le pr\u00e9sident du CNT, Dr Dansa Kourouma, et les missions diplomatiques pr\u00e9sentes en Guin\u00e9e, sont convi\u00e9es &hellip;<\/p>\n","protected":false},"author":1,"featured_media":0,"comment_status":"closed","ping_status":"closed","sticky":false,"template":"","format":"standard","meta":[],"categories":[2],"tags":[22],"_links":{"self":[{"href":"https:\/\/uk.ambagn.staging.e-kaidi.net\/index.php?rest_route=\/wp\/v2\/posts\/80919"}],"collection":[{"href":"https:\/\/uk.ambagn.staging.e-kaidi.net\/index.php?rest_route=\/wp\/v2\/posts"}],"about":[{"href":"https:\/\/uk.ambagn.staging.e-kaidi.net\/index.php?rest_route=\/wp\/v2\/types\/post"}],"author":[{"embeddable":true,"href":"https:\/\/uk.ambagn.staging.e-kaidi.net\/index.php?rest_route=\/wp\/v2\/users\/1"}],"replies":[{"embeddable":true,"href":"https:\/\/uk.ambagn.staging.e-kaidi.net\/index.php?rest_route=%2Fwp%2Fv2%2Fcomments&post=80919"}],"version-history":[{"count":0,"href":"https:\/\/uk.ambagn.staging.e-kaidi.net\/index.php?rest_route=\/wp\/v2\/posts\/80919\/revisions"}],"wp:attachment":[{"href":"https:\/\/uk.ambagn.staging.e-kaidi.net\/index.php?rest_route=%2Fwp%2Fv2%2Fmedia&parent=80919"}],"wp:term":[{"taxonomy":"category","embeddable":true,"href":"https:\/\/uk.ambagn.staging.e-kaidi.net\/index.php?rest_route=%2Fwp%2Fv2%2Fcategories&post=80919"},{"taxonomy":"post_tag","embeddable":true,"href":"https:\/\/uk.ambagn.staging.e-kaidi.net\/index.php?rest_route=%2Fwp%2Fv2%2Ftags&post=80919"}],"curies":[{"name":"wp","href":"https:\/\/api.w.org\/{rel}","templated":true}]}}