{"id":80918,"date":"2025-05-07T23:22:53","date_gmt":"2025-05-07T21:22:53","guid":{"rendered":"https:\/\/uk.ambagn.staging.e-kaidi.net\/?p=80918"},"modified":"2025-05-07T23:22:53","modified_gmt":"2025-05-07T21:22:53","slug":"conakry-lancement-du-recensement-administratif-dans-les-etablissements-denseignement-technique","status":"publish","type":"post","link":"https:\/\/uk.ambagn.staging.e-kaidi.net\/?p=80918","title":{"rendered":"Conakry : Lancement du recensement administratif dans les \u00e9tablissements d\u2019enseignement technique"},"content":{"rendered":"<div>\n<div style=\"margin-bottom:20px;\"><img width=\"1020\" height=\"574\"src=\"https:\/\/i0.wp.com\/www.guinee7.com\/wp-content\/uploads\/2025\/05\/IMG-20250507-WA0011.jpg?w=1020&amp;ssl=1\" class=\"attachment-post-thumbnail size-post-thumbnail wp-post-image\" alt=\"\" decoding=\"async\" loading=\"lazy\" srcset=\"https:\/\/i0.wp.com\/www.guinee7.com\/wp-content\/uploads\/2025\/05\/IMG-20250507-WA0011.jpg?w=1020&amp;ssl=1 1020w, https:\/\/i0.wp.com\/www.guinee7.com\/wp-content\/uploads\/2025\/05\/IMG-20250507-WA0011.jpg?resize=300%2C169&amp;ssl=1 300w, https:\/\/i0.wp.com\/www.guinee7.com\/wp-content\/uploads\/2025\/05\/IMG-20250507-WA0011.jpg?resize=768%2C432&amp;ssl=1 768w\" sizes=\"auto, (max-width: 1020px) 100vw, 1020px\"><\/div>\n<p><span style=\"font-size: 20px;\">Le recensement administratif \u00e0 vocation d\u2019\u00e9tat civil a \u00e9t\u00e9 officiellement lanc\u00e9 ce mercredi 7 mai 2025 \u00e0 Conakry, dans les \u00e9tablissements d\u2019enseignement technique et de formation professionnelle. C\u2019est la ministre de l\u2019Enseignement technique, de la formation professionnelle et de l\u2019emploi, Aminata Kaba, qui a proc\u00e9d\u00e9 au lancement de l\u2019op\u00e9ration \u00e0 l\u2019\u00c9cole nationale des postes et t\u00e9l\u00e9communications de Kip\u00e9, dans la commune de Ratoma.<\/span><\/p>\n<p><span style=\"font-size: 20px;\">Avant le coup d\u2019envoi de la c\u00e9r\u00e9monie, la ministre, accompagn\u00e9e de Djenab Tour\u00e9, directrice g\u00e9n\u00e9rale des affaires politiques et de l\u2019administration \u00e9lectorale au minist\u00e8re de l\u2019Administration du territoire et de la d\u00e9centralisation (MATD), a sensibilis\u00e9 sur les enjeux et les avantages li\u00e9s \u00e0 ce recensement.<\/span><\/p>\n<p><span style=\"font-size: 20px;\">\u00ab Se faire recenser est un acte citoyen, une obligation. C\u2019est un devoir, mais aussi un droit. Pourquoi un droit ? Parce qu\u2019il permet d\u2019en acqu\u00e9rir d\u2019autres \u00bb, a d\u00e9clar\u00e9 Aminata Kaba. Elle a pris pour exemple la bourse d\u2019entretien (le p\u00e9cule), qu\u2019elle qualifie d\u2019\u00ab avantage \u00e9ph\u00e9m\u00e8re \u00bb, pour souligner que ce soutien financier suppose un engagement des \u00e9l\u00e8ves \u00e0 bien suivre leur formation en vue de devenir comp\u00e9titifs sur le march\u00e9 de l\u2019emploi.<\/span><\/p>\n<p><span style=\"font-size: 20px;\">\u00ab Pour b\u00e9n\u00e9ficier de la bourse, il faut \u00eatre recens\u00e9. Bient\u00f4t, les apprenants qui ne seront pas enregistr\u00e9s et ne disposeront pas d\u2019un identifiant unique ne recevront plus leur allocation. Car, pour percevoir la bourse, le premier crit\u00e8re est d\u2019\u00eatre guin\u00e9en.\u00a0Et c\u2019est le certificat de naissance qui prouve cette nationalit\u00e9 \u00bb, a-t-elle averti.<\/span><\/p>\n<p><img data-recalc-dims=\"1\" loading=\"lazy\" decoding=\"async\" class=\"alignnone wp-image-118070 size-full\"src=\"https:\/\/i0.wp.com\/www.guinee7.com\/wp-content\/uploads\/2025\/05\/IMG-20250507-WA0013.jpg?w=1280&amp;ssl=1\" alt=\"\" width=\"1170\" height=\"879\" srcset=\"https:\/\/i0.wp.com\/www.guinee7.com\/wp-content\/uploads\/2025\/05\/IMG-20250507-WA0013.jpg?w=1280&amp;ssl=1 1280w, https:\/\/i0.wp.com\/www.guinee7.com\/wp-content\/uploads\/2025\/05\/IMG-20250507-WA0013.jpg?resize=300%2C225&amp;ssl=1 300w, https:\/\/i0.wp.com\/www.guinee7.com\/wp-content\/uploads\/2025\/05\/IMG-20250507-WA0013.jpg?resize=1024%2C770&amp;ssl=1 1024w, https:\/\/i0.wp.com\/www.guinee7.com\/wp-content\/uploads\/2025\/05\/IMG-20250507-WA0013.jpg?resize=768%2C577&amp;ssl=1 768w, https:\/\/i0.wp.com\/www.guinee7.com\/wp-content\/uploads\/2025\/05\/IMG-20250507-WA0013.jpg?resize=86%2C64&amp;ssl=1 86w\" sizes=\"auto, (max-width: 1170px) 100vw, 1170px\"><br \/><span style=\"font-size: 20px;\">La ministre a \u00e9galement lanc\u00e9 un appel aux \u00e9l\u00e8ves : \u00ab Nous souhaitons que vous deveniez nos porte-parole aupr\u00e8s de vos familles, que vous agissiez comme b\u00e9n\u00e9voles. Accompagnez vos proches, vos jeunes fr\u00e8res et s\u0153urs, cousins, ni\u00e8ces de plus de 10 ans, vos parents \u00e2g\u00e9s, vos grands-parents ou vos oncles qui ne peuvent pas se d\u00e9placer seuls ou qui ne savent ni lire ni \u00e9crire. Aidez-les \u00e0 se faire recenser, comme vous. C\u2019est cela, \u00eatre citoyen : se soutenir mutuellement. Le recensement n\u2019est pas uniquement l\u2019affaire du g\u00e9n\u00e9ral Mamadi Doumbouya. C\u2019est l\u2019affaire de chaque Guin\u00e9en. \u00bb<\/span><\/p>\n<p><span style=\"font-size: 20px;\">De son c\u00f4t\u00e9, Djenab Tour\u00e9 a insist\u00e9 sur l\u2019opportunit\u00e9 offerte aux apprenants : \u00ab C\u2019est une chance que vous donne votre ministre.\u00a0Au lieu d\u2019avoir \u00e0 vous d\u00e9placer pour vous faire recenser, les kits viennent \u00e0 vous. Cela vous garantit une inscription dans la premi\u00e8re base de donn\u00e9es biom\u00e9trique du pays depuis 1958. \u00c0 terme, cela permettra d\u2019harmoniser les actes de naissance pour tous les Guin\u00e9ens \u2013 gratuitement. \u00bb<\/span><\/p>\n<p><span style=\"font-size: 20px;\">Parmi les b\u00e9n\u00e9fices \u00e9voqu\u00e9s, elle a ajout\u00e9 : \u00ab Ce recensement vous permettra d\u2019obtenir une carte d\u2019identit\u00e9 biom\u00e9trique conforme \u00e0 la nouvelle loi sur l\u2019identification des personnes physiques, un passeport biom\u00e9trique, et d\u2019acc\u00e9der \u00e0 la couverture sant\u00e9 universelle que la Guin\u00e9e met progressivement en place. Cela a d\u00e9j\u00e0 commenc\u00e9 avec les fonctionnaires, et \u00e7a s\u2019\u00e9tendra \u00e0 tous les citoyens d\u00e8s que nous saurons pr\u00e9cis\u00e9ment qui vit en Guin\u00e9e, qui est Guin\u00e9en et qui peut b\u00e9n\u00e9ficier de ces services. \u00bb<\/span><\/p>\n<p><strong><span style=\"font-size: 20px;\">Bhoye Barry pour guinee7.com<\/span><\/strong><!--\/data\/user\/0\/com.samsung.android.app.notes\/files\/clipdata\/clipdata_bodytext_250507_145357_159.sdocx--><\/p>\n<\/div>\n","protected":false},"excerpt":{"rendered":"<p>Le recensement administratif \u00e0 vocation d\u2019\u00e9tat civil a \u00e9t\u00e9 officiellement lanc\u00e9 ce mercredi 7 mai 2025 \u00e0 Conakry, dans les \u00e9tablissements d\u2019enseignement technique et de formation professionnelle. C\u2019est la ministre de l\u2019Enseignement technique, de la formation professionnelle et de l\u2019emploi, Aminata Kaba, qui a proc\u00e9d\u00e9 au lancement de l\u2019op\u00e9ration \u00e0 l\u2019\u00c9cole nationale des postes et &hellip;<\/p>\n","protected":false},"author":1,"featured_media":0,"comment_status":"closed","ping_status":"closed","sticky":false,"template":"","format":"standard","meta":[],"categories":[2],"tags":[22],"_links":{"self":[{"href":"https:\/\/uk.ambagn.staging.e-kaidi.net\/index.php?rest_route=\/wp\/v2\/posts\/80918"}],"collection":[{"href":"https:\/\/uk.ambagn.staging.e-kaidi.net\/index.php?rest_route=\/wp\/v2\/posts"}],"about":[{"href":"https:\/\/uk.ambagn.staging.e-kaidi.net\/index.php?rest_route=\/wp\/v2\/types\/post"}],"author":[{"embeddable":true,"href":"https:\/\/uk.ambagn.staging.e-kaidi.net\/index.php?rest_route=\/wp\/v2\/users\/1"}],"replies":[{"embeddable":true,"href":"https:\/\/uk.ambagn.staging.e-kaidi.net\/index.php?rest_route=%2Fwp%2Fv2%2Fcomments&post=80918"}],"version-history":[{"count":0,"href":"https:\/\/uk.ambagn.staging.e-kaidi.net\/index.php?rest_route=\/wp\/v2\/posts\/80918\/revisions"}],"wp:attachment":[{"href":"https:\/\/uk.ambagn.staging.e-kaidi.net\/index.php?rest_route=%2Fwp%2Fv2%2Fmedia&parent=80918"}],"wp:term":[{"taxonomy":"category","embeddable":true,"href":"https:\/\/uk.ambagn.staging.e-kaidi.net\/index.php?rest_route=%2Fwp%2Fv2%2Fcategories&post=80918"},{"taxonomy":"post_tag","embeddable":true,"href":"https:\/\/uk.ambagn.staging.e-kaidi.net\/index.php?rest_route=%2Fwp%2Fv2%2Ftags&post=80918"}],"curies":[{"name":"wp","href":"https:\/\/api.w.org\/{rel}","templated":true}]}}