{"id":80917,"date":"2025-05-07T23:22:52","date_gmt":"2025-05-07T21:22:52","guid":{"rendered":"https:\/\/uk.ambagn.staging.e-kaidi.net\/?p=80917"},"modified":"2025-05-07T23:22:52","modified_gmt":"2025-05-07T21:22:52","slug":"championnats-dafrique-de-sambo-conakry-se-prepare-a-accueillir-lafrique","status":"publish","type":"post","link":"https:\/\/uk.ambagn.staging.e-kaidi.net\/?p=80917","title":{"rendered":"Championnats d\u2019Afrique de Sambo : Conakry se pr\u00e9pare \u00e0 accueillir l\u2019Afrique"},"content":{"rendered":"<div>\n<div style=\"margin-bottom:20px;\"><img width=\"406\" height=\"242\"src=\"https:\/\/i0.wp.com\/www.guinee7.com\/wp-content\/uploads\/2025\/05\/IMG-20250507-WA0007.jpg?w=406&amp;ssl=1\" class=\"attachment-post-thumbnail size-post-thumbnail wp-post-image\" alt=\"\" decoding=\"async\" loading=\"lazy\" srcset=\"https:\/\/i0.wp.com\/www.guinee7.com\/wp-content\/uploads\/2025\/05\/IMG-20250507-WA0007.jpg?w=406&amp;ssl=1 406w, https:\/\/i0.wp.com\/www.guinee7.com\/wp-content\/uploads\/2025\/05\/IMG-20250507-WA0007.jpg?resize=300%2C179&amp;ssl=1 300w\" sizes=\"auto, (max-width: 406px) 100vw, 406px\"><\/div>\n<p><span style=\"font-size: 20px;\">\u00c0 moins de trois semaines du coup d\u2019envoi, la f\u00e9d\u00e9ration guin\u00e9enne de Sambo s\u2019active pour l\u2019organisation des Championnats d\u2019Afrique de Sambo. Du 24 au 26 mai, Conakry deviendra la capitale africaine d\u2019une discipline en pleine expansion.<\/span><\/p>\n<p><span style=\"font-size: 20px;\">\u00ab Aujourd\u2019hui, le pr\u00e9paratif se passe \u00e0 merveille \u00bb, d\u00e9clare avec assurance le pr\u00e9sident de la f\u00e9d\u00e9ration, Sadigou Bah au micro de guinee7.com. \u00ab Nous avons d\u00e9j\u00e0 commenc\u00e9 \u00e0 recevoir certains dons de la part de la F\u00e9d\u00e9ration Internationale, notamment les accessoires, les chaussures, les surfaces de tapis et d\u2019autres \u00e9quipements. Deux surfaces suppl\u00e9mentaires, d\u2019une valeur de 25 000 \u00e0 30 000 dollars chacune, sont en route \u00bb. <\/span><\/p>\n<p><span style=\"font-size: 20px;\">Du c\u00f4t\u00e9 des athl\u00e8tes guin\u00e9ens, l\u2019heure est \u00e0 la concentration. \u00ab L\u2019\u00e9quipe est d\u00e9j\u00e0 en internat depuis plus de deux semaines. Nous sommes m\u00eame en avance par rapport \u00e0 notre programme initial \u00bb, pr\u00e9cise-t-il.<\/span><\/p>\n<p><span style=\"font-size: 20px;\">Sur le plan continental, l\u2019engouement est notable. Et selon ma\u00eetre Amadou Sadigou Bah, plus de 15 pays sont attendus. \u00ab Le Maroc arrive avec plus de 22 personnes, le Cameroun avec plus de 28. Djibouti, le Mali, les deux Congo, la Tunisie, l\u2019Alg\u00e9rie\u2026 En tout, plus de 15 pays ont confirm\u00e9 leur participation avec de fortes d\u00e9l\u00e9gations \u00bb, se r\u00e9jouit-il.<\/span><\/p>\n<p><span style=\"font-size: 20px;\">Tout n\u2019est pas parfait. Si l\u2019aspect technique est bien ma\u00eetris\u00e9, le num\u00e9ro UN du Sambo guin\u00e9en fustige la lenteur administrative dans le traitement du volet financier. <\/span><\/p>\n<p><span style=\"font-size: 20px;\">L\u2019\u00e9v\u00e9nement se d\u00e9roulera du 24 au 26 mai. Le 24 sera marqu\u00e9 par la c\u00e9r\u00e9monie d\u2019ouverture au Palais des Sports, les comp\u00e9titions se poursuivront le 25, avant de se conclure le 26 sur la plage de la Camayenne avec une \u00e9preuve in\u00e9dite de Sambo beach.<\/span><\/p>\n<p><strong><span style=\"font-size: 20px;\">Thierno Abdoul Barry pour guinee7.com<\/span><\/strong><!--\/data\/user\/0\/com.samsung.android.app.notes\/files\/clipdata\/clipdata_bodytext_250507_131348_631.sdocx--><\/p>\n<\/div>\n","protected":false},"excerpt":{"rendered":"<p>\u00c0 moins de trois semaines du coup d\u2019envoi, la f\u00e9d\u00e9ration guin\u00e9enne de Sambo s\u2019active pour l\u2019organisation des Championnats d\u2019Afrique de Sambo. Du 24 au 26 mai, Conakry deviendra la capitale africaine d\u2019une discipline en pleine expansion. \u00ab Aujourd\u2019hui, le pr\u00e9paratif se passe \u00e0 merveille \u00bb, d\u00e9clare avec assurance le pr\u00e9sident de la f\u00e9d\u00e9ration, Sadigou Bah &hellip;<\/p>\n","protected":false},"author":1,"featured_media":0,"comment_status":"closed","ping_status":"closed","sticky":false,"template":"","format":"standard","meta":[],"categories":[2],"tags":[22],"_links":{"self":[{"href":"https:\/\/uk.ambagn.staging.e-kaidi.net\/index.php?rest_route=\/wp\/v2\/posts\/80917"}],"collection":[{"href":"https:\/\/uk.ambagn.staging.e-kaidi.net\/index.php?rest_route=\/wp\/v2\/posts"}],"about":[{"href":"https:\/\/uk.ambagn.staging.e-kaidi.net\/index.php?rest_route=\/wp\/v2\/types\/post"}],"author":[{"embeddable":true,"href":"https:\/\/uk.ambagn.staging.e-kaidi.net\/index.php?rest_route=\/wp\/v2\/users\/1"}],"replies":[{"embeddable":true,"href":"https:\/\/uk.ambagn.staging.e-kaidi.net\/index.php?rest_route=%2Fwp%2Fv2%2Fcomments&post=80917"}],"version-history":[{"count":0,"href":"https:\/\/uk.ambagn.staging.e-kaidi.net\/index.php?rest_route=\/wp\/v2\/posts\/80917\/revisions"}],"wp:attachment":[{"href":"https:\/\/uk.ambagn.staging.e-kaidi.net\/index.php?rest_route=%2Fwp%2Fv2%2Fmedia&parent=80917"}],"wp:term":[{"taxonomy":"category","embeddable":true,"href":"https:\/\/uk.ambagn.staging.e-kaidi.net\/index.php?rest_route=%2Fwp%2Fv2%2Fcategories&post=80917"},{"taxonomy":"post_tag","embeddable":true,"href":"https:\/\/uk.ambagn.staging.e-kaidi.net\/index.php?rest_route=%2Fwp%2Fv2%2Ftags&post=80917"}],"curies":[{"name":"wp","href":"https:\/\/api.w.org\/{rel}","templated":true}]}}