{"id":80898,"date":"2025-05-07T02:51:03","date_gmt":"2025-05-07T00:51:03","guid":{"rendered":"https:\/\/uk.ambagn.staging.e-kaidi.net\/?p=80898"},"modified":"2025-05-07T02:51:03","modified_gmt":"2025-05-07T00:51:03","slug":"elections-liberte-de-la-presse-cas-joachim-baba-milimouno-lanalyse-caustique-dabdoulaye-bah","status":"publish","type":"post","link":"https:\/\/uk.ambagn.staging.e-kaidi.net\/?p=80898","title":{"rendered":"\u00c9lections, libert\u00e9 de la presse, cas \u00ab\u00a0Joachim Baba Milimouno\u00a0\u00bb : l\u2019analyse caustique d\u2019Abdoulaye Bah"},"content":{"rendered":"<div>\n<div style=\"margin-bottom:20px;\"><img width=\"1000\" height=\"532\"src=\"https:\/\/i0.wp.com\/www.guinee7.com\/wp-content\/uploads\/2019\/09\/abdoulaye-bah.jpg?w=1000&amp;ssl=1\" class=\"attachment-post-thumbnail size-post-thumbnail wp-post-image\" alt=\"\" decoding=\"async\" loading=\"lazy\" srcset=\"https:\/\/i0.wp.com\/www.guinee7.com\/wp-content\/uploads\/2019\/09\/abdoulaye-bah.jpg?w=1000&amp;ssl=1 1000w, https:\/\/i0.wp.com\/www.guinee7.com\/wp-content\/uploads\/2019\/09\/abdoulaye-bah.jpg?resize=300%2C160&amp;ssl=1 300w, https:\/\/i0.wp.com\/www.guinee7.com\/wp-content\/uploads\/2019\/09\/abdoulaye-bah.jpg?resize=768%2C409&amp;ssl=1 768w, https:\/\/i0.wp.com\/www.guinee7.com\/wp-content\/uploads\/2019\/09\/abdoulaye-bah.jpg?resize=696%2C370&amp;ssl=1 696w, https:\/\/i0.wp.com\/www.guinee7.com\/wp-content\/uploads\/2019\/09\/abdoulaye-bah.jpg?resize=789%2C420&amp;ssl=1 789w\" sizes=\"auto, (max-width: 1000px) 100vw, 1000px\"><\/div>\n<p><span style=\"font-size: 20px;\">Abdoulaye Bah, coordinateur des f\u00e9d\u00e9rations de l\u2019int\u00e9rieur de l\u2019UFDG, a, dans un entretien accord\u00e9 \u00e0 notre r\u00e9daction, comment\u00e9 l\u2019actualit\u00e9 politique de la Guin\u00e9e. De l\u2019organisation des \u00e9lections au cas Joachim Baba Milimouno en passant par la libert\u00e9 de la presse, l\u2019ancien pr\u00e9sident de la d\u00e9l\u00e9gation sp\u00e9ciale de Kindia s\u2019est exprim\u00e9 sans d\u00e9tour. Lisez. <\/span><\/p>\n<p><strong><span style=\"font-size: 20px;\">Ousmane Gaoual Diallo, ministre porte-parole du gouvernement, dans une interview accord\u00e9e \u00e0 Jeune Afrique, n\u2019a pas exclu l\u2019id\u00e9e d\u2019organiser la prochaine \u00e9lection pr\u00e9sidentielle sans certains partis politiques classiques comme l\u2019UFDG ou le RPG arc-en-ciel. Votre r\u00e9action !<\/span><\/strong><\/p>\n<p><span style=\"font-size: 20px;\">Abdoulaye Bah : Oui, je pense que c\u2019est l\u2019opinion d\u2019un individu. La souverainet\u00e9 appartient au peuple. Ce sont des propos qui n\u2019ont pas d\u2019impact sur les \u00e9lections en Guin\u00e9e. Donc, je crois qu\u2019il a donn\u00e9 son opinion, qui ne refl\u00e8te pas la r\u00e9alit\u00e9. En tous cas, en ce qui me concerne, l\u2019UFDG, parce que je suis de l\u2019UFDG, je ne pourrais m\u2019exprimer pour les autres partis, mais nous, \u00e0 l\u2019UFDG, nous r\u00e9clamons le respect de la charte, le respect des lois nationales et le respect du peuple. Que les chances soient \u00e9gales entre organisations. Monsieur Doumbouya avait bien dit qu\u2019aucun individu, aucune personne membre du CNT, d\u2019encore moins du gouvernement, ne sera candidat \u00e0 aucune, quelconque \u00e9lection politique. Nous nous en tenons \u00e0 \u00e7a. Il y a beaucoup de mouvements de soutien \u00e0 travers le pays, mais ce qui reste clair, c\u2019est que M. Doumbouya ne s\u2019est pas prononc\u00e9. Donc, c\u2019est sa voix qui compte. Donc, celle d\u2019Ousmane Gaoual n\u2019engage que lui.<\/span><\/p>\n<p><span style=\"font-size: 20px;\">\u00c0 l\u2019UFDG, nous sommes unies, nous mobilisons nos forces. Les AG prouvent \u00e0 suffisance notre d\u00e9termination, nos rencontres \u00e0 l\u2019int\u00e9rieur du pays prouvent \u00e0 suffisance notre force. Nos bases restent fermes et d\u00e9termin\u00e9es. Notre leader est en bonne sant\u00e9 mentale et physique et politique, il est convaincu que les \u00e9lections en Guin\u00e9e se feront avec sa participation active. Nous sommes convaincus que, si la voix du peuple compte, puisque la Guin\u00e9e est souveraine, les Guin\u00e9ens ne manqueront pas de renouveler cette confiance qu\u2019on leur a accord\u00e9e depuis tr\u00e8s longtemps. Donc, pour nous, c\u2019est un non-\u00e9v\u00e8nement, (\u2026). Pour nous, des propos pareils ne nous effraient nullement. Pour nous, c\u2019est un non-\u00e9v\u00e8nement et nous nous pr\u00e9parons pour les \u00e9lections communales, l\u00e9gislatives et pr\u00e9sidentielles, puis nous avons un candidat valable, capable et fiable.<\/span><\/p>\n<p><strong><span style=\"font-size: 20px;\">Parlant d\u2019\u00e9lection, le Premier ministre Bah Oury a r\u00e9cemment annonc\u00e9 que l\u2019id\u00e9e du couplage de l\u2019\u00e9lection pr\u00e9sidentielle et des l\u00e9gislatives est sur la table. Si, toutefois, cette option est prise en compte, quelle sera la position de votre formation politique ?<\/span><\/strong><\/p>\n<p><span style=\"font-size: 20px;\">Je ne sais pas sur quelle base il a annonc\u00e9 cela, mais cela est en contradiction avec les propos de M. Doumbouya. M. Doumbouya, si vous vous rappelez, avait bien dit que les \u00e9lections politiques commenceront par l\u2019\u00e9lection communale, donc les \u00e9lections citoyennes, pour donner les puissances aux maires, aux conseillers \u00e9lus qui ont la capacit\u00e9 de changer la Guin\u00e9e \u00e0 la base, \u00e0 la racine. C\u2019est ce que M. Doumbouya avait dit. Maintenant, si M. Bah Oury est en contradiction avec son patron, cela doit attirer l\u2019attention des citoyens. Et puis, il avait dit \u00e9galement, M. Doumbouya, qu\u2019apr\u00e8s les municipales, c\u2019est les l\u00e9gislatives pour doter la Guin\u00e9e d\u2019une assembl\u00e9e l\u00e9gislative, n\u2019est-ce pas, repr\u00e9sentative de la nation guin\u00e9enne, des d\u00e9put\u00e9s de qualit\u00e9, des d\u00e9put\u00e9s int\u00e8gres, des d\u00e9put\u00e9s capables de voter des lois conform\u00e9ment, n\u2019est-ce pas, aux aspirations de la Guin\u00e9e. Et puis, on finit sur l\u2019\u00e9lection pr\u00e9sidentielle \u00e0 deux tours. Donc, voil\u00e0 ce que, nous, on a \u00e0 l\u2019esprit, voil\u00e0 ce qui a \u00e9t\u00e9 dit par M. Doumbouya, qui a \u00e9t\u00e9 relay\u00e9 par les m\u00e9dias que vous \u00eates. Les archives en font foi. Je pense qu\u2019il sait respecter ce qu\u2019on a dit et ce qu\u2019on a pris comme engagement.<\/span><\/p>\n<p><strong><span style=\"font-size: 20px;\">En mati\u00e8re de libert\u00e9 de la presse, la Guin\u00e9e occupe la 103\u1d49\u00a0place du classement de Reporters sans fronti\u00e8res en 2025, alors qu\u2019en 2024 elle occupait la 78\u1d49\u00a0place. Ainsi, le pays chute de 25 places. Qu\u2019est-ce que cela vous inspire ?<\/span><\/strong><\/p>\n<p><span style=\"font-size: 20px;\">Je pense que le rapport doit nous interpeller. La presse n\u2019appartient pas seulement aux journalistes. La presse appartient \u00e0 l\u2019ensemble de la nation. Vous \u00eates la voix du peuple. Vous \u00eates la plume et le papier du peuple. Je pense que tout bon citoyen en Guin\u00e9e devrait \u00eatre sensible \u00e0 cela. Il n\u2019y a pas de souverainet\u00e9 sans presse. Il n\u2019y a pas de d\u00e9mocratie sans presse. Il n\u2019y a pas d\u2019activit\u00e9 politique publique sans presse. Vous \u00eates des citoyens qui remplissez une partie des comp\u00e9tences nationales. Je pense qu\u2019on devrait vous accorder de tr\u00e8s bonnes formations dans les universit\u00e9s. On devrait aussi vous accorder des moyens suffisants pour pouvoir travailler pour la nation. Mais \u00e9galement, on devrait aussi vous renforcer pour que la Guin\u00e9e puisse b\u00e9n\u00e9ficier de votre expertise. Toutes les nations fortes, c\u2019est des nations o\u00f9 la presse est forte. Il n\u2019est pas question d\u2019\u00e9crire contre quelqu\u2019un. Il n\u2019est pas question d\u2019\u00e9crire contre une institution. Il est question de rapporter et de dire ce qui est et ce qui doit \u00eatre. Donc, chacun joue son r\u00f4le dans la nation et la presse est un maillon fort dans une nation. Et d\u2019ailleurs, certaines disent que c\u2019est le quatri\u00e8me pouvoir. Apr\u00e8s le pouvoir l\u00e9gislatif, le pouvoir judiciaire, le pouvoir ex\u00e9cutif. Depuis une trentaine d\u2019ann\u00e9es, les sociologues politiques fran\u00e7ais disent que la presse est le quatri\u00e8me pouvoir. Et je pense que c\u2019est une r\u00e9alit\u00e9. Donc, on a besoin de la presse parce que la presse est l\u2019\u0153il, les oreilles et la langue de la nation.<\/span><\/p>\n<p><strong><span style=\"font-size: 20px;\">Est-ce que vous pensez que ce classement refl\u00e8te la r\u00e9alit\u00e9 sur le terrain ? <\/span><\/strong><\/p>\n<p><span style=\"font-size: 20px;\">Je pense que le rapport, naturellement ou forc\u00e9ment, est fond\u00e9 sur la r\u00e9alit\u00e9 du terrain. Donc, il faut am\u00e9liorer, il faut tirer les le\u00e7ons, il faut avancer, il faut entraider, il faut trier. Je pense que le rapport doit, du moins les autorit\u00e9s, nous interpeller pour que ceux qui ne marchent pas ou ceux qui vont marcher puissent faire un budget d\u2019analyse, de travail s\u00e9rieux, d\u2019expertise, pour que cela puisse \u00eatre chang\u00e9.<\/span><\/p>\n<p><strong><span style=\"font-size: 20px;\">Joachim Baba Milimouno conteste sa r\u00e9vocation au poste de coordinateur de la cellule de communication de l\u2019UFDG et il demande au parti de lui donner la chance de s\u2019expliquer. Votre r\u00e9action !<\/span><\/strong><\/p>\n<p><span style=\"font-size: 20px;\">Joachim, il a commis une grosse faute. C\u2019est ce qu\u2019il ne parvient pas \u00e0 accepter. Il persiste dans la faute. Joachim s\u2019est permis de s\u2019inviter sur un terrain qui n\u2019est pas le sien, \u00e0 savoir la coordination des f\u00e9d\u00e9rations de l\u2019int\u00e9rieure qui rel\u00e8ve de moi, il n\u2019avait aucun pouvoir, aucun droit de parler texte du parti, n\u2019est-ce pas, d\u2019aller en Haute-Guin\u00e9e et en Guin\u00e9e-Foresti\u00e8re, porteur d\u2019un m\u00e9mo \u00e9crit \u00e0 Conakry, n\u2019est-ce pas, pour manipuler certains de nos f\u00e9d\u00e9raux, au compte de certains individus qui ont une dent contre l\u2019UFDG parce qu\u2019ils n\u2019ont pas suivi la voie l\u00e9gale, la voie normale pour quitter l\u2019UFDG. Et donc, \u00e7a, c\u2019est un complot malheureux, qui a \u00e9chou\u00e9 et qui persiste encore. Je rappelle tr\u00e8s bien qu\u2019il \u00e9tait le coordinateur de par le pouvoir du pr\u00e9sident, son pouvoir discr\u00e9tionnaire. Le pr\u00e9sident, il nomme qui il veut aux fonctions du parti, et il t\u2019enl\u00e8ve quand il veut, en fonction des textes du parti. C\u2019est vraiment m\u00e9conna\u00eetre les textes de loi, c\u2019est persister dans la faute, et \u00e7a ne fera que compliquer sa situation. Donc, c\u2019est qu\u2019il a fait une grosse faute, impardonnable, parce qu\u2019il n\u2019est pas le coordinateur de la f\u00e9d\u00e9ration de l\u2019Int\u00e9rieur, il \u00e9tait le coordinateur de la communication. S\u2019il avait, n\u2019est-ce pas, des opinions ou des avis, il devait les faire, les livrer au sein du conseil politique. Conseil politique o\u00f9 il a \u00e9t\u00e9 accept\u00e9 de fa\u00e7on exceptionnelle. Je fais une confidence : m\u00eame moi, j\u2019ai \u0153uvr\u00e9 pour qu\u2019on puisse l\u2019accepter au conseil politique, parce qu\u2019on m\u2019avait touch\u00e9 \u00e0 un moment donn\u00e9. Il m\u2019a dit\u00a0: Grand fr\u00e8re, je suis le coordinateur de la communication, et il m\u2019est difficile de ne pas rester sans parti au conseil politique. J\u2019ai dit : Oui, on va \u0153uvrer pour que le pr\u00e9sident accepte au conseil politique, parce que tu es la plume, tu es la parole, tu portes la parole du parti. Donc on a tous, beaucoup de gens au conseil politique, \u0153uvr\u00e9 pour que le pr\u00e9sident le nomme \u00e0 ce poste. Apr\u00e8s le d\u00e9part d\u2019Ousmane Gaoual, qui a fait un abandon de poste, de passage, je pr\u00e9cise bien, Ousmane Gaoual est parti, sans dire au revoir, alors qu\u2019il r\u00e9cup\u00e8re un poste dans le parti.<\/span><\/p>\n<p><span style=\"font-size: 20px;\">Il a \u00e9t\u00e9 nomm\u00e9 pour \u00eatre le communicant du parti. Donc \u00e7a, c\u2019est un abandon de poste en droits administratifs. Comme en droits militaires, quand vous quittez votre poste militaire ou gendarme, vous n\u2019avez pas fait, n\u2019est-ce pas, de d\u00e9sertion, en droits militaires. Vous ne pouvez pas partir de votre poste sans raison valable. Et en droit administratif, vous ne pouvez pas quitter un poste qui vous a \u00e9t\u00e9 attribu\u00e9 sur base de la confiance sans motifs valables. Donc \u00e7a, c\u2019est un abandon de poste en droits administratifs ou en droits militaires, n\u2019est-ce pas, c\u2019est la d\u00e9sertion. Vous n\u2019\u00eates pas passible de passer devant la cour militaire ou la cour martiale. Donc \u00e7a, c\u2019est une parenth\u00e8se par rapport \u00e0 leur comportement. C\u2019est des cadres, c\u2019est des gens qui utilisent des cadres, qui ont fait l\u2019\u00e9cole guin\u00e9enne et qui ne savent pas se comporter pour illustrer, n\u2019est-ce pas, leur statut d\u2019universitaire. Et \u00e7a, c\u2019est un gros probl\u00e8me pour la Guin\u00e9e.<\/span><br \/><span style=\"font-size: 20px;\">Les gens se comportent comme ils veulent. Ce ne sont pas les intentions qui guident dans les institutions. Ce sont les textes qu\u2019il faut apprendre, assimiler, n\u2019est-ce pas, et \u00eatre guid\u00e9 par ces textes. On ne peut pas aller dans un parti pour organiser un agr\u00e9ment avec une demande d\u2019adh\u00e9sion et quitter ce parti comme un oiseau qui quitte son nid sans une lettre de d\u00e9mission. C\u2019est la moindre des choses. Et d\u2019ailleurs, si c\u2019\u00e9tait une entreprise priv\u00e9e ou m\u00eame l\u2019\u00c9tat, on vous aurait poursuivi pour abandon de poste et pour dommages caus\u00e9s \u00e0 l\u2019entreprise priv\u00e9e ou \u00e0 l\u2019\u00c9tat. C\u2019est ce que ces gens-l\u00e0 ignorent. Mais quand on n\u2019est pas instruit, qu\u2019on n\u2019a pas fait la bonne \u00e9cole, on patauge dans les erreurs, dans les fautes.<\/span><br \/><span style=\"font-size: 20px;\">Donc, Joachim devrait avoir un bon conseiller pour lui dire : \u00e9coute, tu as faut\u00e9, reste tranquille. Donc, son cas est r\u00e9gl\u00e9 par un acte discr\u00e9tionnaire du pr\u00e9sident qui l\u2019a d\u00e9barqu\u00e9 gentiment, et il reste cependant, s\u2019il veut, membre de l\u2019UFDG. Mais le poste de coordonnateur, la communication qu\u2019il a exploit\u00e9e pour \u00eatre avec les ennemis de l\u2019UFDG, pour envoyer un h\u00f4telier en for\u00eat dans un v\u00e9hicule 4\u00d74 carbur\u00e9 au frais de quelqu\u2019un contre l\u2019UFDG, n\u2019est-ce pas, est la cause et le motif valable, n\u2019est-ce pas, pour ne pas continuer \u00e0 causer beaucoup de dommages et, comment dirais-je, \u00e0 l\u2019UFDG.<\/span><\/p>\n<p><strong><span style=\"font-size: 20px;\">Entretien r\u00e9alis\u00e9 par Bhoye Barry pour guinee7.com<\/span><\/strong><!--\/data\/user\/0\/com.samsung.android.app.notes\/files\/clipdata\/clipdata_bodytext_250506_162853_173.sdocx--><\/p>\n<\/div>\n","protected":false},"excerpt":{"rendered":"<p>Abdoulaye Bah, coordinateur des f\u00e9d\u00e9rations de l\u2019int\u00e9rieur de l\u2019UFDG, a, dans un entretien accord\u00e9 \u00e0 notre r\u00e9daction, comment\u00e9 l\u2019actualit\u00e9 politique de la Guin\u00e9e. De l\u2019organisation des \u00e9lections au cas Joachim Baba Milimouno en passant par la libert\u00e9 de la presse, l\u2019ancien pr\u00e9sident de la d\u00e9l\u00e9gation sp\u00e9ciale de Kindia s\u2019est exprim\u00e9 sans d\u00e9tour. Lisez. Ousmane Gaoual &hellip;<\/p>\n","protected":false},"author":1,"featured_media":0,"comment_status":"closed","ping_status":"closed","sticky":false,"template":"","format":"standard","meta":[],"categories":[2],"tags":[22],"_links":{"self":[{"href":"https:\/\/uk.ambagn.staging.e-kaidi.net\/index.php?rest_route=\/wp\/v2\/posts\/80898"}],"collection":[{"href":"https:\/\/uk.ambagn.staging.e-kaidi.net\/index.php?rest_route=\/wp\/v2\/posts"}],"about":[{"href":"https:\/\/uk.ambagn.staging.e-kaidi.net\/index.php?rest_route=\/wp\/v2\/types\/post"}],"author":[{"embeddable":true,"href":"https:\/\/uk.ambagn.staging.e-kaidi.net\/index.php?rest_route=\/wp\/v2\/users\/1"}],"replies":[{"embeddable":true,"href":"https:\/\/uk.ambagn.staging.e-kaidi.net\/index.php?rest_route=%2Fwp%2Fv2%2Fcomments&post=80898"}],"version-history":[{"count":0,"href":"https:\/\/uk.ambagn.staging.e-kaidi.net\/index.php?rest_route=\/wp\/v2\/posts\/80898\/revisions"}],"wp:attachment":[{"href":"https:\/\/uk.ambagn.staging.e-kaidi.net\/index.php?rest_route=%2Fwp%2Fv2%2Fmedia&parent=80898"}],"wp:term":[{"taxonomy":"category","embeddable":true,"href":"https:\/\/uk.ambagn.staging.e-kaidi.net\/index.php?rest_route=%2Fwp%2Fv2%2Fcategories&post=80898"},{"taxonomy":"post_tag","embeddable":true,"href":"https:\/\/uk.ambagn.staging.e-kaidi.net\/index.php?rest_route=%2Fwp%2Fv2%2Ftags&post=80898"}],"curies":[{"name":"wp","href":"https:\/\/api.w.org\/{rel}","templated":true}]}}