{"id":80896,"date":"2025-05-07T02:51:02","date_gmt":"2025-05-07T00:51:02","guid":{"rendered":"https:\/\/uk.ambagn.staging.e-kaidi.net\/?p=80896"},"modified":"2025-05-07T02:51:02","modified_gmt":"2025-05-07T00:51:02","slug":"guinee-fatima-camara-elue-presidente-de-la-comhafat-une-premiere-historique","status":"publish","type":"post","link":"https:\/\/uk.ambagn.staging.e-kaidi.net\/?p=80896","title":{"rendered":"Guin\u00e9e : Fatima Camara \u00e9lue pr\u00e9sidente de la COMHAFAT, une premi\u00e8re historique"},"content":{"rendered":"<div>\n<div style=\"margin-bottom:20px;\"><img width=\"1080\" height=\"678\"src=\"https:\/\/i0.wp.com\/www.guinee7.com\/wp-content\/uploads\/2025\/05\/IMG-20250506-WA0016.jpg?w=1080&amp;ssl=1\" class=\"attachment-post-thumbnail size-post-thumbnail wp-post-image\" alt=\"\" decoding=\"async\" loading=\"lazy\" srcset=\"https:\/\/i0.wp.com\/www.guinee7.com\/wp-content\/uploads\/2025\/05\/IMG-20250506-WA0016.jpg?w=1080&amp;ssl=1 1080w, https:\/\/i0.wp.com\/www.guinee7.com\/wp-content\/uploads\/2025\/05\/IMG-20250506-WA0016.jpg?resize=300%2C188&amp;ssl=1 300w, https:\/\/i0.wp.com\/www.guinee7.com\/wp-content\/uploads\/2025\/05\/IMG-20250506-WA0016.jpg?resize=1024%2C643&amp;ssl=1 1024w, https:\/\/i0.wp.com\/www.guinee7.com\/wp-content\/uploads\/2025\/05\/IMG-20250506-WA0016.jpg?resize=768%2C482&amp;ssl=1 768w\" sizes=\"auto, (max-width: 1080px) 100vw, 1080px\"><\/div>\n<p><span style=\"font-size: 20px;\">La Guin\u00e9e signe une avanc\u00e9e majeure sur la sc\u00e8ne maritime africaine. La ministre de la P\u00eache et de l\u2019\u00c9conomie maritime, Fatima Camara, a \u00e9t\u00e9 port\u00e9e \u00e0 la t\u00eate de la Conf\u00e9rence minist\u00e9rielle sur la coop\u00e9ration halieutique entre les \u00c9tats africains riverains de l\u2019oc\u00e9an Atlantique (COMHAFAT). Elle devient ainsi la premi\u00e8re femme \u00e0 occuper ce poste depuis la cr\u00e9ation de l\u2019organisation en 1989.<\/span><\/p>\n<p><span style=\"font-size: 20px;\">Son mandat, qui s\u2019\u00e9tend jusqu\u2019en 2027, a \u00e9t\u00e9 officialis\u00e9 lors de la 11e session ordinaire de la Conf\u00e9rence des ministres de la COMHAFAT, tenue \u00e0 Abidjan les 23 et 24 avril 2025.<\/span><\/p>\n<p><span style=\"font-size: 20px;\">Lors d\u2019un point de presse organis\u00e9 ce mardi 6 mai dans les locaux de son minist\u00e8re \u00e0 Kaloum (Conakry), la ministre est revenue sur cette \u00e9lection, qu\u2019elle qualifie de \u00ab victoire de haute port\u00e9e \u00bb pour la Guin\u00e9e. \u00ab notre pays postule pour cette pr\u00e9sidence depuis 2012 et marque sans nul doute le rayonnement \u00e0 l\u2019international de la Guin\u00e9e \u00bb, a-t-elle d\u00e9clar\u00e9.<\/span><\/p>\n<p><span style=\"font-size: 20px;\">Fatima Camara a \u00e9galement soulign\u00e9 les retomb\u00e9es positives de ce mandat pour son pays. Parmi elles, elle a mentionn\u00e9 le renforcement de la coop\u00e9ration avec le Japon, le Royaume du Maroc, les autres pays membres de la COMHAFAT, ainsi qu\u2019avec les partenaires techniques et financiers comme la FAO, la CITES, l\u2019ICCAT, la CBI et la Banque mondiale.<\/span><\/p>\n<p><span style=\"font-size: 20px;\">La rencontre d\u2019Abidjan a aussi permis aux \u00c9tats membres de r\u00e9affirmer leur engagement dans la lutte contre la p\u00eache ill\u00e9gale, non d\u00e9clar\u00e9e et non r\u00e9glement\u00e9e. Ils se sont \u00e9galement engag\u00e9s \u00e0 renforcer les m\u00e9canismes de coordination et d\u2019\u00e9change d\u2019informations entre les autorit\u00e9s comp\u00e9tentes, et \u00e0 promouvoir une approche inclusive int\u00e9grant davantage les femmes dans les communaut\u00e9s de p\u00eacheurs.<\/span><\/p>\n<p><span style=\"font-size: 20px;\">Enfin, la ministre a rappel\u00e9 les actions concr\u00e8tes d\u00e9j\u00e0 entreprises par la COMHAFAT en Guin\u00e9e : la construction de chambres frigorifiques et de fabriques de glace \u00e0 T\u00e9min\u00e9taye, Bonfi, K\u00e9nien et Kamsar, mais aussi l\u2019octroi de bourses de stages au Japon et l\u2019appui technique d\u2019un expert maritime.<\/span><\/p>\n<p><strong><span style=\"font-size: 20px;\">Abdoul Lory Sylla pour guinee7.com<\/span><\/strong><!--\/data\/user\/0\/com.samsung.android.app.notes\/files\/clipdata\/clipdata_bodytext_250506_130505_914.sdocx--><\/p>\n<\/div>\n","protected":false},"excerpt":{"rendered":"<p>La Guin\u00e9e signe une avanc\u00e9e majeure sur la sc\u00e8ne maritime africaine. La ministre de la P\u00eache et de l\u2019\u00c9conomie maritime, Fatima Camara, a \u00e9t\u00e9 port\u00e9e \u00e0 la t\u00eate de la Conf\u00e9rence minist\u00e9rielle sur la coop\u00e9ration halieutique entre les \u00c9tats africains riverains de l\u2019oc\u00e9an Atlantique (COMHAFAT). Elle devient ainsi la premi\u00e8re femme \u00e0 occuper ce poste &hellip;<\/p>\n","protected":false},"author":1,"featured_media":0,"comment_status":"closed","ping_status":"closed","sticky":false,"template":"","format":"standard","meta":[],"categories":[2],"tags":[22],"_links":{"self":[{"href":"https:\/\/uk.ambagn.staging.e-kaidi.net\/index.php?rest_route=\/wp\/v2\/posts\/80896"}],"collection":[{"href":"https:\/\/uk.ambagn.staging.e-kaidi.net\/index.php?rest_route=\/wp\/v2\/posts"}],"about":[{"href":"https:\/\/uk.ambagn.staging.e-kaidi.net\/index.php?rest_route=\/wp\/v2\/types\/post"}],"author":[{"embeddable":true,"href":"https:\/\/uk.ambagn.staging.e-kaidi.net\/index.php?rest_route=\/wp\/v2\/users\/1"}],"replies":[{"embeddable":true,"href":"https:\/\/uk.ambagn.staging.e-kaidi.net\/index.php?rest_route=%2Fwp%2Fv2%2Fcomments&post=80896"}],"version-history":[{"count":0,"href":"https:\/\/uk.ambagn.staging.e-kaidi.net\/index.php?rest_route=\/wp\/v2\/posts\/80896\/revisions"}],"wp:attachment":[{"href":"https:\/\/uk.ambagn.staging.e-kaidi.net\/index.php?rest_route=%2Fwp%2Fv2%2Fmedia&parent=80896"}],"wp:term":[{"taxonomy":"category","embeddable":true,"href":"https:\/\/uk.ambagn.staging.e-kaidi.net\/index.php?rest_route=%2Fwp%2Fv2%2Fcategories&post=80896"},{"taxonomy":"post_tag","embeddable":true,"href":"https:\/\/uk.ambagn.staging.e-kaidi.net\/index.php?rest_route=%2Fwp%2Fv2%2Ftags&post=80896"}],"curies":[{"name":"wp","href":"https:\/\/api.w.org\/{rel}","templated":true}]}}