{"id":80895,"date":"2025-05-07T02:51:00","date_gmt":"2025-05-07T00:51:00","guid":{"rendered":"https:\/\/uk.ambagn.staging.e-kaidi.net\/?p=80895"},"modified":"2025-05-07T02:51:00","modified_gmt":"2025-05-07T00:51:00","slug":"recensement-administratif-a-vocation-detat-civil-aminata-kaba-en-campagne-de-sensibilisation","status":"publish","type":"post","link":"https:\/\/uk.ambagn.staging.e-kaidi.net\/?p=80895","title":{"rendered":"Recensement Administratif \u00e0 Vocation d\u2019\u00c9tat Civil. Aminata KABA en campagne de sensibilisation"},"content":{"rendered":"<div>\n<div style=\"margin-bottom:20px;\"><img width=\"1000\" height=\"563\"src=\"https:\/\/i0.wp.com\/www.guinee7.com\/wp-content\/uploads\/2025\/05\/IMG-20250506-WA0008.jpg?w=1000&amp;ssl=1\" class=\"attachment-post-thumbnail size-post-thumbnail wp-post-image\" alt=\"\" decoding=\"async\" loading=\"lazy\" srcset=\"https:\/\/i0.wp.com\/www.guinee7.com\/wp-content\/uploads\/2025\/05\/IMG-20250506-WA0008.jpg?w=1000&amp;ssl=1 1000w, https:\/\/i0.wp.com\/www.guinee7.com\/wp-content\/uploads\/2025\/05\/IMG-20250506-WA0008.jpg?resize=300%2C169&amp;ssl=1 300w, https:\/\/i0.wp.com\/www.guinee7.com\/wp-content\/uploads\/2025\/05\/IMG-20250506-WA0008.jpg?resize=768%2C432&amp;ssl=1 768w\" sizes=\"auto, (max-width: 1000px) 100vw, 1000px\"><\/div>\n<p><span style=\"font-size: 20px;\">C\u00b4est depuis le Centre de Formation Professionnelle de Beyla, que Mme KABA a officiellement lanc\u00e9 la campagne dans la pr\u00e9fecture de Beyla. <\/span><\/p>\n<p><span style=\"font-size: 20px;\">La ministre s\u2019est rendue respectivement \u00e0 Sinko, Moussadou Gbackedou, Diaragueralla, Nionsomoridou, Beyla et Doukour\u00e9la. Partout, elle a port\u00e9 un message clair : le recensement, c\u2019est l\u2019acc\u00e8s \u00e0 des droits civiques, \u00e0 la carte d\u2019identit\u00e9 biom\u00e9trique, aux documents officiels et l\u2019exercice d\u2019une citoyennet\u00e9 pleine et enti\u00e8re.<\/span><\/p>\n<p><span style=\"font-size: 20px;\">\u00c0 l\u2019\u00e9coute des pr\u00e9occupations locales.<\/span><\/p>\n<p><span style=\"font-size: 20px;\">Lors de ses \u00e9changes, les populations ont exprim\u00e9 les difficult\u00e9s rencontr\u00e9es dans le processus. La Ministre a rassur\u00e9 de remonter ces pr\u00e9occupations pour que des solutions concr\u00e8tes soient apport\u00e9es. La sensibilisation s\u2019est poursuivie la\u00a0 dans d\u2019autres localit\u00e9s comme Fouala, Karala, Koumandou, Sokourala, amplifiant la port\u00e9e de cette initiative gouvernementale.<\/span><\/p>\n<p><span style=\"font-size: 20px;\">Enfin, la Ministre de l\u2019Enseignement Technique, de la Formation Professionnelle et de l\u2019Emploi, Mme Aminata KABA, a \u00e9t\u00e9 chaleureusement salu\u00e9e par les notabilit\u00e9s, les femmes et les jeunes de la pr\u00e9fecture, venus reconna\u00eetre son leadership et son implication constante dans la sensibilisation au Programme National de Recensement Administratif \u00e0 Vocation d\u2019\u00c9tat Civil (PN-RAVEC) dans leurs localit\u00e9s, cl\u00e9 pour garantir \u00e0 chaque citoyen une identit\u00e9 l\u00e9gale.<\/span><\/p>\n<p><span style=\"font-size: 20px;\">Au-del\u00e0 de l\u2019op\u00e9ration technique, c\u2019est bien la vision de refondation nationale qu\u2019incarne Mme Aminata KABA, align\u00e9e sur les objectifs du Pr\u00e9sident de la R\u00e9publique, G\u00e9n\u00e9ral d\u2019Arm\u00e9e Mamadi DOUMBOUYA.<\/span><!--\/data\/user\/0\/com.samsung.android.app.notes\/files\/clipdata\/clipdata_bodytext_250506_102502_905.sdocx--><\/p>\n<\/div>\n","protected":false},"excerpt":{"rendered":"<p>C\u00b4est depuis le Centre de Formation Professionnelle de Beyla, que Mme KABA a officiellement lanc\u00e9 la campagne dans la pr\u00e9fecture de Beyla. La ministre s\u2019est rendue respectivement \u00e0 Sinko, Moussadou Gbackedou, Diaragueralla, Nionsomoridou, Beyla et Doukour\u00e9la. Partout, elle a port\u00e9 un message clair : le recensement, c\u2019est l\u2019acc\u00e8s \u00e0 des droits civiques, \u00e0 la carte &hellip;<\/p>\n","protected":false},"author":1,"featured_media":0,"comment_status":"closed","ping_status":"closed","sticky":false,"template":"","format":"standard","meta":[],"categories":[2],"tags":[22],"_links":{"self":[{"href":"https:\/\/uk.ambagn.staging.e-kaidi.net\/index.php?rest_route=\/wp\/v2\/posts\/80895"}],"collection":[{"href":"https:\/\/uk.ambagn.staging.e-kaidi.net\/index.php?rest_route=\/wp\/v2\/posts"}],"about":[{"href":"https:\/\/uk.ambagn.staging.e-kaidi.net\/index.php?rest_route=\/wp\/v2\/types\/post"}],"author":[{"embeddable":true,"href":"https:\/\/uk.ambagn.staging.e-kaidi.net\/index.php?rest_route=\/wp\/v2\/users\/1"}],"replies":[{"embeddable":true,"href":"https:\/\/uk.ambagn.staging.e-kaidi.net\/index.php?rest_route=%2Fwp%2Fv2%2Fcomments&post=80895"}],"version-history":[{"count":0,"href":"https:\/\/uk.ambagn.staging.e-kaidi.net\/index.php?rest_route=\/wp\/v2\/posts\/80895\/revisions"}],"wp:attachment":[{"href":"https:\/\/uk.ambagn.staging.e-kaidi.net\/index.php?rest_route=%2Fwp%2Fv2%2Fmedia&parent=80895"}],"wp:term":[{"taxonomy":"category","embeddable":true,"href":"https:\/\/uk.ambagn.staging.e-kaidi.net\/index.php?rest_route=%2Fwp%2Fv2%2Fcategories&post=80895"},{"taxonomy":"post_tag","embeddable":true,"href":"https:\/\/uk.ambagn.staging.e-kaidi.net\/index.php?rest_route=%2Fwp%2Fv2%2Ftags&post=80895"}],"curies":[{"name":"wp","href":"https:\/\/api.w.org\/{rel}","templated":true}]}}