{"id":80846,"date":"2025-05-04T23:25:03","date_gmt":"2025-05-04T21:25:03","guid":{"rendered":"https:\/\/uk.ambagn.staging.e-kaidi.net\/?p=80846"},"modified":"2025-05-04T23:25:03","modified_gmt":"2025-05-04T21:25:03","slug":"droits-de-lhomme-et-liberte-de-la-presse-en-guinee-alseny-sall-de-logdh-sexprime-sans-detour","status":"publish","type":"post","link":"https:\/\/uk.ambagn.staging.e-kaidi.net\/?p=80846","title":{"rendered":"Droits de l\u2019homme et libert\u00e9 de la presse en Guin\u00e9e : Alseny Sall de l\u2019OGDH s\u2019exprime sans d\u00e9tour"},"content":{"rendered":"<div>\n<div style=\"margin-bottom:20px;\"><img width=\"1080\" height=\"787\"src=\"https:\/\/i0.wp.com\/www.guinee7.com\/wp-content\/uploads\/2025\/05\/IMG-20250504-WA0010.jpg?w=1080&amp;ssl=1\" class=\"attachment-post-thumbnail size-post-thumbnail wp-post-image\" alt=\"\" decoding=\"async\" loading=\"lazy\" srcset=\"https:\/\/i0.wp.com\/www.guinee7.com\/wp-content\/uploads\/2025\/05\/IMG-20250504-WA0010.jpg?w=1080&amp;ssl=1 1080w, https:\/\/i0.wp.com\/www.guinee7.com\/wp-content\/uploads\/2025\/05\/IMG-20250504-WA0010.jpg?resize=300%2C219&amp;ssl=1 300w, https:\/\/i0.wp.com\/www.guinee7.com\/wp-content\/uploads\/2025\/05\/IMG-20250504-WA0010.jpg?resize=1024%2C746&amp;ssl=1 1024w, https:\/\/i0.wp.com\/www.guinee7.com\/wp-content\/uploads\/2025\/05\/IMG-20250504-WA0010.jpg?resize=768%2C560&amp;ssl=1 768w, https:\/\/i0.wp.com\/www.guinee7.com\/wp-content\/uploads\/2025\/05\/IMG-20250504-WA0010.jpg?resize=86%2C64&amp;ssl=1 86w\" sizes=\"auto, (max-width: 1080px) 100vw, 1080px\"><\/div>\n<p><span style=\"font-size: 20px;\">Alseny Sall, responsable de la communication \u00e0 l\u2019organisation guin\u00e9enne de d\u00e9fense des droits de l\u2019homme et du citoyen (OGDH), a accord\u00e9 une interview \u00e0 notre r\u00e9daction. Dans cet entretien, cet activiste des droits de l\u2019homme a comment\u00e9 le passage de la Guin\u00e9e \u00e0 l\u2019examen p\u00e9riodique universel des droits de l\u2019homme, mais il a aussi touch\u00e9 du doigt la situation de la libert\u00e9 de la presse en Guin\u00e9e. Lisez !<\/span><\/p>\n<p><strong><span style=\"font-size: 20px;\">Guinee7.com : C\u2019est quoi l\u2019examen p\u00e9riodique universel des droits de l\u2019homme\u00a0? <\/span><\/strong><\/p>\n<p><span style=\"font-size: 20px;\">Alseny Sall\u00a0: L\u2019examen p\u00e9riodique universel est un m\u00e9canisme cr\u00e9\u00e9 par le Conseil des droits de l\u2019homme de l\u2019ONU, principal organe de promotion des droits de l\u2019homme de l\u2019organisation. Il vise \u00e0 instaurer un cadre de dialogue p\u00e9riodique entre les \u00c9tats membres de l\u2019ONU et un \u00c9tat partie aux trait\u00e9s fondamentaux des droits de l\u2019homme afin de mesurer les progr\u00e8s r\u00e9alis\u00e9s et les d\u00e9fis rencontr\u00e9s en mati\u00e8re des droits de l\u2019homme. \u00c0 ce titre, au terme de chaque dialogue, il y a des recommandations qui sont adress\u00e9es \u00e0 l\u2019\u00c9tat qui a \u00e9t\u00e9 examin\u00e9 afin qu\u2019il s\u2019acquitte correctement de ses obligations internationales en mati\u00e8re de droits de l\u2019homme.<\/span><\/p>\n<p><span style=\"font-size: 20px;\">Certes, ces recommandations n\u2019ont pas un caract\u00e8re contraignant pour l\u2019\u00c9tat qui a \u00e9t\u00e9 examin\u00e9, mais ces recommandations sont importantes dans la mesure o\u00f9 les autres \u00c9tats membres de l\u2019ONU qui ont \u00e9galement l\u2019obligation de veiller au respect des droits de l\u2019homme sont tenus de prendre en compte ces recommandations dans leur collaboration avec cet \u00c9tat. Et cela peut avoir un impact n\u00e9gatif pour l\u2019\u00c9tat examin\u00e9 dans ses rapports avec les autres \u00c9tats, en ce sens que cela peut le discr\u00e9diter en termes d\u2019image et lui faire perdre des financements importants, parfois au niveau international.<\/span><\/p>\n<p><strong><span style=\"font-size: 20px;\">Quelle appr\u00e9ciation faites-vous du passage du ministre de la Justice et des Droits de l\u2019homme de la Guin\u00e9e devant le m\u00e9canisme de l\u2019examen p\u00e9riodique universel 2025 ? Est-ce que le contenu du discours refl\u00e8te la r\u00e9alit\u00e9 ?<\/span><\/strong><\/p>\n<p><span style=\"font-size: 20px;\">C\u2019est le 4\u1d49 passage de notre pays devant ce m\u00e9canisme onusien depuis 2010. Et, \u00e0 chaque passage des \u00e9tapes pr\u00e9c\u00e9dentes, que ce soit en 2010, 2015 ou encore 2020, des recommandations ont \u00e9t\u00e9 adress\u00e9es aux autorit\u00e9s de notre pays afin qu\u2019elles prennent les mesures l\u00e9gislatives et politiques n\u00e9cessaires pour rendre effectifs les droits de l\u2019homme conform\u00e9ment aux engagements internationaux que nous avons librement souscrits.<\/span><\/p>\n<p><span style=\"font-size: 20px;\">Certes, nous appr\u00e9cions les efforts que nos autorit\u00e9s ont fournis pour \u00eatre pr\u00e9sentes \u00e0 ce rendez-vous important pour notre pays, mais pour nous, il ne s\u2019agit pas simplement d\u2019y aller, mais plut\u00f4t d\u2019\u0153uvrer en amont \u00e0 la mise en \u0153uvre correcte des recommandations pr\u00e9c\u00e9dentes, mais aussi de cr\u00e9er un climat favorable \u00e0 la jouissance des droits fondamentaux de concitoyens. Comme vous le savez, depuis un certain temps, il y a un recul pr\u00e9occupant de notre pays en mati\u00e8re de droits de l\u2019homme se traduisant notamment par la restriction des libert\u00e9s et de l\u2019espace civique, le musellement de la presse, l\u2019enl\u00e8vement des d\u00e9fenseurs et des voix dissidentes ainsi que le harc\u00e8lement judiciaire des acteurs politiques notamment. \u00c0 ce titre, vous constaterez qu\u2019au terme de ce passage encore, la plupart des recommandations adress\u00e9es \u00e0 notre pays vont revenir avec beaucoup d\u2019accentuation, je dirais.<\/span><\/p>\n<p><strong><span style=\"font-size: 20px;\">Dans le rapport de RSF 2025, la Guin\u00e9e a perdu 25 places, elle passe de la 78\u1d49 \u00e0 la 103\u1d49 place. Votre r\u00e9action ?<\/span><\/strong><\/p>\n<p><span style=\"font-size: 20px;\">\u00c9coutez, nous ne sommes gu\u00e8re surpris de cette situation, car c\u2019est tout simplement le reflet du recul que notre pays continue \u00e0 enregistrer en mati\u00e8re de libert\u00e9 de la presse, que je viens de souligner plus haut, se traduisant par un musellement total de la presse aujourd\u2019hui.<\/span><\/p>\n<p><strong><span style=\"font-size: 20px;\">Les avocats de Monsieur Thierno Moussa poursuivis dans le dossier du vol de 21 milliards s\u2019insurgent contre la violation du principe de la pr\u00e9somption d\u2019innocence de leur client. Qu\u2019en dites-vous ?<\/span><\/strong><\/p>\n<p><span style=\"font-size: 20px;\">Nous comprenons parfaitement cette pr\u00e9occupation des avocats de Monsieur Thierno Moussa DIALLO en ce sens que le respect du principe de la pr\u00e9somption d\u2019innocence fait partie des piliers fondamentaux des lois qui gouvernent le proc\u00e8s p\u00e9nal. Le fait de le pr\u00e9senter publiquement \u00e0 visage d\u00e9couvert devant la presse alors qu\u2019il n\u2019a pas encore \u00e9t\u00e9 entendu par un juge constitue une violation de ce principe.<\/span><\/p>\n<p><strong><span style=\"font-size: 20px;\">Entretien r\u00e9alis\u00e9 par Bhoye Barry pour guinee7.com<\/span><\/strong><!--\/data\/user\/0\/com.samsung.android.app.notes\/files\/clipdata\/clipdata_bodytext_250503_221144_350.sdocx--><\/p>\n<\/div>\n","protected":false},"excerpt":{"rendered":"<p>Alseny Sall, responsable de la communication \u00e0 l\u2019organisation guin\u00e9enne de d\u00e9fense des droits de l\u2019homme et du citoyen (OGDH), a accord\u00e9 une interview \u00e0 notre r\u00e9daction. Dans cet entretien, cet activiste des droits de l\u2019homme a comment\u00e9 le passage de la Guin\u00e9e \u00e0 l\u2019examen p\u00e9riodique universel des droits de l\u2019homme, mais il a aussi touch\u00e9 &hellip;<\/p>\n","protected":false},"author":1,"featured_media":0,"comment_status":"closed","ping_status":"closed","sticky":false,"template":"","format":"standard","meta":[],"categories":[2],"tags":[22],"_links":{"self":[{"href":"https:\/\/uk.ambagn.staging.e-kaidi.net\/index.php?rest_route=\/wp\/v2\/posts\/80846"}],"collection":[{"href":"https:\/\/uk.ambagn.staging.e-kaidi.net\/index.php?rest_route=\/wp\/v2\/posts"}],"about":[{"href":"https:\/\/uk.ambagn.staging.e-kaidi.net\/index.php?rest_route=\/wp\/v2\/types\/post"}],"author":[{"embeddable":true,"href":"https:\/\/uk.ambagn.staging.e-kaidi.net\/index.php?rest_route=\/wp\/v2\/users\/1"}],"replies":[{"embeddable":true,"href":"https:\/\/uk.ambagn.staging.e-kaidi.net\/index.php?rest_route=%2Fwp%2Fv2%2Fcomments&post=80846"}],"version-history":[{"count":0,"href":"https:\/\/uk.ambagn.staging.e-kaidi.net\/index.php?rest_route=\/wp\/v2\/posts\/80846\/revisions"}],"wp:attachment":[{"href":"https:\/\/uk.ambagn.staging.e-kaidi.net\/index.php?rest_route=%2Fwp%2Fv2%2Fmedia&parent=80846"}],"wp:term":[{"taxonomy":"category","embeddable":true,"href":"https:\/\/uk.ambagn.staging.e-kaidi.net\/index.php?rest_route=%2Fwp%2Fv2%2Fcategories&post=80846"},{"taxonomy":"post_tag","embeddable":true,"href":"https:\/\/uk.ambagn.staging.e-kaidi.net\/index.php?rest_route=%2Fwp%2Fv2%2Ftags&post=80846"}],"curies":[{"name":"wp","href":"https:\/\/api.w.org\/{rel}","templated":true}]}}