{"id":80844,"date":"2025-05-04T23:25:02","date_gmt":"2025-05-04T21:25:02","guid":{"rendered":"https:\/\/uk.ambagn.staging.e-kaidi.net\/?p=80844"},"modified":"2025-05-04T23:25:02","modified_gmt":"2025-05-04T21:25:02","slug":"liberte-de-la-presse-en-guinee-gaoual-persuade-ne-convainc-pas","status":"publish","type":"post","link":"https:\/\/uk.ambagn.staging.e-kaidi.net\/?p=80844","title":{"rendered":"Libert\u00e9 de la presse en Guin\u00e9e: Gaoual persuade, ne convainc pas"},"content":{"rendered":"<div>\n<div style=\"margin-bottom:20px;\"><img width=\"1000\" height=\"750\"src=\"https:\/\/i0.wp.com\/www.guinee7.com\/wp-content\/uploads\/2025\/01\/gaoual.jpg?w=1000&amp;ssl=1\" class=\"attachment-post-thumbnail size-post-thumbnail wp-post-image\" alt=\"\" decoding=\"async\" loading=\"lazy\" srcset=\"https:\/\/i0.wp.com\/www.guinee7.com\/wp-content\/uploads\/2025\/01\/gaoual.jpg?w=1000&amp;ssl=1 1000w, https:\/\/i0.wp.com\/www.guinee7.com\/wp-content\/uploads\/2025\/01\/gaoual.jpg?resize=300%2C225&amp;ssl=1 300w, https:\/\/i0.wp.com\/www.guinee7.com\/wp-content\/uploads\/2025\/01\/gaoual.jpg?resize=768%2C576&amp;ssl=1 768w, https:\/\/i0.wp.com\/www.guinee7.com\/wp-content\/uploads\/2025\/01\/gaoual.jpg?resize=86%2C64&amp;ssl=1 86w\" sizes=\"auto, (max-width: 1000px) 100vw, 1000px\"><\/div>\n<p><span id=\"more-117991\"><\/span>Il y a dans les <a href=\"https:\/\/www.guinee7.com\/2025\/05\/03\/classement-rsf-le-gouvernement-conteste-la-place-de-la-guinee\/\">mots<\/a>\u00a0 d\u2019Ousmane Gaoual Diallo, porte-parole du gouvernement de la transition guin\u00e9enne, une certaine constance : celle de vouloir persuader plus que convaincre. En r\u00e9action \u00e0 la chute de la Guin\u00e9e au classement 2025 de Reporters sans fronti\u00e8res \u2014 une d\u00e9gringolade de la 75e \u00e0 la 103e place \u2014 le ministre s\u2019est livr\u00e9 \u00e0 un exercice bien r\u00f4d\u00e9 de communication d\u00e9fensive : rappeler les r\u00e9formes, r\u00e9citer les textes, vanter les plateformes de communication gouvernementale, et surtout, faire mine d\u2019ignorer ce que tout le monde voit.<\/p>\n<p>Car le probl\u00e8me, ce n\u2019est pas ce que dit le gouvernement. C\u2019est ce qu\u2019il fait. Et surtout ce qu\u2019il ne veut pas qu\u2019on dise.<\/p>\n<p>Disparition myst\u00e9rieuse du journaliste Marwane Camara, fermeture arbitraire de m\u00e9dias, acc\u00e8s limit\u00e9 \u00e0 l\u2019information, pr\u00e9carisation financi\u00e8re des organes trop critiques, climat d\u2019intimidation qui pousse \u00e0 l\u2019autocensure : voil\u00e0 les r\u00e9alit\u00e9s qui minent la libert\u00e9 de la presse en Guin\u00e9e. Des r\u00e9alit\u00e9s que ne saurait effacer une plateforme num\u00e9rique aussi centralis\u00e9e soit-elle, ni quelques points de presse institutionnels calibr\u00e9s.<\/p>\n<p>Confondre communication gouvernementale et libert\u00e9 de la presse est une erreur \u2013 ou une strat\u00e9gie. Car si les ministres parlent r\u00e9guli\u00e8rement, c\u2019est surtout pour contr\u00f4ler le r\u00e9cit. Or, la libert\u00e9 de la presse ne consiste pas \u00e0 relayer les discours officiels, mais \u00e0 pouvoir les interroger, les critiquer, les contredire, sans craindre d\u2019en payer le prix.<\/p>\n<p>Il est facile de proclamer qu\u2019aucun texte ne limite les journalistes, mais il est plus difficile d\u2019admettre que tout un climat \u2013 politique, \u00e9conomique et judiciaire \u2013 suffit \u00e0 les faire taire. Le silence ne vient pas toujours d\u2019un ordre. Parfois, il na\u00eet de la peur. Et celle-ci, en Guin\u00e9e, gagne dangereusement du terrain.<\/p>\n<p>Alors oui, il y a un gouffre entre les r\u00e9formes brandies par le pouvoir et le v\u00e9cu quotidien des professionnels de l\u2019information. Tant que ce gouffre persistera, tant que les journalistes ne seront ni prot\u00e9g\u00e9s ni soutenus, tant que la critique d\u00e9rangera plus qu\u2019elle ne nourrira le d\u00e9bat, la libert\u00e9 de la presse restera une promesse creuse. Et les classements internationaux, fussent-ils imparfaits, continueront de r\u00e9v\u00e9ler ce que les communiqu\u00e9s tentent d\u2019occulter : que la libert\u00e9 ne se mesure pas \u00e0 ce que l\u2019\u00c9tat dit d\u2019elle, mais \u00e0 ce que les journalistes peuvent en faire.<\/p>\n<p><strong>Ibrahima S. Traor\u00e9 pour guinee7.com<\/strong><\/p>\n<p>\u00a0<\/p>\n<\/div>\n","protected":false},"excerpt":{"rendered":"<p>Il y a dans les mots\u00a0 d\u2019Ousmane Gaoual Diallo, porte-parole du gouvernement de la transition guin\u00e9enne, une certaine constance : celle de vouloir persuader plus que convaincre. En r\u00e9action \u00e0 la chute de la Guin\u00e9e au classement 2025 de Reporters sans fronti\u00e8res \u2014 une d\u00e9gringolade de la 75e \u00e0 la 103e place \u2014 le ministre &hellip;<\/p>\n","protected":false},"author":1,"featured_media":0,"comment_status":"closed","ping_status":"closed","sticky":false,"template":"","format":"standard","meta":[],"categories":[2],"tags":[22],"_links":{"self":[{"href":"https:\/\/uk.ambagn.staging.e-kaidi.net\/index.php?rest_route=\/wp\/v2\/posts\/80844"}],"collection":[{"href":"https:\/\/uk.ambagn.staging.e-kaidi.net\/index.php?rest_route=\/wp\/v2\/posts"}],"about":[{"href":"https:\/\/uk.ambagn.staging.e-kaidi.net\/index.php?rest_route=\/wp\/v2\/types\/post"}],"author":[{"embeddable":true,"href":"https:\/\/uk.ambagn.staging.e-kaidi.net\/index.php?rest_route=\/wp\/v2\/users\/1"}],"replies":[{"embeddable":true,"href":"https:\/\/uk.ambagn.staging.e-kaidi.net\/index.php?rest_route=%2Fwp%2Fv2%2Fcomments&post=80844"}],"version-history":[{"count":0,"href":"https:\/\/uk.ambagn.staging.e-kaidi.net\/index.php?rest_route=\/wp\/v2\/posts\/80844\/revisions"}],"wp:attachment":[{"href":"https:\/\/uk.ambagn.staging.e-kaidi.net\/index.php?rest_route=%2Fwp%2Fv2%2Fmedia&parent=80844"}],"wp:term":[{"taxonomy":"category","embeddable":true,"href":"https:\/\/uk.ambagn.staging.e-kaidi.net\/index.php?rest_route=%2Fwp%2Fv2%2Fcategories&post=80844"},{"taxonomy":"post_tag","embeddable":true,"href":"https:\/\/uk.ambagn.staging.e-kaidi.net\/index.php?rest_route=%2Fwp%2Fv2%2Ftags&post=80844"}],"curies":[{"name":"wp","href":"https:\/\/api.w.org\/{rel}","templated":true}]}}