{"id":80819,"date":"2025-05-04T02:32:09","date_gmt":"2025-05-04T00:32:09","guid":{"rendered":"https:\/\/uk.ambagn.staging.e-kaidi.net\/?p=80819"},"modified":"2025-05-04T02:32:09","modified_gmt":"2025-05-04T00:32:09","slug":"classement-rsf-le-gouvernement-conteste-la-place-de-la-guinee","status":"publish","type":"post","link":"https:\/\/uk.ambagn.staging.e-kaidi.net\/?p=80819","title":{"rendered":"Classement RSF\u00a0: le gouvernement conteste la place de la Guin\u00e9e"},"content":{"rendered":"<div>\n<div style=\"margin-bottom:20px;\"><img width=\"800\" height=\"600\"src=\"https:\/\/i0.wp.com\/www.guinee7.com\/wp-content\/uploads\/2023\/12\/Ousmane-Gaoual-2.jpg?w=800&amp;ssl=1\" class=\"attachment-post-thumbnail size-post-thumbnail wp-post-image\" alt=\"\" decoding=\"async\" srcset=\"https:\/\/i0.wp.com\/www.guinee7.com\/wp-content\/uploads\/2023\/12\/Ousmane-Gaoual-2.jpg?w=800&amp;ssl=1 800w, https:\/\/i0.wp.com\/www.guinee7.com\/wp-content\/uploads\/2023\/12\/Ousmane-Gaoual-2.jpg?resize=300%2C225&amp;ssl=1 300w, https:\/\/i0.wp.com\/www.guinee7.com\/wp-content\/uploads\/2023\/12\/Ousmane-Gaoual-2.jpg?resize=768%2C576&amp;ssl=1 768w, https:\/\/i0.wp.com\/www.guinee7.com\/wp-content\/uploads\/2023\/12\/Ousmane-Gaoual-2.jpg?resize=86%2C64&amp;ssl=1 86w\" sizes=\"(max-width: 800px) 100vw, 800px\"><\/div>\n<p><span style=\"font-size: 20px;\">La r\u00e9action du gouvernement guin\u00e9en ne s\u2019est pas fait attendre. Dans son nouveau classement, Reporters sans fronti\u00e8res (RSF) classe la Guin\u00e9e \u00e0 la 103e place, contrairement \u00e0 l\u2019ann\u00e9e derni\u00e8re o\u00f9 elle occupait la 75e place en mati\u00e8re de libert\u00e9 de la presse.<\/span><\/p>\n<p><span style=\"font-size: 20px;\">\u00ab Le gouvernement de la R\u00e9publique de Guin\u00e9e r\u00e9affirme son attachement \u00e0 la libert\u00e9 de la presse et regrette que les efforts engag\u00e9s dans le cadre de la transition ne soient que partiellement refl\u00e9t\u00e9s. Tout en reconnaissant l\u2019utilit\u00e9 de telles \u00e9valuations, il juge essentiel de rappeler les r\u00e9formes en cours pour garantir un environnement m\u00e9diatique libre, pluraliste et responsable. Le cadre juridique en vigueur, notamment la loi de 2010 sur la libert\u00e9 de la presse, d\u00e9p\u00e9nalise les d\u00e9lits de presse. Aucune disposition, \u00e0 ce jour, n\u2019a \u00e9t\u00e9 adopt\u00e9e ni envisag\u00e9e pour restreindre la libert\u00e9 des journalistes ou des m\u00e9dias. Le gouvernement r\u00e9affirme que la libert\u00e9 de la presse est non seulement prot\u00e9g\u00e9e, mais activement renforc\u00e9e \u00e0 travers un ensemble d\u2019actions et de r\u00e9formes concr\u00e8tes <\/span><span style=\"font-size: 20px;\">\u00bb<\/span><span style=\"font-size: 20px;\">, a d\u00e9clar\u00e9 Ousmane Gaoual Diallo, ministre porte-parole du gouvernement, dans un document consult\u00e9 par notre r\u00e9daction. <\/span><\/p>\n<p><span style=\"font-size: 20px;\">Par rapport \u00e0 l\u2019acc\u00e8s \u00e0 l\u2019information, Ousmane Gaoual tient \u00e0 pr\u00e9ciser que : <\/span><span style=\"font-size: 20px;\">\u00ab <\/span><span style=\"font-size: 20px;\">des points de presse sont organis\u00e9s de mani\u00e8re r\u00e9guli\u00e8re au sein du porte-parolat du gouvernement. Chaque ministre est d\u00e9sormais tenu de pr\u00e9senter p\u00e9riodiquement le bilan de son action devant les citoyens, garantissant une culture de redevabilit\u00e9 directe <\/span><span style=\"font-size: 20px;\">\u00bb<\/span><span style=\"font-size: 20px;\">. <\/span><\/p>\n<p><span style=\"font-size: 20px;\">Sur le plan de la transparence et de la communication institutionnelle, le ministre Gaoual a fait savoir que, depuis f\u00e9vrier 2025, le gouvernement s\u2019est dot\u00e9 du service Guin\u00e9e GOUV. Une plateforme centrale de l\u2019information publique, plac\u00e9e sous l\u2019autorit\u00e9 du porte-parole du Gouvernement. Il mentionne aussi le travail de la direction de la communication et de l\u2019information (DCI) de la pr\u00e9sidence de la R\u00e9publique. <\/span><\/p>\n<p><span style=\"font-size: 20px;\">En mati\u00e8re de protection des journalistes et de la libert\u00e9 d\u2019expression, le porte-parole du gouvernement d\u00e9clare\u00a0: <\/span><span style=\"font-size: 20px;\">\u00ab <\/span><span style=\"font-size: 20px;\">le gouvernement maintient un cadre l\u00e9gal stable prot\u00e9geant les journalistes dans l\u2019exercice de leur mission. Aucun texte l\u00e9gislatif n\u2019est venu remettre en cause ce principe. Un dialogue constructif est engag\u00e9 avec les associations professionnelles, les organes de r\u00e9gulation et les partenaires internationaux afin de renforcer davantage les m\u00e9canismes de protection. Le Gouvernement appelle \u00e9galement les acteurs de la presse \u00e0 exercer leur m\u00e9tier dans un esprit de responsabilit\u00e9, d\u2019\u00e9thique et de respect de la d\u00e9ontologie <\/span><span style=\"font-size: 20px;\">\u00bb<\/span><span style=\"font-size: 20px;\">. <\/span><\/p>\n<p><span style=\"font-size: 20px;\">\u00ab <\/span><span style=\"font-size: 20px;\">Si des d\u00e9fis subsistent, le gouvernement de la R\u00e9publique de Guin\u00e9e demeure r\u00e9solument engag\u00e9 dans le renforcement de la libert\u00e9 de la presse, de la protection des journalistes et de l\u2019ind\u00e9pendance des m\u00e9dias. Les r\u00e9formes engag\u00e9es s\u2019inscrivent dans une vision de transformation durable du paysage m\u00e9diatique national, faisant de la libert\u00e9 de la presse un levier de coh\u00e9sion sociale, de stabilit\u00e9 institutionnelle et de d\u00e9veloppement <\/span><span style=\"font-size: 20px;\">\u00bb<\/span><span style=\"font-size: 20px;\">, a conclu Ousmane Gaoual Diallo. <\/span><\/p>\n<p><strong><span style=\"font-size: 20px;\">Bhoye Barry pour guinee7.com<\/span><\/strong><!--\/data\/user\/0\/com.samsung.android.app.notes\/files\/clipdata\/clipdata_bodytext_250503_170747_221.sdocx--><\/p>\n<\/div>\n","protected":false},"excerpt":{"rendered":"<p>La r\u00e9action du gouvernement guin\u00e9en ne s\u2019est pas fait attendre. Dans son nouveau classement, Reporters sans fronti\u00e8res (RSF) classe la Guin\u00e9e \u00e0 la 103e place, contrairement \u00e0 l\u2019ann\u00e9e derni\u00e8re o\u00f9 elle occupait la 75e place en mati\u00e8re de libert\u00e9 de la presse. \u00ab Le gouvernement de la R\u00e9publique de Guin\u00e9e r\u00e9affirme son attachement \u00e0 la &hellip;<\/p>\n","protected":false},"author":1,"featured_media":0,"comment_status":"closed","ping_status":"closed","sticky":false,"template":"","format":"standard","meta":[],"categories":[2],"tags":[22],"_links":{"self":[{"href":"https:\/\/uk.ambagn.staging.e-kaidi.net\/index.php?rest_route=\/wp\/v2\/posts\/80819"}],"collection":[{"href":"https:\/\/uk.ambagn.staging.e-kaidi.net\/index.php?rest_route=\/wp\/v2\/posts"}],"about":[{"href":"https:\/\/uk.ambagn.staging.e-kaidi.net\/index.php?rest_route=\/wp\/v2\/types\/post"}],"author":[{"embeddable":true,"href":"https:\/\/uk.ambagn.staging.e-kaidi.net\/index.php?rest_route=\/wp\/v2\/users\/1"}],"replies":[{"embeddable":true,"href":"https:\/\/uk.ambagn.staging.e-kaidi.net\/index.php?rest_route=%2Fwp%2Fv2%2Fcomments&post=80819"}],"version-history":[{"count":0,"href":"https:\/\/uk.ambagn.staging.e-kaidi.net\/index.php?rest_route=\/wp\/v2\/posts\/80819\/revisions"}],"wp:attachment":[{"href":"https:\/\/uk.ambagn.staging.e-kaidi.net\/index.php?rest_route=%2Fwp%2Fv2%2Fmedia&parent=80819"}],"wp:term":[{"taxonomy":"category","embeddable":true,"href":"https:\/\/uk.ambagn.staging.e-kaidi.net\/index.php?rest_route=%2Fwp%2Fv2%2Fcategories&post=80819"},{"taxonomy":"post_tag","embeddable":true,"href":"https:\/\/uk.ambagn.staging.e-kaidi.net\/index.php?rest_route=%2Fwp%2Fv2%2Ftags&post=80819"}],"curies":[{"name":"wp","href":"https:\/\/api.w.org\/{rel}","templated":true}]}}