{"id":80818,"date":"2025-05-04T02:32:08","date_gmt":"2025-05-04T00:32:08","guid":{"rendered":"https:\/\/uk.ambagn.staging.e-kaidi.net\/?p=80818"},"modified":"2025-05-04T02:32:08","modified_gmt":"2025-05-04T00:32:08","slug":"nous-existons-mais-nous-ne-vivons-plus-le-cri-de-coeur-de-lautre-chomeur","status":"publish","type":"post","link":"https:\/\/uk.ambagn.staging.e-kaidi.net\/?p=80818","title":{"rendered":"\u00ab Nous existons, mais nous ne vivons plus\u00a0\u00bb\u00a0: le cri de c\u0153ur de \u00ab\u00a0l\u2019autre ch\u00f4meur\u00a0\u00bb"},"content":{"rendered":"<div>\n<div style=\"margin-bottom:20px;\"><img width=\"1080\" height=\"783\"src=\"https:\/\/i0.wp.com\/www.guinee7.com\/wp-content\/uploads\/2025\/05\/IMG-20250503-WA0018.jpg?w=1080&amp;ssl=1\" class=\"attachment-post-thumbnail size-post-thumbnail wp-post-image\" alt=\"\" decoding=\"async\" loading=\"lazy\" srcset=\"https:\/\/i0.wp.com\/www.guinee7.com\/wp-content\/uploads\/2025\/05\/IMG-20250503-WA0018.jpg?w=1080&amp;ssl=1 1080w, https:\/\/i0.wp.com\/www.guinee7.com\/wp-content\/uploads\/2025\/05\/IMG-20250503-WA0018.jpg?resize=300%2C218&amp;ssl=1 300w, https:\/\/i0.wp.com\/www.guinee7.com\/wp-content\/uploads\/2025\/05\/IMG-20250503-WA0018.jpg?resize=1024%2C742&amp;ssl=1 1024w, https:\/\/i0.wp.com\/www.guinee7.com\/wp-content\/uploads\/2025\/05\/IMG-20250503-WA0018.jpg?resize=768%2C557&amp;ssl=1 768w\" sizes=\"auto, (max-width: 1080px) 100vw, 1080px\"><\/div>\n<p><span style=\"font-size: 20px;\">En cette journ\u00e9e mondiale de la libert\u00e9 de la presse, l\u2019occasion se pr\u00eate \u00e0 une introspection sur la situation alarmante des m\u00e9dias en Guin\u00e9e. Le paysage m\u00e9diatique traverse une crise profonde. Pour mieux comprendre l\u2019impact humain de cette situation, nous avons rencontr\u00e9 Mamoudou Boul\u00e8r\u00e8 Diallo, ancien responsable de la section Langue nationale \u00e0 Espace TV, aujourd\u2019hui tristement surnomm\u00e9 \u00ab l\u2019autre ch\u00f4meur\u00a0\u00bb.<\/span><\/p>\n<p><span style=\"font-size: 20px;\">\u00ab Cela fait douze mois que nous sommes sans salaire. Nous existons, mais nous ne vivons plus \u00bb, d\u00e9clare-t-il avec amertume. Le journaliste d\u00e9nonce la brutalit\u00e9 de la fermeture de leur m\u00e9dia, survenue sans avertissement. \u00ab C\u2019\u00e9tait d\u2019une cruaut\u00e9 indescriptible. On ne nous a pas inform\u00e9s. On parle de fautes commises, mais lesquelles exactement\u00a0? Jusqu\u2019\u00e0 pr\u00e9sent, je me demande comment Djoma, FIM et Espace ont pu \u00eatre sanctionn\u00e9s le m\u00eame jour, pour les m\u00eames raisons. Pourquoi aucune sommation ? Pourquoi une interdiction aussi soudaine de faire notre m\u00e9tier, celui pour lequel nous nous sommes battus ? Je suis journaliste, c\u2019est tout ce que je connais.\u00a0\u00bb<\/span><\/p>\n<p><span style=\"font-size: 20px;\">Son t\u00e9moignage est poignant. Il parle d\u2019une p\u00e9riode marqu\u00e9e par la d\u00e9tresse, la d\u00e9sillusion, la pr\u00e9carit\u00e9 et l\u2019humiliation : \u00ab c\u2019est une p\u00e9riode de d\u00e9ception, de doute, d\u2019indignit\u00e9, de gal\u00e8re, de m\u00e9fiance. C\u2019est une p\u00e9riode innommable, parce que \u00e7a me fait mal, que ce soit dans mon pays que cela soit arriv\u00e9. Parce que je pouvais \u00eatre dans un autre pays en train d\u2019exercer le m\u00e9tier, que cela m\u2019arrive et je reviens chez moi. M\u00eame si \u00e7a ne va pas, je suis chez moi. Mais l\u00e0, quand j\u2019\u00e9change avec des confr\u00e8res d\u2019autres pays ou d\u2019autres continents, je suis oblig\u00e9 de d\u00e9fendre mon pays. Mais quand on t\u2019expose les faits, le fait est sacr\u00e9.\u00a0\u00bb<\/span><\/p>\n<p><span style=\"font-size: 20px;\">Pour lui, le silence qui entoure ces d\u00e9cisions est incompr\u00e9hensible. \u00ab Si des violations ont eu lieu, pourquoi ne pas nous avoir expliqu\u00e9\u00a0?\u00a0Pourquoi n\u2019y a-t-il pas eu de proc\u00e9dure claire, de dialogue, de sommation pour sauver les emplois\u00a0 ? Rien du tout. \u00bb<\/span><\/p>\n<p><span style=\"font-size: 20px;\">C\u2019est de retour de Nz\u00e9r\u00e9kor\u00e9, o\u00f9 il \u00e9tait all\u00e9 pour une mission, qu\u2019il a \u00e9t\u00e9 mis devant le fait accompli. Il a d\u00e9nonc\u00e9 un climat de m\u00e9fiance\u00a0: \u00ab Le mal, c\u2019est qu\u2019on veut te faire croire que \u00e7a va. On ne veut pas entendre que les m\u00e9dias sont ferm\u00e9s. C\u2019est un fait. Quand tu parles, on dit que tu es radical. Tu es ceci, tu es cela.\u00a0On va retenir ta t\u00eate. Partout, tu auras peut-\u00eatre un projet. On va dire non, lui, il est contre nous. On n\u2019est contre personne. \u00bb<\/span><\/p>\n<p><span style=\"font-size: 20px;\">Et de conclure : \u00ab \u00a0Ce qui est aussi \u00e9tonnant, c\u2019est qu\u2019il a fallu qu\u2019un journaliste soit ministre de l\u2019Information et de la Communication pour que cela arrive.\u00a0On ne dit pas que c\u2019est lui l\u2019auteur ou c\u2019est lui la cause. C\u2019est lui qui a agi. Mais qu\u2019est-ce qu\u2019il a fait pour l\u2019en emp\u00eacher\u00a0?\u00a0\u00bb, s\u2019interroge-t-il.<\/span><\/p>\n<p><strong><span style=\"font-size: 20px;\">Abdoul Lory Sylla pour Guinee7.com<\/span><\/strong><!--\/data\/user\/0\/com.samsung.android.app.notes\/files\/clipdata\/clipdata_bodytext_250503_163013_931.sdocx--><\/p>\n<\/div>\n","protected":false},"excerpt":{"rendered":"<p>En cette journ\u00e9e mondiale de la libert\u00e9 de la presse, l\u2019occasion se pr\u00eate \u00e0 une introspection sur la situation alarmante des m\u00e9dias en Guin\u00e9e. Le paysage m\u00e9diatique traverse une crise profonde. Pour mieux comprendre l\u2019impact humain de cette situation, nous avons rencontr\u00e9 Mamoudou Boul\u00e8r\u00e8 Diallo, ancien responsable de la section Langue nationale \u00e0 Espace TV, &hellip;<\/p>\n","protected":false},"author":1,"featured_media":0,"comment_status":"closed","ping_status":"closed","sticky":false,"template":"","format":"standard","meta":[],"categories":[2],"tags":[22],"_links":{"self":[{"href":"https:\/\/uk.ambagn.staging.e-kaidi.net\/index.php?rest_route=\/wp\/v2\/posts\/80818"}],"collection":[{"href":"https:\/\/uk.ambagn.staging.e-kaidi.net\/index.php?rest_route=\/wp\/v2\/posts"}],"about":[{"href":"https:\/\/uk.ambagn.staging.e-kaidi.net\/index.php?rest_route=\/wp\/v2\/types\/post"}],"author":[{"embeddable":true,"href":"https:\/\/uk.ambagn.staging.e-kaidi.net\/index.php?rest_route=\/wp\/v2\/users\/1"}],"replies":[{"embeddable":true,"href":"https:\/\/uk.ambagn.staging.e-kaidi.net\/index.php?rest_route=%2Fwp%2Fv2%2Fcomments&post=80818"}],"version-history":[{"count":0,"href":"https:\/\/uk.ambagn.staging.e-kaidi.net\/index.php?rest_route=\/wp\/v2\/posts\/80818\/revisions"}],"wp:attachment":[{"href":"https:\/\/uk.ambagn.staging.e-kaidi.net\/index.php?rest_route=%2Fwp%2Fv2%2Fmedia&parent=80818"}],"wp:term":[{"taxonomy":"category","embeddable":true,"href":"https:\/\/uk.ambagn.staging.e-kaidi.net\/index.php?rest_route=%2Fwp%2Fv2%2Fcategories&post=80818"},{"taxonomy":"post_tag","embeddable":true,"href":"https:\/\/uk.ambagn.staging.e-kaidi.net\/index.php?rest_route=%2Fwp%2Fv2%2Ftags&post=80818"}],"curies":[{"name":"wp","href":"https:\/\/api.w.org\/{rel}","templated":true}]}}