{"id":80816,"date":"2025-05-04T02:32:07","date_gmt":"2025-05-04T00:32:07","guid":{"rendered":"https:\/\/uk.ambagn.staging.e-kaidi.net\/?p=80816"},"modified":"2025-05-04T02:32:07","modified_gmt":"2025-05-04T00:32:07","slug":"3-mai-les-associations-de-presse-plaident-pour-un-nouveau-depart","status":"publish","type":"post","link":"https:\/\/uk.ambagn.staging.e-kaidi.net\/?p=80816","title":{"rendered":"3 mai\u00a0: les associations de presse plaident pour un nouveau d\u00e9part"},"content":{"rendered":"<div>\n<div style=\"margin-bottom:20px;\"><img width=\"1008\" height=\"567\"src=\"https:\/\/i0.wp.com\/www.guinee7.com\/wp-content\/uploads\/2025\/05\/IMG-20250503-WA0012.jpg?w=1008&amp;ssl=1\" class=\"attachment-post-thumbnail size-post-thumbnail wp-post-image\" alt=\"\" decoding=\"async\" loading=\"lazy\" srcset=\"https:\/\/i0.wp.com\/www.guinee7.com\/wp-content\/uploads\/2025\/05\/IMG-20250503-WA0012.jpg?w=1008&amp;ssl=1 1008w, https:\/\/i0.wp.com\/www.guinee7.com\/wp-content\/uploads\/2025\/05\/IMG-20250503-WA0012.jpg?resize=300%2C169&amp;ssl=1 300w, https:\/\/i0.wp.com\/www.guinee7.com\/wp-content\/uploads\/2025\/05\/IMG-20250503-WA0012.jpg?resize=768%2C432&amp;ssl=1 768w\" sizes=\"auto, (max-width: 1008px) 100vw, 1008px\"><\/div>\n<p><span style=\"font-size: 20px;\">\u00c0 l\u2019occasion de la Journ\u00e9e mondiale de la libert\u00e9 de la presse, les associations de presse guin\u00e9ennes ont lanc\u00e9 un appel fort en direction des autorit\u00e9s et des professionnels des m\u00e9dias. <\/span><\/p>\n<p><span style=\"font-size: 20px;\">Dans une d\u00e9claration lue par Aboubacar Camara, secr\u00e9taire g\u00e9n\u00e9ral de l\u2019URTELGUI, les repr\u00e9sentants des m\u00e9dias ont tenu \u00e0 rappeler la port\u00e9e historique du 3 mai. \u00ab Cette date symbolise les combats courageux men\u00e9s par des journalistes et citoyens de valeur pour faire de la libert\u00e9 de la presse une r\u00e9alit\u00e9 en Guin\u00e9e \u00bb, a-t-il soulign\u00e9.<\/span><\/p>\n<p><span style=\"font-size: 20px;\">Les acquis c\u00e9l\u00e9br\u00e9s aujourd\u2019hui, disent-ils, ont \u00e9t\u00e9 arrach\u00e9s de haute lutte, souvent au prix d\u2019intimidations, d\u2019arrestations, de violences, et parfois m\u00eame d\u2019agressions physiques. Une fragilit\u00e9 persistante, notent-ils, dans un contexte o\u00f9 le processus d\u00e9mocratique reste en chantier.<\/span><\/p>\n<p><span style=\"font-size: 20px;\">Les associations ont \u00e9galement \u00e9voqu\u00e9 les difficult\u00e9s actuelles du secteur. Les tensions r\u00e9centes entre les m\u00e9dias et les autorit\u00e9s, ayant entra\u00een\u00e9 la fermeture de m\u00e9dias, ont eu des cons\u00e9quences lourdes\u00a0: des centaines d\u2019emplois perdus et une chute de 25 places dans le classement de Reporters sans fronti\u00e8res. Une situation jug\u00e9e alarmante, qui, selon elles, exige une r\u00e9ponse rapide, concert\u00e9e et durable.<\/span><\/p>\n<p><span style=\"font-size: 20px;\">Elles r\u00e9it\u00e8rent ainsi leur engagement en faveur d\u2019une presse libre, mais \u00e9galement responsable. \u00ab Nous appelons \u00e0 un nouveau d\u00e9part dans les relations entre les m\u00e9dias et les autorit\u00e9s, fond\u00e9 sur le dialogue, la confiance mutuelle et le respect de la loi \u00bb, ont-elles d\u00e9clar\u00e9. Elles ont aussi exig\u00e9 la poursuite des investigations sur la disparition de leur confr\u00e8re Marouane Camara, port\u00e9 disparu depuis plusieurs mois.<\/span><br \/><span style=\"font-size: 20px;\">Les associations de presse ont \u00e9galement plaid\u00e9 pour une r\u00e9forme en profondeur du cadre l\u00e9gal r\u00e9gissant la presse. La transition politique en cours est per\u00e7ue comme une opportunit\u00e9 \u00e0 saisir pour moderniser les textes en vigueur. Parmi les axes propos\u00e9s : le statut des entreprises de presse, leur r\u00e9gime fiscal, leur acc\u00e8s \u00e0 la publicit\u00e9 publique, la r\u00e9gulation des contenus num\u00e9riques et la reconnaissance des nouveaux m\u00e9dias (webradios, t\u00e9l\u00e9visions en ligne, etc.). Elles ont \u00e9galement demand\u00e9 une revalorisation du soutien financier accord\u00e9 \u00e0 la presse priv\u00e9e et \u00e0 la Maison de la presse.<\/span><\/p>\n<p><span style=\"font-size: 20px;\">Concernant le Fonds d\u2019Appui au D\u00e9veloppement des M\u00e9dias (FADEM), elles ont exprim\u00e9 leur d\u00e9ception face \u00e0 son inaction. \u00ab Ce fonds, tant attendu, reste \u00e0 l\u2019\u00e9tat de promesse. Or, un fonds sans contenu n\u2019est qu\u2019un leurre\u00a0\u00bb, ont-elles regrett\u00e9, appelant le gouvernement et la HAC \u00e0 le rendre effectif au plus vite, afin d\u2019am\u00e9liorer les conditions de travail des journalistes.<\/span><\/p>\n<p><span style=\"font-size: 20px;\">Enfin, elles ont interpell\u00e9 les professionnels eux-m\u00eames, leur rappelant que la libert\u00e9 de la presse ne saurait exister sans responsabilit\u00e9. \u00ab Le respect de l\u2019\u00e9thique, de la d\u00e9ontologie, de la v\u00e9rit\u00e9 et de l\u2019int\u00e9r\u00eat public est un imp\u00e9ratif \u00bb, ont-elles affirm\u00e9. Et de conclure\u00a0: \u00ab Il revient \u00e0 l\u2019\u00c9tat de prot\u00e9ger cette libert\u00e9 fondamentale, et aux journalistes d\u2019en faire un usage \u00e9clair\u00e9, dans le respect de la paix sociale, de l\u2019unit\u00e9 nationale et de la coh\u00e9sion.\u00a0\u00bb<\/span><\/p>\n<p><strong><span style=\"font-size: 20px;\">Abdoul Lory Sylla pour Guinee7.com<\/span><\/strong><!--\/data\/user\/0\/com.samsung.android.app.notes\/files\/clipdata\/clipdata_bodytext_250503_152703_015.sdocx--><\/p>\n<\/div>\n","protected":false},"excerpt":{"rendered":"<p>\u00c0 l\u2019occasion de la Journ\u00e9e mondiale de la libert\u00e9 de la presse, les associations de presse guin\u00e9ennes ont lanc\u00e9 un appel fort en direction des autorit\u00e9s et des professionnels des m\u00e9dias. Dans une d\u00e9claration lue par Aboubacar Camara, secr\u00e9taire g\u00e9n\u00e9ral de l\u2019URTELGUI, les repr\u00e9sentants des m\u00e9dias ont tenu \u00e0 rappeler la port\u00e9e historique du 3 &hellip;<\/p>\n","protected":false},"author":1,"featured_media":0,"comment_status":"closed","ping_status":"closed","sticky":false,"template":"","format":"standard","meta":[],"categories":[2],"tags":[22],"_links":{"self":[{"href":"https:\/\/uk.ambagn.staging.e-kaidi.net\/index.php?rest_route=\/wp\/v2\/posts\/80816"}],"collection":[{"href":"https:\/\/uk.ambagn.staging.e-kaidi.net\/index.php?rest_route=\/wp\/v2\/posts"}],"about":[{"href":"https:\/\/uk.ambagn.staging.e-kaidi.net\/index.php?rest_route=\/wp\/v2\/types\/post"}],"author":[{"embeddable":true,"href":"https:\/\/uk.ambagn.staging.e-kaidi.net\/index.php?rest_route=\/wp\/v2\/users\/1"}],"replies":[{"embeddable":true,"href":"https:\/\/uk.ambagn.staging.e-kaidi.net\/index.php?rest_route=%2Fwp%2Fv2%2Fcomments&post=80816"}],"version-history":[{"count":0,"href":"https:\/\/uk.ambagn.staging.e-kaidi.net\/index.php?rest_route=\/wp\/v2\/posts\/80816\/revisions"}],"wp:attachment":[{"href":"https:\/\/uk.ambagn.staging.e-kaidi.net\/index.php?rest_route=%2Fwp%2Fv2%2Fmedia&parent=80816"}],"wp:term":[{"taxonomy":"category","embeddable":true,"href":"https:\/\/uk.ambagn.staging.e-kaidi.net\/index.php?rest_route=%2Fwp%2Fv2%2Fcategories&post=80816"},{"taxonomy":"post_tag","embeddable":true,"href":"https:\/\/uk.ambagn.staging.e-kaidi.net\/index.php?rest_route=%2Fwp%2Fv2%2Ftags&post=80816"}],"curies":[{"name":"wp","href":"https:\/\/api.w.org\/{rel}","templated":true}]}}