{"id":80797,"date":"2025-05-03T01:51:19","date_gmt":"2025-05-02T23:51:19","guid":{"rendered":"https:\/\/uk.ambagn.staging.e-kaidi.net\/?p=80797"},"modified":"2025-05-03T01:51:19","modified_gmt":"2025-05-02T23:51:19","slug":"straiker-en-concert-geant-a-conakry-un-spectacle-pour-marquer-les-esprits","status":"publish","type":"post","link":"https:\/\/uk.ambagn.staging.e-kaidi.net\/?p=80797","title":{"rendered":"Straiker en concert g\u00e9ant \u00e0 Conakry : un spectacle pour marquer les esprits"},"content":{"rendered":"<div>\n<div style=\"margin-bottom:20px;\"><img width=\"1080\" height=\"720\"src=\"https:\/\/i0.wp.com\/www.guinee7.com\/wp-content\/uploads\/2025\/05\/IMG-20250502-WA0002.jpg?w=1080&amp;ssl=1\" class=\"attachment-post-thumbnail size-post-thumbnail wp-post-image\" alt=\"\" decoding=\"async\" loading=\"lazy\" srcset=\"https:\/\/i0.wp.com\/www.guinee7.com\/wp-content\/uploads\/2025\/05\/IMG-20250502-WA0002.jpg?w=1080&amp;ssl=1 1080w, https:\/\/i0.wp.com\/www.guinee7.com\/wp-content\/uploads\/2025\/05\/IMG-20250502-WA0002.jpg?resize=300%2C200&amp;ssl=1 300w, https:\/\/i0.wp.com\/www.guinee7.com\/wp-content\/uploads\/2025\/05\/IMG-20250502-WA0002.jpg?resize=1024%2C683&amp;ssl=1 1024w, https:\/\/i0.wp.com\/www.guinee7.com\/wp-content\/uploads\/2025\/05\/IMG-20250502-WA0002.jpg?resize=768%2C512&amp;ssl=1 768w\" sizes=\"auto, (max-width: 1080px) 100vw, 1080px\"><\/div>\n<p><span style=\"font-size: 20px;\">L\u2019\u00e9quipe organisatrice du concert g\u00e9ant de l\u2019artiste Straiker, pr\u00e9vu le 3 mai 2025 au stade G\u00e9n\u00e9ral Lansana Cont\u00e9 de Nongo, a tenu une conf\u00e9rence de presse ce jeudi 1er mai \u00e0 la maison Koumakan, \u00e0 Conakry. L\u2019objectif a \u00e9t\u00e9, d\u2019informer le public et la presse sur les contours de l\u2019\u00e9v\u00e9nement, notamment les volets artistique et s\u00e9curitaire.<\/span><\/p>\n<p><span style=\"font-size: 20px;\">Port\u00e9s par les structures Kota Music et 109 Prod, ce concert s\u2019annonce exceptionnel. Artiste et organisateurs ont tenu \u00e0 rassurer sur les pr\u00e9paratifs, promettant une exp\u00e9rience in\u00e9dite.<\/span><\/p>\n<p><span style=\"font-size: 20px;\">Au cour de la conf\u00e9rence, Straiker a exprim\u00e9 ce qu\u2019il compte offrir au public : \u00ab au-del\u00e0 du concert, c\u2019est une vision qu\u2019on d\u00e9fend. C\u2019est un grand combat pour la valorisation de nos langues. Ce ne sera pas un simple spectacle o\u00f9 l\u2019artiste monte, preste, puis descend. Ce sera une exp\u00e9rience visuelle, auditive et \u00e9motionnelle. On est pr\u00eats \u00e0 offrir quelque chose de m\u00e9morable. \u00bb<\/span><\/p>\n<p><span style=\"font-size: 20px;\">L\u2019artiste a aussi insist\u00e9 sur l\u2019importance de la s\u00e9curit\u00e9 : \u00ab On fera le maximum pour que chaque personne pr\u00e9sente soit en s\u00e9curit\u00e9. Moi-m\u00eame, je n\u2019assisterais pas \u00e0 un concert sans s\u00e9curit\u00e9, alors imaginez le mien. M\u00eame s\u2019il n\u2019y avait que quatre personnes, elles devront \u00eatre prot\u00e9g\u00e9es. Pour des milliers, c\u2019est une \u00e9vidence. \u00bb<\/span><\/p>\n<p><span style=\"font-size: 20px;\">L\u2019\u00e9quipe de Straiker partage cet engagement. Pour Ras Condel, membre de l\u2019organisation, ce concert est une opportunit\u00e9 pour la Guin\u00e9e : \u00ab Nous voulons montrer une nouvelle mani\u00e8re de promouvoir la musique guin\u00e9enne, r\u00e9ussir \u00e0 l\u2019exporter et produire nos artistes \u00e0 l\u2019international. \u00bb<\/span><\/p>\n<p><span style=\"font-size: 20px;\">Il poursuit en soulignant la qualit\u00e9 du show \u00e0 venir : \u00ab L\u2019artiste que vous verrez samedi \u00e0 Conakry, aucun Guin\u00e9en ne doit rater \u00e7a. Je l\u2019ai vu jouer \u00e0 Paris, c\u2019est un autre niveau. Une prestation sc\u00e9nique de haut vol, un m\u00e9lange de hip-hop et de profondeur. Il rappe en poular comme personne. Nous avons mobilis\u00e9 un important dispositif logistique : son, lumi\u00e8re, tout est pr\u00e9vu. C\u2019est le concert du peuple pour le peuple. \u00bb<\/span><\/p>\n<p><span style=\"font-size: 20px;\">Un dispositif s\u00e9curitaire cons\u00e9quent est pr\u00e9vu pour accueillir les 20 000 spectateurs attendus. Ras Condel pr\u00e9cise : \u00ab Il y aura la gendarmerie, la Croix-Rouge et des soci\u00e9t\u00e9s de s\u00e9curit\u00e9 sur place. \u00bb<\/span><\/p>\n<p><span style=\"font-size: 20px;\">Aboubacar Diallo, directeur g\u00e9n\u00e9ral adjoint de l\u2019agence guin\u00e9enne de spectacle, ayant d\u00e9j\u00e0 les details techniques du concert a fait savoir qu\u2019il est pr\u00e9vu : \u00ab 50 agents de la Croix-Rouge, 4 postes de soins, 15 agents de l\u2019OPROGEM, 3 portes d\u2019entr\u00e9e, 6 sorties, et 24 pick-ups de la gendarmerie avec 10 \u00e9l\u00e9ments chacun. \u00bb Il a aussi invit\u00e9 les organisateurs \u00e0 respecter scrupuleusement ces mesures et a demand\u00e9 que l\u2019artiste monte sur sc\u00e8ne entre 22h et 23h, avec une fin pr\u00e9vue \u00e0 minuit.<\/span><\/p>\n<p><span style=\"font-size: 20px;\">Pour Lamarana Bah alias Lambios, producteur de Straiker, ce concert est une \u00e9tape d\u00e9cisive : \u00ab C\u2019est un r\u00eave que je r\u00e9alise avec mon petit fr\u00e8re. En 2023, on a fait Lab\u00e9, Dakar, Paris. Maintenant, on revient \u00e0 Conakry pour cl\u00f4turer le Volume 1 du projet Almamy. D\u00e8s 2026, on lance le Volume 2, avec une grande salle \u00e0 Paris, et des contacts aux \u00c9tats-Unis sont d\u00e9j\u00e0 engag\u00e9s. Le r\u00eave est immense, et le combat continue. \u00bb<\/span><\/p>\n<p><strong><span style=\"font-size: 20px;\">Abdoul Lory Sylla pour guinee7.com<\/span><\/strong><!--\/data\/user\/0\/com.samsung.android.app.notes\/files\/clipdata\/clipdata_bodytext_250502_123314_065.sdocx--><\/p>\n<\/div>\n","protected":false},"excerpt":{"rendered":"<p>L\u2019\u00e9quipe organisatrice du concert g\u00e9ant de l\u2019artiste Straiker, pr\u00e9vu le 3 mai 2025 au stade G\u00e9n\u00e9ral Lansana Cont\u00e9 de Nongo, a tenu une conf\u00e9rence de presse ce jeudi 1er mai \u00e0 la maison Koumakan, \u00e0 Conakry. L\u2019objectif a \u00e9t\u00e9, d\u2019informer le public et la presse sur les contours de l\u2019\u00e9v\u00e9nement, notamment les volets artistique et &hellip;<\/p>\n","protected":false},"author":1,"featured_media":0,"comment_status":"closed","ping_status":"closed","sticky":false,"template":"","format":"standard","meta":[],"categories":[2],"tags":[22],"_links":{"self":[{"href":"https:\/\/uk.ambagn.staging.e-kaidi.net\/index.php?rest_route=\/wp\/v2\/posts\/80797"}],"collection":[{"href":"https:\/\/uk.ambagn.staging.e-kaidi.net\/index.php?rest_route=\/wp\/v2\/posts"}],"about":[{"href":"https:\/\/uk.ambagn.staging.e-kaidi.net\/index.php?rest_route=\/wp\/v2\/types\/post"}],"author":[{"embeddable":true,"href":"https:\/\/uk.ambagn.staging.e-kaidi.net\/index.php?rest_route=\/wp\/v2\/users\/1"}],"replies":[{"embeddable":true,"href":"https:\/\/uk.ambagn.staging.e-kaidi.net\/index.php?rest_route=%2Fwp%2Fv2%2Fcomments&post=80797"}],"version-history":[{"count":0,"href":"https:\/\/uk.ambagn.staging.e-kaidi.net\/index.php?rest_route=\/wp\/v2\/posts\/80797\/revisions"}],"wp:attachment":[{"href":"https:\/\/uk.ambagn.staging.e-kaidi.net\/index.php?rest_route=%2Fwp%2Fv2%2Fmedia&parent=80797"}],"wp:term":[{"taxonomy":"category","embeddable":true,"href":"https:\/\/uk.ambagn.staging.e-kaidi.net\/index.php?rest_route=%2Fwp%2Fv2%2Fcategories&post=80797"},{"taxonomy":"post_tag","embeddable":true,"href":"https:\/\/uk.ambagn.staging.e-kaidi.net\/index.php?rest_route=%2Fwp%2Fv2%2Ftags&post=80797"}],"curies":[{"name":"wp","href":"https:\/\/api.w.org\/{rel}","templated":true}]}}