{"id":80763,"date":"2025-05-02T02:19:19","date_gmt":"2025-05-02T00:19:19","guid":{"rendered":"https:\/\/uk.ambagn.staging.e-kaidi.net\/?p=80763"},"modified":"2025-05-02T02:19:19","modified_gmt":"2025-05-02T00:19:19","slug":"fete-du-1er-mai-la-presse-grande-oubliee-des-revendications-syndicales","status":"publish","type":"post","link":"https:\/\/uk.ambagn.staging.e-kaidi.net\/?p=80763","title":{"rendered":"F\u00eate du 1er Mai : la presse, grande oubli\u00e9e des revendications syndicales"},"content":{"rendered":"<div>\n<div style=\"margin-bottom:20px;\"><img width=\"1027\" height=\"804\"src=\"https:\/\/i0.wp.com\/www.guinee7.com\/wp-content\/uploads\/2025\/05\/IMG-20250501-WA0020.jpg?w=1027&amp;ssl=1\" class=\"attachment-post-thumbnail size-post-thumbnail wp-post-image\" alt=\"\" decoding=\"async\" loading=\"lazy\" srcset=\"https:\/\/i0.wp.com\/www.guinee7.com\/wp-content\/uploads\/2025\/05\/IMG-20250501-WA0020.jpg?w=1027&amp;ssl=1 1027w, https:\/\/i0.wp.com\/www.guinee7.com\/wp-content\/uploads\/2025\/05\/IMG-20250501-WA0020.jpg?resize=300%2C235&amp;ssl=1 300w, https:\/\/i0.wp.com\/www.guinee7.com\/wp-content\/uploads\/2025\/05\/IMG-20250501-WA0020.jpg?resize=1024%2C802&amp;ssl=1 1024w, https:\/\/i0.wp.com\/www.guinee7.com\/wp-content\/uploads\/2025\/05\/IMG-20250501-WA0020.jpg?resize=768%2C601&amp;ssl=1 768w\" sizes=\"auto, (max-width: 1027px) 100vw, 1027px\"><\/div>\n<p><span style=\"font-size: 20px;\">\u00c0 l\u2019occasion de la f\u00eate internationale du Travail, le Premier ministre, Amadou Oury Bah et le ministre de la Fonction publique, Fran\u00e7ois Faya Bourouno ont c\u00e9l\u00e9br\u00e9 l\u2019\u00e9v\u00e9nement aux c\u00f4t\u00e9s de la classe ouvri\u00e8re. Cette journ\u00e9e a \u00e9t\u00e9 marqu\u00e9e par la pr\u00e9sentation des dol\u00e9ances du mouvement syndical, port\u00e9es par Abdoulaye Camara, secr\u00e9taire g\u00e9n\u00e9ral de l\u2019USTG.<\/span><\/p>\n<p><img data-recalc-dims=\"1\" loading=\"lazy\" decoding=\"async\" class=\"alignnone wp-image-117913 size-full\"src=\"https:\/\/i0.wp.com\/www.guinee7.com\/wp-content\/uploads\/2025\/05\/IMG-20250501-WA0018.jpg?w=1080&amp;ssl=1\" alt=\"\" width=\"1080\" height=\"809\" srcset=\"https:\/\/i0.wp.com\/www.guinee7.com\/wp-content\/uploads\/2025\/05\/IMG-20250501-WA0018.jpg?w=1080&amp;ssl=1 1080w, https:\/\/i0.wp.com\/www.guinee7.com\/wp-content\/uploads\/2025\/05\/IMG-20250501-WA0018.jpg?resize=300%2C225&amp;ssl=1 300w, https:\/\/i0.wp.com\/www.guinee7.com\/wp-content\/uploads\/2025\/05\/IMG-20250501-WA0018.jpg?resize=1024%2C767&amp;ssl=1 1024w, https:\/\/i0.wp.com\/www.guinee7.com\/wp-content\/uploads\/2025\/05\/IMG-20250501-WA0018.jpg?resize=768%2C575&amp;ssl=1 768w, https:\/\/i0.wp.com\/www.guinee7.com\/wp-content\/uploads\/2025\/05\/IMG-20250501-WA0018.jpg?resize=86%2C64&amp;ssl=1 86w\" sizes=\"auto, (max-width: 1080px) 100vw, 1080px\"><br \/><span style=\"font-size: 20px;\">Cependant, un silence notable a entour\u00e9 la situation de la presse guin\u00e9enne. Aucun mot, aucune revendication en sa faveur, pendant que le secteur traverse une p\u00e9riode particuli\u00e8rement difficile. Une omission lourde de sens dans un contexte o\u00f9 la libert\u00e9 d\u2019informer est mise \u00e0 rude \u00e9preuve.<\/span><\/p>\n<p><span style=\"font-size: 20px;\">Retrouvez ci-dessous l\u2019int\u00e9gralit\u00e9 du cahier des charges lu lors de la c\u00e9r\u00e9monie par Abdoulaye Camara, secr\u00e9taire g\u00e9n\u00e9ral de l\u2019USTG.<\/span><br \/><span style=\"font-size: 20px;\">Manifeste du 1er mai 2025, du mouvement syndical guin\u00e9en <\/span><br \/><span style=\"font-size: 20px;\">Le mouvement syndical de Guin\u00e9e, compos\u00e9 de 13 centrales syndicales, a l\u2019honneur de pr\u00e9senter au gouvernement et au patronat Guin\u00e9e son cahier de charges 2025, qui s\u2019articule autour des points suivants :<\/span><\/p>\n<p><span style=\"font-size: 20px;\">1- Du pouvoir d\u2019achat des travailleurs<\/span><br \/><span style=\"font-size: 20px;\">L\u2019application int\u00e9grale du contenu du protocole d\u2019accord du 15 novembre 2023 dont entre autres : <\/span><\/p>\n<p><span style=\"font-size: 20px;\">-Le d\u00e9blocage et le paiement des salaires des enseignants et fonctionnaires locaux r\u00e9cemment int\u00e9gr\u00e9s;<\/span><\/p>\n<p><span style=\"font-size: 20px;\">-L\u2019engagement \u00e0 la fonction publique des contractuels non retenus au concours et ceux des communes de Conakry;<\/span><\/p>\n<p><span style=\"font-size: 20px;\">-Le paiement des arri\u00e9r\u00e9s de 9 mois de salaire de certains enseignants contractuels;<\/span><\/p>\n<p><span style=\"font-size: 20px;\">-Le changement de statut des contractuels temporaires des diff\u00e9rents d\u00e9partements minist\u00e9riels;<\/span><\/p>\n<p><span style=\"font-size: 20px;\">-L\u2019engagement \u00e0 la fonction publique des homologues des universit\u00e9s Gamal Abdel Nasser et G\u00e9n\u00e9ral Lansana-Cont\u00e9 de Sonfonia;<\/span><\/p>\n<p><span style=\"font-size: 20px;\">-La poursuite et l\u2019acc\u00e9l\u00e9ration de la r\u00e9vision des conventions collectives de branches obsol\u00e8tes et l\u2019\u00e9laboration de nouvelles pour celles qui n\u2019en disposent pas;<\/span><\/p>\n<p><span style=\"font-size: 20px;\">-La majoration des indemnit\u00e9s des transports et de logements \u00e0 hauteur de 600 000 francs guin\u00e9ens chacune;<\/span><\/p>\n<p><span style=\"font-size: 20px;\">-L\u2019\u00e9laboration d\u2019une grille de salaire des fonctionnaires et agents de l\u2019\u00c9tat;<\/span><\/p>\n<p><span style=\"font-size: 20px;\">-La r\u00e9vision et l\u2019application du statut particulier de l\u2019enseignement pr\u00e9-universitaire, de l\u2019alphab\u00e9tisation et de l\u2019enseignement technique et la formation professionnelle.<\/span><\/p>\n<p><span style=\"font-size: 20px;\">2 -Des transports<\/span><br \/><span style=\"font-size: 20px;\">Conform\u00e9ment au protocole d\u2019accord entre le minist\u00e8re des tutelles et la F\u00e9d\u00e9ration professionnelle des transports et m\u00e9caniques g\u00e9n\u00e9rales, le mouvement syndical guin\u00e9en exige :<\/span><\/p>\n<p><span style=\"font-size: 20px;\">1. La r\u00e9vision \u00e0 la baisse du co\u00fbt de la carte grise des engins roulants de toutes cat\u00e9gories et de permis de conduire.<\/span><\/p>\n<p><span style=\"font-size: 20px;\">2. L\u2019arr\u00eat des mesures disproportionn\u00e9es relatives \u00e0 l\u2019application des contraventions \u00e0 l\u2019endroit des conducteurs.<\/span><\/p>\n<p><span style=\"font-size: 20px;\">3. La formalisation de l\u2019activit\u00e9 de mototaxi pour fonctionner correctement et le ch\u00f4mage end\u00e9mique des jeunes diplom\u00e9s sans emploi.<\/span><\/p>\n<p><span style=\"font-size: 20px;\">4. Faciliter leur mobilit\u00e9 \u00e0 Kaloum en l\u00e9vant l\u2019interdiction actuelle de circuler.<\/span><\/p>\n<p><span style=\"font-size: 20px;\">5. R\u00e9duire les tensions entre les agents de police et les conducteurs.<\/span><\/p>\n<p><span style=\"font-size: 20px;\">3 -De la protection sociale des travailleurs et des retrait\u00e9s.<\/span><\/p>\n<p><span style=\"font-size: 20px;\">1. Le d\u00e9plafonnement de l\u2019assiette de cotisation \u00e0 la Caisse nationale de s\u00e9curit\u00e9 sociale pour permettre l\u2019am\u00e9lioration des pensions de retraite aujourd\u2019hui d\u00e9risoire.<\/span><\/p>\n<p><span style=\"font-size: 20px;\">2. L\u2019application \u00e0 la Caisse nationale de s\u00e9curit\u00e9 sociale de la prise en charge m\u00e9dicale de 80% d\u00e9j\u00e0 op\u00e9rationnelle \u00e0 la Caisse nationale de pr\u00e9voyance sociale CNPS.<\/span><\/p>\n<p><span style=\"font-size: 20px;\">3. La valorisation de la pension de retraite des anciens travailleurs r\u00e9gie par la Caisse nationale de s\u00e9curit\u00e9 sociale \u00e0 hauteur de 80% du dernier salaire pour une question de justice sociale.<\/span><\/p>\n<p><span style=\"font-size: 20px;\">4. Le paiement \u00e0 tous les pensionn\u00e9s de la Caisse nationale de s\u00e9curit\u00e9 sociale de l\u2019augmentation des 35% acquis par leurs confr\u00e8res de la Caisse nationale de pr\u00e9voyance sociale.<\/span><\/p>\n<p><span style=\"font-size: 20px;\">5. L\u2019indemnisation et leur prise en charge des anciens travailleurs de l\u2019Agence nationale d\u2019assainissement ANS et de la salubrit\u00e9 publique, ex SPDT par la Caisse nationale de s\u00e9curit\u00e9 sociale. <\/span><\/p>\n<p><span style=\"font-size: 20px;\">6. L\u2019allongement de la prime de d\u00e9part \u00e0 la retraite \u00e0 6 mois.<\/span><\/p>\n<p><span style=\"font-size: 20px;\">7. Le paiement de la prime de licenciement pour les d\u00e9flatter et les int\u00e9grer \u00e0 la Caisse nationale de s\u00e9curit\u00e9 sociale pour b\u00e9n\u00e9ficier de la pension de retraite.<\/span><\/p>\n<p><span style=\"font-size: 20px;\">8. La signature des textes d\u2019application de la loi sur la mutualit\u00e9 sociale.<\/span><\/p>\n<p><span style=\"font-size: 20px;\">9. La prise en charge des acteurs de l\u2019\u00e9conomie informelle \u00e0 la Caisse nationale de s\u00e9curit\u00e9 sociale conform\u00e9ment aux recommandations de l\u2019\u00e9tude actuelle.<\/span><\/p>\n<p><span style=\"font-size: 20px;\">4-Du secteur de la s\u00e9curit\u00e9 et la protection des citoyens et leurs biens<\/span><\/p>\n<p><span style=\"font-size: 20px;\">1. L\u2019arr\u00eat des tracasseries routi\u00e8res sous les axes urbains et interurbains.<\/span><\/p>\n<p><span style=\"font-size: 20px;\">2. Le renforcement des mesures de s\u00e9curit\u00e9 des citoyens et leurs biens sur toute l\u2019\u00e9tendue du territoire national.<\/span><\/p>\n<p><span style=\"font-size: 20px;\">3. La formalisation de l\u2019exercice de transport par moto.<\/span><\/p>\n<p><span style=\"font-size: 20px;\">5 -Dialogue social.<\/span><\/p>\n<p><span style=\"font-size: 20px;\">1. La poursuite des concertations de fa\u00e7on inclusive entre tous les acteurs de la vie politique, \u00e9conomique et sociale en vue de pr\u00e9server la justice et la paix dans notre pays.<\/span><\/p>\n<p><span style=\"font-size: 20px;\">2. La ratification par la R\u00e9publique de Guin\u00e9e de la Convention C-190 de l\u2019Organisation internationale du travail sur la violence et le harc\u00e8lement dans le monde du travail.<\/span><\/p>\n<p><span style=\"font-size: 20px;\">3. La revision de la loi L-027 portant statut g\u00e9n\u00e9ral des agents de l\u2019\u00c9tat en son article 39 contraire aux dispositions de la Convention 87 de l\u2019OIT. <\/span><\/p>\n<p><span style=\"font-size: 20px;\">4. La mise en place des structures d\u00e9centralis\u00e9es du Conseil national du dialogue social CNDS.<\/span><\/p>\n<p><span style=\"font-size: 20px;\">5. Redynamiser la commission consultative du travail et des lois sociales conform\u00e9ment \u00e0 son arr\u00eat\u00e9 de cr\u00e9ation.<\/span><\/p>\n<p><span style=\"font-size: 20px;\">6. L\u2019organisation imp\u00e9rative des \u00e9lections sociales d\u2019ici \u00e0 la fin de l\u2019ann\u00e9e 2025.<\/span><\/p>\n<p><span style=\"font-size: 20px;\">7. La satisfaction int\u00e9grante et diligente de ce cahier des charges est un gage de la paix sociale.<\/span><br \/><span style=\"font-size: 20px;\">Vive le mouvement syndical\u00a0!<\/span><\/p>\n<p><strong><span style=\"font-size: 20px;\">Abdoul Lory Sylla pour guinee7.com<\/span><\/strong><br \/><!--\/data\/user\/0\/com.samsung.android.app.notes\/files\/clipdata\/clipdata_bodytext_250501_155203_014.sdocx--><\/p>\n<\/div>\n","protected":false},"excerpt":{"rendered":"<p>\u00c0 l\u2019occasion de la f\u00eate internationale du Travail, le Premier ministre, Amadou Oury Bah et le ministre de la Fonction publique, Fran\u00e7ois Faya Bourouno ont c\u00e9l\u00e9br\u00e9 l\u2019\u00e9v\u00e9nement aux c\u00f4t\u00e9s de la classe ouvri\u00e8re. Cette journ\u00e9e a \u00e9t\u00e9 marqu\u00e9e par la pr\u00e9sentation des dol\u00e9ances du mouvement syndical, port\u00e9es par Abdoulaye Camara, secr\u00e9taire g\u00e9n\u00e9ral de l\u2019USTG. Cependant, &hellip;<\/p>\n","protected":false},"author":1,"featured_media":0,"comment_status":"closed","ping_status":"closed","sticky":false,"template":"","format":"standard","meta":[],"categories":[2],"tags":[22],"_links":{"self":[{"href":"https:\/\/uk.ambagn.staging.e-kaidi.net\/index.php?rest_route=\/wp\/v2\/posts\/80763"}],"collection":[{"href":"https:\/\/uk.ambagn.staging.e-kaidi.net\/index.php?rest_route=\/wp\/v2\/posts"}],"about":[{"href":"https:\/\/uk.ambagn.staging.e-kaidi.net\/index.php?rest_route=\/wp\/v2\/types\/post"}],"author":[{"embeddable":true,"href":"https:\/\/uk.ambagn.staging.e-kaidi.net\/index.php?rest_route=\/wp\/v2\/users\/1"}],"replies":[{"embeddable":true,"href":"https:\/\/uk.ambagn.staging.e-kaidi.net\/index.php?rest_route=%2Fwp%2Fv2%2Fcomments&post=80763"}],"version-history":[{"count":0,"href":"https:\/\/uk.ambagn.staging.e-kaidi.net\/index.php?rest_route=\/wp\/v2\/posts\/80763\/revisions"}],"wp:attachment":[{"href":"https:\/\/uk.ambagn.staging.e-kaidi.net\/index.php?rest_route=%2Fwp%2Fv2%2Fmedia&parent=80763"}],"wp:term":[{"taxonomy":"category","embeddable":true,"href":"https:\/\/uk.ambagn.staging.e-kaidi.net\/index.php?rest_route=%2Fwp%2Fv2%2Fcategories&post=80763"},{"taxonomy":"post_tag","embeddable":true,"href":"https:\/\/uk.ambagn.staging.e-kaidi.net\/index.php?rest_route=%2Fwp%2Fv2%2Ftags&post=80763"}],"curies":[{"name":"wp","href":"https:\/\/api.w.org\/{rel}","templated":true}]}}