{"id":80746,"date":"2025-05-01T09:16:05","date_gmt":"2025-05-01T07:16:05","guid":{"rendered":"https:\/\/uk.ambagn.staging.e-kaidi.net\/?p=80746"},"modified":"2025-05-01T09:16:05","modified_gmt":"2025-05-01T07:16:05","slug":"guinee-lufr-devoile-la-date-de-son-congres","status":"publish","type":"post","link":"https:\/\/uk.ambagn.staging.e-kaidi.net\/?p=80746","title":{"rendered":"Guin\u00e9e\u00a0: l\u2019UFR d\u00e9voile la date de son congr\u00e8s"},"content":{"rendered":"<div>\n<div style=\"margin-bottom:20px;\"><img width=\"800\" height=\"535\"src=\"https:\/\/i0.wp.com\/www.guinee7.com\/wp-content\/uploads\/2021\/07\/sidya.jpg?w=800&amp;ssl=1\" class=\"attachment-post-thumbnail size-post-thumbnail wp-post-image\" alt=\"\" decoding=\"async\" loading=\"lazy\" srcset=\"https:\/\/i0.wp.com\/www.guinee7.com\/wp-content\/uploads\/2021\/07\/sidya.jpg?w=800&amp;ssl=1 800w, https:\/\/i0.wp.com\/www.guinee7.com\/wp-content\/uploads\/2021\/07\/sidya.jpg?resize=300%2C201&amp;ssl=1 300w, https:\/\/i0.wp.com\/www.guinee7.com\/wp-content\/uploads\/2021\/07\/sidya.jpg?resize=768%2C514&amp;ssl=1 768w, https:\/\/i0.wp.com\/www.guinee7.com\/wp-content\/uploads\/2021\/07\/sidya.jpg?resize=696%2C465&amp;ssl=1 696w, https:\/\/i0.wp.com\/www.guinee7.com\/wp-content\/uploads\/2021\/07\/sidya.jpg?resize=628%2C420&amp;ssl=1 628w\" sizes=\"auto, (max-width: 800px) 100vw, 800px\"><\/div>\n<p><span style=\"font-size: 19px;\">L\u2019information a \u00e9t\u00e9 donn\u00e9e par le bureau ex\u00e9cutif national de l\u2019Union des forces r\u00e9publicaines (UFR) \u00e0 travers un communiqu\u00e9 en date du 29 avril. Le parti annonce la tenue de son congr\u00e8s le vendredi 30 mai 2025 au si\u00e8ge national \u00e0 Matam. <\/span><\/p>\n<p><span style=\"font-size: 19px;\">\u00ab Il est port\u00e9 \u00e0 la connaissance de toutes les structures du Parti que l\u2019arriv\u00e9e des d\u00e9l\u00e9gu\u00e9s de l\u2019int\u00e9rieur du pays est attendue au plus tard le jeudi 29 mai 2025. Le bureau ex\u00e9cutif national invite tous les responsables du parti, \u00e0 tous les niveaux (comit\u00e9s de base, sections, f\u00e9d\u00e9rations, coordinations et structures sp\u00e9cialis\u00e9es), \u00e0 se mobiliser pleinement pour donner un \u00e9clat particulier \u00e0 cet important \u00e9v\u00e9nement, symbole de la vitalit\u00e9 d\u00e9mocratique et de la coh\u00e9sion au sein de notre formation politique <\/span><span style=\"font-size: 19px;\">\u00bb<\/span><span style=\"font-size: 19px;\">, lit-on dans le communiqu\u00e9. <\/span><\/p>\n<p><span style=\"font-size: 19px;\">\u00c0 rappeler que l\u2019UFR fait partie des formations politiques suspendues par le minist\u00e8re de l\u2019Administration du territoire et de la D\u00e9centralisation. <\/span><\/p>\n<p><strong><span style=\"font-size: 19px;\">Bhoye Barry pour guinee7.com<\/span><\/strong><br \/><!--\/data\/user\/0\/com.samsung.android.app.notes\/files\/clipdata\/clipdata_bodytext_250430_200655_159.sdocx--><\/p>\n<\/div>\n","protected":false},"excerpt":{"rendered":"<p>L\u2019information a \u00e9t\u00e9 donn\u00e9e par le bureau ex\u00e9cutif national de l\u2019Union des forces r\u00e9publicaines (UFR) \u00e0 travers un communiqu\u00e9 en date du 29 avril. Le parti annonce la tenue de son congr\u00e8s le vendredi 30 mai 2025 au si\u00e8ge national \u00e0 Matam. \u00ab Il est port\u00e9 \u00e0 la connaissance de toutes les structures du Parti &hellip;<\/p>\n","protected":false},"author":1,"featured_media":0,"comment_status":"closed","ping_status":"closed","sticky":false,"template":"","format":"standard","meta":[],"categories":[2],"tags":[22],"_links":{"self":[{"href":"https:\/\/uk.ambagn.staging.e-kaidi.net\/index.php?rest_route=\/wp\/v2\/posts\/80746"}],"collection":[{"href":"https:\/\/uk.ambagn.staging.e-kaidi.net\/index.php?rest_route=\/wp\/v2\/posts"}],"about":[{"href":"https:\/\/uk.ambagn.staging.e-kaidi.net\/index.php?rest_route=\/wp\/v2\/types\/post"}],"author":[{"embeddable":true,"href":"https:\/\/uk.ambagn.staging.e-kaidi.net\/index.php?rest_route=\/wp\/v2\/users\/1"}],"replies":[{"embeddable":true,"href":"https:\/\/uk.ambagn.staging.e-kaidi.net\/index.php?rest_route=%2Fwp%2Fv2%2Fcomments&post=80746"}],"version-history":[{"count":0,"href":"https:\/\/uk.ambagn.staging.e-kaidi.net\/index.php?rest_route=\/wp\/v2\/posts\/80746\/revisions"}],"wp:attachment":[{"href":"https:\/\/uk.ambagn.staging.e-kaidi.net\/index.php?rest_route=%2Fwp%2Fv2%2Fmedia&parent=80746"}],"wp:term":[{"taxonomy":"category","embeddable":true,"href":"https:\/\/uk.ambagn.staging.e-kaidi.net\/index.php?rest_route=%2Fwp%2Fv2%2Fcategories&post=80746"},{"taxonomy":"post_tag","embeddable":true,"href":"https:\/\/uk.ambagn.staging.e-kaidi.net\/index.php?rest_route=%2Fwp%2Fv2%2Ftags&post=80746"}],"curies":[{"name":"wp","href":"https:\/\/api.w.org\/{rel}","templated":true}]}}