{"id":80704,"date":"2025-04-30T01:22:41","date_gmt":"2025-04-29T23:22:41","guid":{"rendered":"https:\/\/uk.ambagn.staging.e-kaidi.net\/?p=80704"},"modified":"2025-04-30T01:22:41","modified_gmt":"2025-04-29T23:22:41","slug":"geneve-le-ministre-de-la-justice-se-prononce-sur-la-violation-des-droits-de-lhomme-en-guinee","status":"publish","type":"post","link":"https:\/\/uk.ambagn.staging.e-kaidi.net\/?p=80704","title":{"rendered":"Gen\u00e8ve : le ministre de la Justice se prononce sur la violation des droits de l\u2019homme en Guin\u00e9e"},"content":{"rendered":"<div>\n<div style=\"margin-bottom:20px;\"><img width=\"1080\" height=\"671\"src=\"https:\/\/i0.wp.com\/www.guinee7.com\/wp-content\/uploads\/2025\/04\/IMG-20250429-WA0010.jpg?w=1080&amp;ssl=1\" class=\"attachment-post-thumbnail size-post-thumbnail wp-post-image\" alt=\"\" decoding=\"async\" loading=\"lazy\" srcset=\"https:\/\/i0.wp.com\/www.guinee7.com\/wp-content\/uploads\/2025\/04\/IMG-20250429-WA0010.jpg?w=1080&amp;ssl=1 1080w, https:\/\/i0.wp.com\/www.guinee7.com\/wp-content\/uploads\/2025\/04\/IMG-20250429-WA0010.jpg?resize=300%2C186&amp;ssl=1 300w, https:\/\/i0.wp.com\/www.guinee7.com\/wp-content\/uploads\/2025\/04\/IMG-20250429-WA0010.jpg?resize=1024%2C636&amp;ssl=1 1024w, https:\/\/i0.wp.com\/www.guinee7.com\/wp-content\/uploads\/2025\/04\/IMG-20250429-WA0010.jpg?resize=768%2C477&amp;ssl=1 768w\" sizes=\"auto, (max-width: 1080px) 100vw, 1080px\"><\/div>\n<p><span style=\"font-size: 19px;\">La Guin\u00e9e a pass\u00e9 ce mardi son examen p\u00e9riodique universel (EPU) devant le Conseil des droits de l\u2019homme des Nations unies \u00e0 Gen\u00e8ve. C\u2019\u00e9tait \u00e0 l\u2019occasion de la 49\u1d49\u00a0session de l\u2019EPU. Et c\u2019est le garde des Sceaux, ministre de la Justice et des Droits de l\u2019homme, Yaya Ka\u00efraba Kaba, qui a d\u00e9fendu la Guin\u00e9e. <\/span><\/p>\n<p><span style=\"font-size: 19px;\">Lors de ce quatri\u00e8me passage, le ministre a reconnu l\u2019existence de la violation des droits humains dans son pays. Bien avant, Yaya Ka\u00efraba Kaba a d\u00e9clar\u00e9 : \u201cComme nous le savons, les droits de l\u2019homme sont dynamiques. Par cons\u00e9quent, l\u2019\u00e9vidence des d\u00e9fis dans tous les pays, y compris le mien, n\u2019est pas \u00e0 discuter. La complexit\u00e9 de la probl\u00e9matique au regard de la fragilit\u00e9 des institutions publiques, de l\u2019ambigu\u00eft\u00e9 des jeux politiques et des r\u00e9sistances socioculturelles n\u2019est plus \u00e0 d\u00e9montrer. Il n\u2019emp\u00eache que cet horizon, moralement, politiquement et socialement, s\u2019impose \u00e0 nous en tant que gouvernement. Cette bataille, nous la m\u00e8nerons en toute responsabilit\u00e9, avec d\u00e9termination et t\u00e9nacit\u00e9, car il en faut dans notre contexte structurel et conjoncturel\u00a0\u00bb.<\/span><\/p>\n<p><span style=\"font-size: 19px;\">\u00a0\u00bb Les droits de l\u2019homme sont la condition absolue de la paix et de la justice, sans lesquelles aucune esp\u00e9rance d\u00e9mocratique ne sera possible pour notre pays et notre peuple. Nous ne sommes pas adeptes du d\u00e9ni de r\u00e9alit\u00e9, car, pour nous, le combat pour l\u2019efficacit\u00e9 des droits de l\u2019homme est avant tout un combat pour la dignit\u00e9 humaine, la libert\u00e9 et la justice en faveur des citoyens guin\u00e9ens et de chaque personne vivant en Guin\u00e9e. Oui, nous avons des probl\u00e8mes de violation des droits de l\u2019homme, \u00e0 l\u2019instar d\u2019ailleurs de tous les autres pays. Ne pas le reconna\u00eetre, ce serait rajouter \u00e0 la violence, \u00e0 la souffrance et \u00e0 l\u2019injustice \u201d, a-t-il avou\u00e9. <\/span><\/p>\n<p><span style=\"font-size: 19px;\">Pour finir, il a pris un engagement devant le Conseil. \u00ab\u00a0Je vous le dis ici, solennellement et en toute responsabilit\u00e9, que la dynamique pour mettre fin \u00e0 ces r\u00e9alit\u00e9s insupportables est lanc\u00e9e et ce, de fa\u00e7on irr\u00e9versible. La prise de conscience et la d\u00e9termination, tant sur le plan social que politique, sont visibles afin de faire de notre pays une soci\u00e9t\u00e9 respectueuse des droits et libert\u00e9s de tous et de chacun\u201d, promet Yaya Ka\u00efraba Kaba. <\/span><\/p>\n<p><strong><span style=\"font-size: 19px;\">Bhoye Barry pour guinee7.com<\/span><\/strong><!--\/data\/user\/0\/com.samsung.android.app.notes\/files\/clipdata\/clipdata_bodytext_250429_163210_897.sdocx--><\/p>\n<\/div>\n","protected":false},"excerpt":{"rendered":"<p>La Guin\u00e9e a pass\u00e9 ce mardi son examen p\u00e9riodique universel (EPU) devant le Conseil des droits de l\u2019homme des Nations unies \u00e0 Gen\u00e8ve. C\u2019\u00e9tait \u00e0 l\u2019occasion de la 49\u1d49\u00a0session de l\u2019EPU. Et c\u2019est le garde des Sceaux, ministre de la Justice et des Droits de l\u2019homme, Yaya Ka\u00efraba Kaba, qui a d\u00e9fendu la Guin\u00e9e. Lors &hellip;<\/p>\n","protected":false},"author":1,"featured_media":0,"comment_status":"closed","ping_status":"closed","sticky":false,"template":"","format":"standard","meta":[],"categories":[2],"tags":[22],"_links":{"self":[{"href":"https:\/\/uk.ambagn.staging.e-kaidi.net\/index.php?rest_route=\/wp\/v2\/posts\/80704"}],"collection":[{"href":"https:\/\/uk.ambagn.staging.e-kaidi.net\/index.php?rest_route=\/wp\/v2\/posts"}],"about":[{"href":"https:\/\/uk.ambagn.staging.e-kaidi.net\/index.php?rest_route=\/wp\/v2\/types\/post"}],"author":[{"embeddable":true,"href":"https:\/\/uk.ambagn.staging.e-kaidi.net\/index.php?rest_route=\/wp\/v2\/users\/1"}],"replies":[{"embeddable":true,"href":"https:\/\/uk.ambagn.staging.e-kaidi.net\/index.php?rest_route=%2Fwp%2Fv2%2Fcomments&post=80704"}],"version-history":[{"count":0,"href":"https:\/\/uk.ambagn.staging.e-kaidi.net\/index.php?rest_route=\/wp\/v2\/posts\/80704\/revisions"}],"wp:attachment":[{"href":"https:\/\/uk.ambagn.staging.e-kaidi.net\/index.php?rest_route=%2Fwp%2Fv2%2Fmedia&parent=80704"}],"wp:term":[{"taxonomy":"category","embeddable":true,"href":"https:\/\/uk.ambagn.staging.e-kaidi.net\/index.php?rest_route=%2Fwp%2Fv2%2Fcategories&post=80704"},{"taxonomy":"post_tag","embeddable":true,"href":"https:\/\/uk.ambagn.staging.e-kaidi.net\/index.php?rest_route=%2Fwp%2Fv2%2Ftags&post=80704"}],"curies":[{"name":"wp","href":"https:\/\/api.w.org\/{rel}","templated":true}]}}