{"id":80386,"date":"2025-04-19T00:21:33","date_gmt":"2025-04-18T22:21:33","guid":{"rendered":"https:\/\/uk.ambagn.staging.e-kaidi.net\/?p=80386"},"modified":"2025-04-19T00:21:33","modified_gmt":"2025-04-18T22:21:33","slug":"medias-la-guinee-sapprete-a-accueillir-des-journalistes-africains","status":"publish","type":"post","link":"https:\/\/uk.ambagn.staging.e-kaidi.net\/?p=80386","title":{"rendered":"M\u00e9dias. La Guin\u00e9e s\u2019appr\u00eate \u00e0 accueillir des journalistes africains."},"content":{"rendered":"<div>\n<div style=\"margin-bottom:20px;\"><img width=\"924\" height=\"612\"src=\"https:\/\/i0.wp.com\/www.guinee7.com\/wp-content\/uploads\/2025\/04\/IMG-20250418-WA0023.jpg?w=924&amp;ssl=1\" class=\"attachment-post-thumbnail size-post-thumbnail wp-post-image\" alt=\"\" decoding=\"async\" loading=\"lazy\" srcset=\"https:\/\/i0.wp.com\/www.guinee7.com\/wp-content\/uploads\/2025\/04\/IMG-20250418-WA0023.jpg?w=924&amp;ssl=1 924w, https:\/\/i0.wp.com\/www.guinee7.com\/wp-content\/uploads\/2025\/04\/IMG-20250418-WA0023.jpg?resize=300%2C199&amp;ssl=1 300w, https:\/\/i0.wp.com\/www.guinee7.com\/wp-content\/uploads\/2025\/04\/IMG-20250418-WA0023.jpg?resize=768%2C509&amp;ssl=1 768w\" sizes=\"auto, (max-width: 924px) 100vw, 924px\"><\/div>\n<p><span style=\"font-size: 19px;\">La rencontre des journalistes africains de Conakry (REJAC) aura lieu les 26 et 27 juin prochains \u00e0 Conakry. C\u2019est une initiative du journal Le Punch sous le th\u00e8me \u00ab\u00a0Journalisme et intelligence artificielle \u00bb. Durant ces deux jours, des journalistes guin\u00e9ens et de la sous-r\u00e9gion vont \u00e9changer sur plusieurs sous-th\u00e9matiques \u00e0 travers des panels. Les fausses informations, l\u2019intelligence artificielle, les risques du m\u00e9tier de journalisme, l\u2019avenir de la presse \u00e9crite seront au menu. <\/span><\/p>\n<p><span style=\"font-size: 19px;\">Ce vendredi 18 avril, les organisateurs ont anim\u00e9 une conf\u00e9rence de presse \u00e0 Conakry pour parler des pr\u00e9paratifs de l\u2019\u00e9v\u00e9nement. <\/span><span style=\"font-size: 19px;\">\u00ab <\/span><span style=\"font-size: 19px;\">En r\u00e9alit\u00e9, l\u2019\u00e9v\u00e9nement est organis\u00e9 par des journalistes et pour des journalistes <\/span><span style=\"font-size: 19px;\">\u00bb<\/span><span style=\"font-size: 19px;\">, a pr\u00e9cis\u00e9 d\u2019entr\u00e9e Lamine Mognouma Ciss\u00e9, pr\u00e9sident du comit\u00e9 d\u2019organisation. <\/span><\/p>\n<p><span style=\"font-size: 19px;\">Selon lui, cet \u00e9v\u00e9nement va constituer une passerelle entre la presse et les pouvoirs publics. <\/span><span style=\"font-size: 19px;\">\u00ab <\/span><span style=\"font-size: 19px;\">Cette passerelle, nous la voulons p\u00e9renne et c\u2019est \u00e0 cette occasion qu\u2019on essaie en ton libre de parler des probl\u00e8mes li\u00e9s \u00e0 la presse exclusivement, dans son fonctionnement au quotidien. C\u2019est l\u2019objectif principal de l\u2019organisation de cet \u00e9v\u00e9nement <\/span><span style=\"font-size: 19px;\">\u00bb<\/span><span style=\"font-size: 19px;\">, a-t-il d\u00e9clar\u00e9. <\/span><\/p>\n<p><span style=\"font-size: 19px;\">Les t\u00eates d\u2019affiche\u00a0 : des journalistes du Mali, du S\u00e9n\u00e9gal, du Burkina Faso, du Togo et de la France sont d\u00e9j\u00e0 choisis. <\/span><span style=\"font-size: 19px;\">\u00ab <\/span><span style=\"font-size: 19px;\">Les diff\u00e9rents contacts \u00e0 tous les niveaux ont \u00e9t\u00e9 \u00e9tablis <\/span><span style=\"font-size: 19px;\">\u00bb<\/span><span style=\"font-size: 19px;\">, a rassur\u00e9 Aboubacar Cond\u00e9, vice-pr\u00e9sident du comit\u00e9 d\u2019organisation. Il souligne qu\u2019au m\u00eame moment une formation de remise \u00e0 niveau pour les journalistes sera organis\u00e9e avec le th\u00e8me \u201cCouverture m\u00e9diatique en p\u00e9riode de crise\u201d. <\/span><\/p>\n<p><span style=\"font-size: 19px;\">Les initiateurs souhaitent qu\u2019\u00e0 travers ce projet, la Guin\u00e9e soit une destination privil\u00e9gi\u00e9e pour les journalistes africains. Un lieu o\u00f9 ils peuvent venir discuter de l\u2019exercice du m\u00e9tier.<\/span><\/p>\n<p><strong><span style=\"font-size: 19px;\">Bhoye Barry pour guinee7.com<\/span><\/strong><!--\/data\/user\/0\/com.samsung.android.app.notes\/files\/clipdata\/clipdata_bodytext_250418_151831_790.sdocx--><\/p>\n<\/div>\n","protected":false},"excerpt":{"rendered":"<p>La rencontre des journalistes africains de Conakry (REJAC) aura lieu les 26 et 27 juin prochains \u00e0 Conakry. C\u2019est une initiative du journal Le Punch sous le th\u00e8me \u00ab\u00a0Journalisme et intelligence artificielle \u00bb. Durant ces deux jours, des journalistes guin\u00e9ens et de la sous-r\u00e9gion vont \u00e9changer sur plusieurs sous-th\u00e9matiques \u00e0 travers des panels. Les fausses &hellip;<\/p>\n","protected":false},"author":1,"featured_media":0,"comment_status":"closed","ping_status":"closed","sticky":false,"template":"","format":"standard","meta":[],"categories":[2],"tags":[22],"_links":{"self":[{"href":"https:\/\/uk.ambagn.staging.e-kaidi.net\/index.php?rest_route=\/wp\/v2\/posts\/80386"}],"collection":[{"href":"https:\/\/uk.ambagn.staging.e-kaidi.net\/index.php?rest_route=\/wp\/v2\/posts"}],"about":[{"href":"https:\/\/uk.ambagn.staging.e-kaidi.net\/index.php?rest_route=\/wp\/v2\/types\/post"}],"author":[{"embeddable":true,"href":"https:\/\/uk.ambagn.staging.e-kaidi.net\/index.php?rest_route=\/wp\/v2\/users\/1"}],"replies":[{"embeddable":true,"href":"https:\/\/uk.ambagn.staging.e-kaidi.net\/index.php?rest_route=%2Fwp%2Fv2%2Fcomments&post=80386"}],"version-history":[{"count":0,"href":"https:\/\/uk.ambagn.staging.e-kaidi.net\/index.php?rest_route=\/wp\/v2\/posts\/80386\/revisions"}],"wp:attachment":[{"href":"https:\/\/uk.ambagn.staging.e-kaidi.net\/index.php?rest_route=%2Fwp%2Fv2%2Fmedia&parent=80386"}],"wp:term":[{"taxonomy":"category","embeddable":true,"href":"https:\/\/uk.ambagn.staging.e-kaidi.net\/index.php?rest_route=%2Fwp%2Fv2%2Fcategories&post=80386"},{"taxonomy":"post_tag","embeddable":true,"href":"https:\/\/uk.ambagn.staging.e-kaidi.net\/index.php?rest_route=%2Fwp%2Fv2%2Ftags&post=80386"}],"curies":[{"name":"wp","href":"https:\/\/api.w.org\/{rel}","templated":true}]}}