{"id":80230,"date":"2025-04-12T00:07:38","date_gmt":"2025-04-11T22:07:38","guid":{"rendered":"https:\/\/uk.ambagn.staging.e-kaidi.net\/?p=80230"},"modified":"2025-04-12T00:07:38","modified_gmt":"2025-04-11T22:07:38","slug":"osaka-2025-japon-la-guinee-prete-a-sy-vendre","status":"publish","type":"post","link":"https:\/\/uk.ambagn.staging.e-kaidi.net\/?p=80230","title":{"rendered":"OSAKA 2025, JAPON. La Guin\u00e9e pr\u00eate \u00e0 s\u2019y vendre"},"content":{"rendered":"<div>\n<div style=\"margin-bottom:20px;\"><img width=\"1080\" height=\"958\"src=\"https:\/\/i0.wp.com\/www.guinee7.com\/wp-content\/uploads\/2025\/04\/IMG-20250411-WA0019.jpg?w=1080&amp;ssl=1\" class=\"attachment-post-thumbnail size-post-thumbnail wp-post-image\" alt=\"\" decoding=\"async\" loading=\"lazy\" srcset=\"https:\/\/i0.wp.com\/www.guinee7.com\/wp-content\/uploads\/2025\/04\/IMG-20250411-WA0019.jpg?w=1080&amp;ssl=1 1080w, https:\/\/i0.wp.com\/www.guinee7.com\/wp-content\/uploads\/2025\/04\/IMG-20250411-WA0019.jpg?resize=300%2C266&amp;ssl=1 300w, https:\/\/i0.wp.com\/www.guinee7.com\/wp-content\/uploads\/2025\/04\/IMG-20250411-WA0019.jpg?resize=1024%2C908&amp;ssl=1 1024w, https:\/\/i0.wp.com\/www.guinee7.com\/wp-content\/uploads\/2025\/04\/IMG-20250411-WA0019.jpg?resize=768%2C681&amp;ssl=1 768w\" sizes=\"auto, (max-width: 1080px) 100vw, 1080px\"><\/div>\n<p><span style=\"font-size: 19px;\">La R\u00e9publique de Guin\u00e9e prendra part \u00e0 l\u2019Exposition universelle 2025 \u00e0 Osaka, au Japon, qui s\u2019ouvrira officiellement le 13 avril 2025 et qui s\u2019\u00e9tendra jusqu\u2019au 13 octobre 2025. <\/span><\/p>\n<p><span style=\"font-size: 19px;\">La Guin\u00e9e aura son pavillon dont le th\u00e8me est \u00ab Guin\u00e9e, terre de richesse et d\u2019innovation \u00bb. Le pays signera sa pr\u00e9sence \u00e0 travers des expositions et des spectacles vivants.<\/span><\/p>\n<p><span style=\"font-size: 19px;\">En conf\u00e9rence de presse ce vendredi 11 avril, le Dr Diaka Sidib\u00e9 a pr\u00e9sent\u00e9 aux journalistes les aspects de la pr\u00e9sence guin\u00e9enne \u00e0 ce rendez-vous international. \u00ab \u00c0 travers cette participation, la Guin\u00e9e vise \u00e0 redorer la perception de la Guin\u00e9e sur la sc\u00e8ne internationale, assurer la pr\u00e9sence au moins de 30 entreprises locales, vendre au moins 13 tonnes de produits guin\u00e9ens, signer des conventions de partenariat \u00e0 l\u2019export, valoriser notre patrimoine culturel et touristique \u00bb, a laiss\u00e9 entendre la ministre du Commerce, de l\u2019Industrie et des Petites et Moyennes Entreprises.<\/span><\/p>\n<p><span style=\"font-size: 19px;\">Poursuivant, la ministre a list\u00e9 d\u2019autres r\u00e9sultats escompt\u00e9s : \u00ab avoir un levier pour l\u2019\u00e9conomie et la culture. Nous attendons de fortes retomb\u00e9es \u00e9conomiques, des partenariats commerciaux, de nouveaux investisseurs directs \u00e9trangers, la mise en r\u00e9seau de nos entrepreneurs avec des march\u00e9s ext\u00e9rieurs \u00bb.<\/span><\/p>\n<p><span style=\"font-size: 19px;\">La Guin\u00e9e aura sa journ\u00e9e sp\u00e9ciale qui se tiendra le 10 juin 2025. Ce jour mettra le pays \u00e0 l\u2019honneur. Pour assurer de r\u00e9els b\u00e9n\u00e9fices pour la Guin\u00e9e, sa culture sera mise en avant, assure Dr Diaka Sidib\u00e9. \u00ab La Guin\u00e9e aura un pavillon th\u00e9matique pour raconter notre histoire et un espace commercial pour exposer et vendre nos produits. Des conf\u00e9rences anim\u00e9es par des experts guin\u00e9ens, des spectacles vivants mettant en avant notre patrimoine culturel. Une meilleure visibilit\u00e9 de nos artistes qui seront pr\u00e9sents, des \u00e9changes enrichissants avec d\u2019autres nations. \u00bb<\/span><\/p>\n<p><span style=\"font-size: 19px;\">La ministre a invit\u00e9 l\u2019ensemble des Guin\u00e9ens \u00e0 soutenir le pays dans ce rendez-vous mondial. <\/span><\/p>\n<p><strong><span style=\"font-size: 19px;\">Abdoul Lory Sylla pour guinee7.com<\/span><\/strong><br \/><!--\/data\/user\/0\/com.samsung.android.app.notes\/files\/clipdata\/clipdata_bodytext_250411_174537_106.sdocx--><\/p>\n<\/div>\n","protected":false},"excerpt":{"rendered":"<p>La R\u00e9publique de Guin\u00e9e prendra part \u00e0 l\u2019Exposition universelle 2025 \u00e0 Osaka, au Japon, qui s\u2019ouvrira officiellement le 13 avril 2025 et qui s\u2019\u00e9tendra jusqu\u2019au 13 octobre 2025. La Guin\u00e9e aura son pavillon dont le th\u00e8me est \u00ab Guin\u00e9e, terre de richesse et d\u2019innovation \u00bb. Le pays signera sa pr\u00e9sence \u00e0 travers des expositions et &hellip;<\/p>\n","protected":false},"author":1,"featured_media":0,"comment_status":"closed","ping_status":"closed","sticky":false,"template":"","format":"standard","meta":[],"categories":[2],"tags":[22],"_links":{"self":[{"href":"https:\/\/uk.ambagn.staging.e-kaidi.net\/index.php?rest_route=\/wp\/v2\/posts\/80230"}],"collection":[{"href":"https:\/\/uk.ambagn.staging.e-kaidi.net\/index.php?rest_route=\/wp\/v2\/posts"}],"about":[{"href":"https:\/\/uk.ambagn.staging.e-kaidi.net\/index.php?rest_route=\/wp\/v2\/types\/post"}],"author":[{"embeddable":true,"href":"https:\/\/uk.ambagn.staging.e-kaidi.net\/index.php?rest_route=\/wp\/v2\/users\/1"}],"replies":[{"embeddable":true,"href":"https:\/\/uk.ambagn.staging.e-kaidi.net\/index.php?rest_route=%2Fwp%2Fv2%2Fcomments&post=80230"}],"version-history":[{"count":0,"href":"https:\/\/uk.ambagn.staging.e-kaidi.net\/index.php?rest_route=\/wp\/v2\/posts\/80230\/revisions"}],"wp:attachment":[{"href":"https:\/\/uk.ambagn.staging.e-kaidi.net\/index.php?rest_route=%2Fwp%2Fv2%2Fmedia&parent=80230"}],"wp:term":[{"taxonomy":"category","embeddable":true,"href":"https:\/\/uk.ambagn.staging.e-kaidi.net\/index.php?rest_route=%2Fwp%2Fv2%2Fcategories&post=80230"},{"taxonomy":"post_tag","embeddable":true,"href":"https:\/\/uk.ambagn.staging.e-kaidi.net\/index.php?rest_route=%2Fwp%2Fv2%2Ftags&post=80230"}],"curies":[{"name":"wp","href":"https:\/\/api.w.org\/{rel}","templated":true}]}}