{"id":79872,"date":"2025-04-03T00:06:34","date_gmt":"2025-04-02T22:06:34","guid":{"rendered":"https:\/\/uk.ambagn.staging.e-kaidi.net\/?p=79872"},"modified":"2025-04-03T00:06:34","modified_gmt":"2025-04-02T22:06:34","slug":"abdoulaye-djibril-diallo-president-de-la-cellule-de-communication-salue-les-avancees-dans-le-dossier-du-28-septembre-le-president-a-eu-le-merite-de-porter-ce-dossier-aux-ramifications","status":"publish","type":"post","link":"https:\/\/uk.ambagn.staging.e-kaidi.net\/?p=79872","title":{"rendered":"Abdoulaye Djibril Diallo, Pr\u00e9sident de la cellule de Communication, salue les avanc\u00e9es dans le dossier du 28 septembre : \u00ab\u00a0Le Pr\u00e9sident a eu le m\u00e9rite de porter ce dossier aux ramifications inextricables\u2019\u2019"},"content":{"rendered":"<div>\n<div style=\"margin-bottom:20px;\"><img width=\"800\" height=\"713\"src=\"https:\/\/i0.wp.com\/www.guinee7.com\/wp-content\/uploads\/2025\/04\/Abdoulaye-Djibril-Diallo.jpeg?w=800&amp;ssl=1\" class=\"attachment-post-thumbnail size-post-thumbnail wp-post-image\" alt=\"\" decoding=\"async\" loading=\"lazy\" srcset=\"https:\/\/i0.wp.com\/www.guinee7.com\/wp-content\/uploads\/2025\/04\/Abdoulaye-Djibril-Diallo.jpeg?w=800&amp;ssl=1 800w, https:\/\/i0.wp.com\/www.guinee7.com\/wp-content\/uploads\/2025\/04\/Abdoulaye-Djibril-Diallo.jpeg?resize=300%2C267&amp;ssl=1 300w, https:\/\/i0.wp.com\/www.guinee7.com\/wp-content\/uploads\/2025\/04\/Abdoulaye-Djibril-Diallo.jpeg?resize=768%2C684&amp;ssl=1 768w\" sizes=\"auto, (max-width: 800px) 100vw, 800px\"><\/div>\n<p><strong>Le 26 Mars 2025, pendant que <\/strong>les quatre cents (400) parties civiles attendaient encore r\u00e9paration,<strong> le Gouvernement guin\u00e9en a fait un pas majeur vers l\u2019indemnisation \u00a0des victimes du massacre du 28 septembre 2009. <\/strong><\/p>\n<p><strong>Dans un d\u00e9cret publi\u00e9 sur les m\u00e9dias du service public, le Pr\u00e9sident de la R\u00e9publique, Mamadi Doumbouya, a annonc\u00e9 la prise en charge des frais d\u2019indemnisation des victimes de cette trag\u00e9die. Ce geste intervient huit (8) mois apr\u00e8s la condamnation historique pour crimes contre l\u2019humanit\u00e9 de Moussa Dadis Camara et d\u2019autres anciens membres de la junte militaire. <\/strong><\/p>\n<p>Notre r\u00e9daction a rencontr\u00e9 Monsieur Abdoulaye Djibril Diallo, journaliste et pr\u00e9sident de la Cellule de Communication du proc\u00e8s du 28 septembre, pour recueillir son avis sur cette actualit\u00e9.<\/p>\n<p><strong><em>\u00ab En tant que pr\u00e9sident de la cellule de communication du proc\u00e8s des \u00e9v\u00e9nements du 28 septembre, je me r\u00e9jouis des actes forts pos\u00e9s par le pouvoir central, \u00e0 savoir le Pr\u00e9sident de la R\u00e9publique\u00a0\u00bb,<\/em><\/strong> commente Abdoulaye Djibril Diallo, soulignant ainsi l\u2019importance du D\u00e9cret du 26 Mars dernier.<\/p>\n<p>Le geste du Pr\u00e9sident s\u2019inscrit dans un processus de r\u00e9conciliation nationale et la promotion du caract\u00e8re humain de la justice, cela apr\u00e8s plus de treize (13) ans que les victimes attendaient. Vous savez <strong><em>\u00ab\u00a0Le G\u00e9n\u00e9ral Mamadi Doumbouya avait fait le pari de faire de la justice la boussole permettant ainsi aux victimes de confronter et d\u2019affronter leurs pr\u00e9sum\u00e9s bourreaux au cours d\u2019un proc\u00e8s juste et \u00e9quitable qui a propuls\u00e9 la Guin\u00e9e au-devant de la sc\u00e8ne Internationale \u00bb, <\/em><\/strong><em>a<\/em> poursuit Monsieur Diallo.<\/p>\n<p>Abdoulaye Djibril DIALLO rappelle que l\u2019objectif d\u2019un proc\u00e8s n\u2019est pas seulement de juger et condamner mais \u00a0c\u2019est aussi\u00a0 promouvoir la r\u00e9insertion et consolider la paix sociale.<\/p>\n<p><strong><em>\u00ab La r\u00e9paration des torts caus\u00e9s aux victimes, bien que difficile, est une avanc\u00e9e majeure dans le cadre de l\u2019administration de \u00a0la justice \u00bb,<\/em><\/strong> explique-t-il.<\/p>\n<p>Le d\u00e9cret pris par le Pr\u00e9sident Doumbouya pour indemniser les victimes constitue, selon lui, un acte de grande port\u00e9e, tant sur le plan national qu\u2019international. \u00a0<strong><em>\u00ab Cela d\u00e9montre que l\u2019\u00c9tat est pr\u00eat \u00e0 assumer ses responsabilit\u00e9s dans cette affaire historique \u00bb <\/em><\/strong><em>a ajout\u00e9 le<\/em> <em>pr\u00e9sident de la cellule de communication du proc\u00e8s des \u00e9v\u00e9nements du 28 septembre. <\/em><\/p>\n<p>Le 28 Mars 2025, le Pr\u00e9sident Doumbouya a \u00e9galement accord\u00e9 une Gr\u00e2ce Pr\u00e9sidentielle au Capitaine Moussa Dadis Camara, l\u2019ancien pr\u00e9sident de la transition. Une d\u00e9cision qui a suscit\u00e9 diverses r\u00e9actions, mais qu\u2019Abdoulaye Djibril Diallo situe ce geste Pr\u00e9sidentiel sous\u00a0 le caract\u00e8re humain de la justice et \u00a0la consolidation de l\u2019unit\u00e9 nationale au regard des motifs de sant\u00e9 \u00e9voqu\u00e9s dans le d\u00e9cret de gr\u00e2ce.<\/p>\n<p><strong><em>\u00ab Nous avons salu\u00e9 cet acte. Le Pr\u00e9sident a exerc\u00e9 un pouvoir qui lui est conf\u00e9r\u00e9 par la loi que je ne commente pas car il est \u00e9tabli que la prison est l\u2019exception, la libert\u00e9 la r\u00e8gle \u00bb,<\/em><\/strong> explique-t-il. Avant d\u2019ajouter <strong>\u00ab\u00a0qu\u2019il n\u2019est pas souhaitable qu\u2019un condamn\u00e9 meurt en prison quand il y a autres alternatives. \u00a0Toujours est-il que chacun peut aller de son commentaire car c\u2019est cela aussi l\u2019autre facette du droit et de l\u2019Etat de droit\u00a0\u00bb <\/strong><\/p>\n<p><strong>Par Moise Rama Fils Keita<\/strong><\/p>\n<\/div>\n","protected":false},"excerpt":{"rendered":"<p>Le 26 Mars 2025, pendant que les quatre cents (400) parties civiles attendaient encore r\u00e9paration, le Gouvernement guin\u00e9en a fait un pas majeur vers l\u2019indemnisation \u00a0des victimes du massacre du 28 septembre 2009. Dans un d\u00e9cret publi\u00e9 sur les m\u00e9dias du service public, le Pr\u00e9sident de la R\u00e9publique, Mamadi Doumbouya, a annonc\u00e9 la prise en &hellip;<\/p>\n","protected":false},"author":1,"featured_media":0,"comment_status":"closed","ping_status":"closed","sticky":false,"template":"","format":"standard","meta":[],"categories":[2],"tags":[22],"_links":{"self":[{"href":"https:\/\/uk.ambagn.staging.e-kaidi.net\/index.php?rest_route=\/wp\/v2\/posts\/79872"}],"collection":[{"href":"https:\/\/uk.ambagn.staging.e-kaidi.net\/index.php?rest_route=\/wp\/v2\/posts"}],"about":[{"href":"https:\/\/uk.ambagn.staging.e-kaidi.net\/index.php?rest_route=\/wp\/v2\/types\/post"}],"author":[{"embeddable":true,"href":"https:\/\/uk.ambagn.staging.e-kaidi.net\/index.php?rest_route=\/wp\/v2\/users\/1"}],"replies":[{"embeddable":true,"href":"https:\/\/uk.ambagn.staging.e-kaidi.net\/index.php?rest_route=%2Fwp%2Fv2%2Fcomments&post=79872"}],"version-history":[{"count":0,"href":"https:\/\/uk.ambagn.staging.e-kaidi.net\/index.php?rest_route=\/wp\/v2\/posts\/79872\/revisions"}],"wp:attachment":[{"href":"https:\/\/uk.ambagn.staging.e-kaidi.net\/index.php?rest_route=%2Fwp%2Fv2%2Fmedia&parent=79872"}],"wp:term":[{"taxonomy":"category","embeddable":true,"href":"https:\/\/uk.ambagn.staging.e-kaidi.net\/index.php?rest_route=%2Fwp%2Fv2%2Fcategories&post=79872"},{"taxonomy":"post_tag","embeddable":true,"href":"https:\/\/uk.ambagn.staging.e-kaidi.net\/index.php?rest_route=%2Fwp%2Fv2%2Ftags&post=79872"}],"curies":[{"name":"wp","href":"https:\/\/api.w.org\/{rel}","templated":true}]}}