{"id":65187,"date":"2024-04-03T03:31:36","date_gmt":"2024-04-03T01:31:36","guid":{"rendered":"https:\/\/uk.ambagn.staging.e-kaidi.net\/?p=65187"},"modified":"2024-04-03T03:31:36","modified_gmt":"2024-04-03T01:31:36","slug":"mic-le-ministre-fana-soumah-lance-les-consultations-autour-de-lelaboration-de-la-strategie-gouvernementale-pour-le-developpement","status":"publish","type":"post","link":"https:\/\/uk.ambagn.staging.e-kaidi.net\/?p=65187","title":{"rendered":"MIC : le ministre Fana Soumah lance les consultations autour de l\u2019\u00e9laboration de la strat\u00e9gie gouvernementale pour le d\u00e9veloppement"},"content":{"rendered":"<div>\n<div style=\"margin-bottom:20px;\"><img width=\"996\" height=\"664\"src=\"https:\/\/i0.wp.com\/mediaguinee.com\/wp-content\/uploads\/2024\/04\/IMG-20240402-WA0030.jpg?w=996&amp;ssl=1\" class=\"attachment-post-thumbnail size-post-thumbnail wp-post-image\" alt=\"\" decoding=\"async\" srcset=\"https:\/\/i0.wp.com\/mediaguinee.com\/wp-content\/uploads\/2024\/04\/IMG-20240402-WA0030.jpg?w=996&amp;ssl=1 996w, https:\/\/i0.wp.com\/mediaguinee.com\/wp-content\/uploads\/2024\/04\/IMG-20240402-WA0030.jpg?resize=300%2C200&amp;ssl=1 300w, https:\/\/i0.wp.com\/mediaguinee.com\/wp-content\/uploads\/2024\/04\/IMG-20240402-WA0030.jpg?resize=768%2C512&amp;ssl=1 768w\" sizes=\"(max-width: 996px) 100vw, 996px\" data-attachment-id=\"255031\" data-permalink=\"https:\/\/mediaguinee.com\/2024\/04\/mic-le-ministre-fana-soumah-lance-les-consultations-autour-de-lelaboration-de-la-strategie-gouvernementale-pour-le-developpement\/img-20240402-wa0030\/\" data-orig-file=\"https:\/\/i0.wp.com\/mediaguinee.com\/wp-content\/uploads\/2024\/04\/IMG-20240402-WA0030.jpg?fit=996%2C664&amp;ssl=1\" data-orig-size=\"996,664\" data-comments-opened=\"1\" data-image-meta='{\"aperture\":\"0\",\"credit\":\"\",\"camera\":\"\",\"caption\":\"\",\"created_timestamp\":\"0\",\"copyright\":\"\",\"focal_length\":\"0\",\"iso\":\"0\",\"shutter_speed\":\"0\",\"title\":\"\",\"orientation\":\"0\"}' data-image-title=\"IMG-20240402-WA0030\" data-image-description=\"\" data-image-caption=\"\" data-medium-file=\"https:\/\/i0.wp.com\/mediaguinee.com\/wp-content\/uploads\/2024\/04\/IMG-20240402-WA0030.jpg?fit=300%2C200&amp;ssl=1\" data-large-file=\"https:\/\/i0.wp.com\/mediaguinee.com\/wp-content\/uploads\/2024\/04\/IMG-20240402-WA0030.jpg?fit=996%2C664&amp;ssl=1\"><\/div>\n<p>Dans le but d\u2019apporter du nouveau sur le plan de la communication gouvernementale, le d\u00e9partement en charge de l\u2019Information et de la communication avec l\u2019appui technique et financier des partenaires dont la Banque Africaine de D\u00e9veloppement (BAD) \u00e0 travers l\u2019unit\u00e9 de coordination et d\u2019ex\u00e9cution des projets (UCEP) a lanc\u00e9 ce mardi, 2 avril 2024 les consultations autour de l\u2019\u00e9laboration de la strat\u00e9gie gouvernementale pour le d\u00e9veloppement de la Guin\u00e9e.<\/p>\n<p><img decoding=\"async\" data-attachment-id=\"255027\" data-permalink=\"https:\/\/mediaguinee.com\/2024\/04\/mic-le-ministre-fana-soumah-lance-les-consultations-autour-de-lelaboration-de-la-strategie-gouvernementale-pour-le-developpement\/img-20240402-wa0029\/\" data-orig-file=\"https:\/\/i0.wp.com\/mediaguinee.com\/wp-content\/uploads\/2024\/04\/IMG-20240402-WA0029.jpg?fit=996%2C664&amp;ssl=1\" data-orig-size=\"996,664\" data-comments-opened=\"1\" data-image-meta='{\"aperture\":\"0\",\"credit\":\"\",\"camera\":\"\",\"caption\":\"\",\"created_timestamp\":\"0\",\"copyright\":\"\",\"focal_length\":\"0\",\"iso\":\"0\",\"shutter_speed\":\"0\",\"title\":\"\",\"orientation\":\"0\"}' data-image-title=\"IMG-20240402-WA0029\" data-image-description=\"\" data-image-caption=\"\" data-medium-file=\"https:\/\/i0.wp.com\/mediaguinee.com\/wp-content\/uploads\/2024\/04\/IMG-20240402-WA0029.jpg?fit=300%2C200&amp;ssl=1\" data-large-file=\"https:\/\/i0.wp.com\/mediaguinee.com\/wp-content\/uploads\/2024\/04\/IMG-20240402-WA0029.jpg?fit=996%2C664&amp;ssl=1\" class=\"alignnone wp-image-255027 size-full\"src=\"https:\/\/i0.wp.com\/mediaguinee.com\/wp-content\/uploads\/2024\/04\/IMG-20240402-WA0029.jpg?w=996&amp;ssl=1\" alt=\"\" width=\"996\" height=\"664\" srcset=\"https:\/\/i0.wp.com\/mediaguinee.com\/wp-content\/uploads\/2024\/04\/IMG-20240402-WA0029.jpg?w=996&amp;ssl=1 996w, https:\/\/i0.wp.com\/mediaguinee.com\/wp-content\/uploads\/2024\/04\/IMG-20240402-WA0029.jpg?resize=300%2C200&amp;ssl=1 300w, https:\/\/i0.wp.com\/mediaguinee.com\/wp-content\/uploads\/2024\/04\/IMG-20240402-WA0029.jpg?resize=768%2C512&amp;ssl=1 768w\" sizes=\"(max-width: 996px) 100vw, 996px\" data-recalc-dims=\"1\"><br \/>\nC\u2019est le ministre Fana Soumah entour\u00e9 de ses proches collaborateurs et les repr\u00e9sentants du cabinet en charge des travaux (CCM WORD WIDE) qui a officiellement donn\u00e9 le coup d\u2019envoi de ladite \u00e9laboration de la strat\u00e9gie gouvernementale pour le d\u00e9veloppement.<\/p>\n<p><img decoding=\"async\" data-attachment-id=\"255028\" data-permalink=\"https:\/\/mediaguinee.com\/2024\/04\/mic-le-ministre-fana-soumah-lance-les-consultations-autour-de-lelaboration-de-la-strategie-gouvernementale-pour-le-developpement\/20240402_111215\/\" data-orig-file=\"https:\/\/i0.wp.com\/mediaguinee.com\/wp-content\/uploads\/2024\/04\/20240402_111215.jpg?fit=1920%2C1440&amp;ssl=1\" data-orig-size=\"1920,1440\" data-comments-opened=\"1\" data-image-meta='{\"aperture\":\"2\",\"credit\":\"\",\"camera\":\"SM-T505N\",\"caption\":\"\",\"created_timestamp\":\"1712056335\",\"copyright\":\"\",\"focal_length\":\"2.85\",\"iso\":\"118\",\"shutter_speed\":\"0.03\",\"title\":\"\",\"orientation\":\"1\"}' data-image-title=\"20240402_111215\" data-image-description=\"\" data-image-caption=\"\" data-medium-file=\"https:\/\/i0.wp.com\/mediaguinee.com\/wp-content\/uploads\/2024\/04\/20240402_111215.jpg?fit=300%2C225&amp;ssl=1\" data-large-file=\"https:\/\/i0.wp.com\/mediaguinee.com\/wp-content\/uploads\/2024\/04\/20240402_111215.jpg?fit=1024%2C768&amp;ssl=1\" class=\"alignnone wp-image-255028 size-full\"src=\"https:\/\/i0.wp.com\/mediaguinee.com\/wp-content\/uploads\/2024\/04\/20240402_111215.jpg?w=1920&amp;ssl=1\" alt=\"\" width=\"1170\" height=\"878\" srcset=\"https:\/\/i0.wp.com\/mediaguinee.com\/wp-content\/uploads\/2024\/04\/20240402_111215.jpg?w=1920&amp;ssl=1 1920w, https:\/\/i0.wp.com\/mediaguinee.com\/wp-content\/uploads\/2024\/04\/20240402_111215.jpg?resize=300%2C225&amp;ssl=1 300w, https:\/\/i0.wp.com\/mediaguinee.com\/wp-content\/uploads\/2024\/04\/20240402_111215.jpg?resize=1024%2C768&amp;ssl=1 1024w, https:\/\/i0.wp.com\/mediaguinee.com\/wp-content\/uploads\/2024\/04\/20240402_111215.jpg?resize=768%2C576&amp;ssl=1 768w, https:\/\/i0.wp.com\/mediaguinee.com\/wp-content\/uploads\/2024\/04\/20240402_111215.jpg?resize=1536%2C1152&amp;ssl=1 1536w, https:\/\/i0.wp.com\/mediaguinee.com\/wp-content\/uploads\/2024\/04\/20240402_111215.jpg?resize=86%2C64&amp;ssl=1 86w\" sizes=\"(max-width: 1170px) 100vw, 1170px\" data-recalc-dims=\"1\"><br \/>\nL\u2019initiative est appuy\u00e9e par le Groupe de la Banque Africaine de D\u00e9veloppement (BAD) \u00e0 hauteur de 119800 dollars US. Et la mission durera trois (3) mois qui devra aboutir \u00e0 l\u2019\u00e9laboration d\u2019un plan de communication qui sera budg\u00e9tis\u00e9. Un plan qui s\u2019\u00e9tendra sur une ann\u00e9e et aussi \u00e0 l\u2019\u00e9laboration de certains modules de formation pour renforcer les capacit\u00e9s des cadres du minist\u00e8re de l\u2019information et de la communication et des acteurs qui \u00e9voluent dans le domaine de la communication.<br \/>\nA l\u2019entame, le chef de mission du cabinet CCM WIDE, Broussard Falola et la sp\u00e9cialiste communication et relations publiques au sein de l\u2019unit\u00e9 de coordination et d\u2019ex\u00e9cution des projets (UCEP), Mme Ke\u00efta A\u00efssatou Bah ont tour \u00e0 tour soulign\u00e9 que le gouvernement guin\u00e9en et le groupe de la BAD financent conjointement le projet d\u2019appui \u00e0 la mobilisation des ressources internes et \u00e0 la formalisation des entreprises. Ce projet selon eux, vise \u00e0 accompagner le gouvernement dans la mobilisation des recettes fiscales et aussi la facilitation de la formalisation des entreprises.<br \/>\nC\u2019est dans le cadre de ce projet que le gouvernement a b\u00e9n\u00e9fici\u00e9 de cet accompagnement \u00e0 travers le minist\u00e8re de l\u2019information et de la communication pour l\u2019\u00e9laboration de la strat\u00e9gie nationale de communication gouvernementale pour d\u00e9veloppement.<\/p>\n<p><img decoding=\"async\" data-attachment-id=\"255029\" data-permalink=\"https:\/\/mediaguinee.com\/2024\/04\/mic-le-ministre-fana-soumah-lance-les-consultations-autour-de-lelaboration-de-la-strategie-gouvernementale-pour-le-developpement\/img-20240402-wa0028\/\" data-orig-file=\"https:\/\/i0.wp.com\/mediaguinee.com\/wp-content\/uploads\/2024\/04\/IMG-20240402-WA0028.jpg?fit=996%2C664&amp;ssl=1\" data-orig-size=\"996,664\" data-comments-opened=\"1\" data-image-meta='{\"aperture\":\"0\",\"credit\":\"\",\"camera\":\"\",\"caption\":\"\",\"created_timestamp\":\"0\",\"copyright\":\"\",\"focal_length\":\"0\",\"iso\":\"0\",\"shutter_speed\":\"0\",\"title\":\"\",\"orientation\":\"0\"}' data-image-title=\"IMG-20240402-WA0028\" data-image-description=\"\" data-image-caption=\"\" data-medium-file=\"https:\/\/i0.wp.com\/mediaguinee.com\/wp-content\/uploads\/2024\/04\/IMG-20240402-WA0028.jpg?fit=300%2C200&amp;ssl=1\" data-large-file=\"https:\/\/i0.wp.com\/mediaguinee.com\/wp-content\/uploads\/2024\/04\/IMG-20240402-WA0028.jpg?fit=996%2C664&amp;ssl=1\" class=\"alignnone wp-image-255029 size-full\"src=\"https:\/\/i0.wp.com\/mediaguinee.com\/wp-content\/uploads\/2024\/04\/IMG-20240402-WA0028.jpg?w=996&amp;ssl=1\" alt=\"\" width=\"996\" height=\"664\" srcset=\"https:\/\/i0.wp.com\/mediaguinee.com\/wp-content\/uploads\/2024\/04\/IMG-20240402-WA0028.jpg?w=996&amp;ssl=1 996w, https:\/\/i0.wp.com\/mediaguinee.com\/wp-content\/uploads\/2024\/04\/IMG-20240402-WA0028.jpg?resize=300%2C200&amp;ssl=1 300w, https:\/\/i0.wp.com\/mediaguinee.com\/wp-content\/uploads\/2024\/04\/IMG-20240402-WA0028.jpg?resize=768%2C512&amp;ssl=1 768w\" sizes=\"(max-width: 996px) 100vw, 996px\" data-recalc-dims=\"1\"><br \/>\n\u00ab\u00a0Cette strat\u00e9gie va permettre \u00e9ventuellement au gouvernement de pouvoir renforcer sa visibilit\u00e9, communiquer sur de nombreuses r\u00e9formes, actions, projets et programmes qu\u2019il finance \u00e0 travers le pays pour le d\u00e9veloppement du pays. Elle va \u00e9galement au gouvernement de recueillir les aspirations des populations \u00e0 la base en mati\u00e8re de communication et de veiller \u00e0 ce que les aspirations soient prises en compte\u00a0\u00bb ont-ils soulign\u00e9.<br \/>\nQuant \u00e0 la Directrice nationale de la communication et des relations avec les m\u00e9dias priv\u00e9s, Djontan Diarra, elle a not\u00e9 que la mise en place de cette strat\u00e9gie va permettre au gouvernement de communiquer de mani\u00e8re organis\u00e9e. Cela pour permettre aux populations d\u2019\u00eatre \u00e9difi\u00e9e sur les actions que m\u00e8nent les autorit\u00e9s sur le terrain pour le d\u00e9veloppement du pays.<\/p>\n<p><img decoding=\"async\" data-attachment-id=\"255030\" data-permalink=\"https:\/\/mediaguinee.com\/2024\/04\/mic-le-ministre-fana-soumah-lance-les-consultations-autour-de-lelaboration-de-la-strategie-gouvernementale-pour-le-developpement\/img-20240402-wa0026\/\" data-orig-file=\"https:\/\/i0.wp.com\/mediaguinee.com\/wp-content\/uploads\/2024\/04\/IMG-20240402-WA0026.jpg?fit=996%2C664&amp;ssl=1\" data-orig-size=\"996,664\" data-comments-opened=\"1\" data-image-meta='{\"aperture\":\"0\",\"credit\":\"\",\"camera\":\"\",\"caption\":\"\",\"created_timestamp\":\"0\",\"copyright\":\"\",\"focal_length\":\"0\",\"iso\":\"0\",\"shutter_speed\":\"0\",\"title\":\"\",\"orientation\":\"0\"}' data-image-title=\"IMG-20240402-WA0026\" data-image-description=\"\" data-image-caption=\"\" data-medium-file=\"https:\/\/i0.wp.com\/mediaguinee.com\/wp-content\/uploads\/2024\/04\/IMG-20240402-WA0026.jpg?fit=300%2C200&amp;ssl=1\" data-large-file=\"https:\/\/i0.wp.com\/mediaguinee.com\/wp-content\/uploads\/2024\/04\/IMG-20240402-WA0026.jpg?fit=996%2C664&amp;ssl=1\" class=\"alignnone wp-image-255030 size-full\"src=\"https:\/\/i0.wp.com\/mediaguinee.com\/wp-content\/uploads\/2024\/04\/IMG-20240402-WA0026.jpg?w=996&amp;ssl=1\" alt=\"\" width=\"996\" height=\"664\" srcset=\"https:\/\/i0.wp.com\/mediaguinee.com\/wp-content\/uploads\/2024\/04\/IMG-20240402-WA0026.jpg?w=996&amp;ssl=1 996w, https:\/\/i0.wp.com\/mediaguinee.com\/wp-content\/uploads\/2024\/04\/IMG-20240402-WA0026.jpg?resize=300%2C200&amp;ssl=1 300w, https:\/\/i0.wp.com\/mediaguinee.com\/wp-content\/uploads\/2024\/04\/IMG-20240402-WA0026.jpg?resize=768%2C512&amp;ssl=1 768w\" sizes=\"(max-width: 996px) 100vw, 996px\" data-recalc-dims=\"1\"><br \/>\n\u00ab\u00a0C\u2019est un processus qui a commenc\u00e9 il y a plus d\u2019un an. Et lorsqu\u2019on commen\u00e7ait, il y avait une liste de 9 cabinets d\u2019information et de la Communication qui voulaient participer. Des cabinets qui venaient de la Belgique, le Mali, du Burkina Faso. C\u2019est suite \u00e0 cela qu\u2019un a \u00e9t\u00e9 retenu avec l\u2019appui technique de l\u2019UCEP et un appui financier de la BAD \u00e0 hauteur de 119800 dollars US\u2019\u2019, dira-t-elle.<br \/>\nPrenant la parole, ministre Fana Soumah a rappel\u00e9 que depuis l\u2019av\u00e8nement du CNRD au pouvoir, le 5 Septembre 2021, beaucoup de projets de d\u00e9veloppement et d\u2019infrastructures ont \u00e9t\u00e9 lanc\u00e9s dans tous les domaines. Il est dit-il, important de faire non seulement la promotion de ces projets et programmes mais aussi permettre aux populations de s\u2019approprier I\u2019ensemble des actions des autoit\u00e9s sur le terrain.<\/p>\n<p><img decoding=\"async\" data-attachment-id=\"255026\" data-permalink=\"https:\/\/mediaguinee.com\/2024\/04\/mic-le-ministre-fana-soumah-lance-les-consultations-autour-de-lelaboration-de-la-strategie-gouvernementale-pour-le-developpement\/img-20240402-wa0018\/\" data-orig-file=\"https:\/\/i0.wp.com\/mediaguinee.com\/wp-content\/uploads\/2024\/04\/IMG-20240402-WA0018.jpg?fit=996%2C664&amp;ssl=1\" data-orig-size=\"996,664\" data-comments-opened=\"1\" data-image-meta='{\"aperture\":\"0\",\"credit\":\"\",\"camera\":\"\",\"caption\":\"\",\"created_timestamp\":\"0\",\"copyright\":\"\",\"focal_length\":\"0\",\"iso\":\"0\",\"shutter_speed\":\"0\",\"title\":\"\",\"orientation\":\"0\"}' data-image-title=\"IMG-20240402-WA0018\" data-image-description=\"\" data-image-caption=\"\" data-medium-file=\"https:\/\/i0.wp.com\/mediaguinee.com\/wp-content\/uploads\/2024\/04\/IMG-20240402-WA0018.jpg?fit=300%2C200&amp;ssl=1\" data-large-file=\"https:\/\/i0.wp.com\/mediaguinee.com\/wp-content\/uploads\/2024\/04\/IMG-20240402-WA0018.jpg?fit=996%2C664&amp;ssl=1\" class=\"alignnone wp-image-255026 size-full\"src=\"https:\/\/i0.wp.com\/mediaguinee.com\/wp-content\/uploads\/2024\/04\/IMG-20240402-WA0018.jpg?w=996&amp;ssl=1\" alt=\"\" width=\"996\" height=\"664\" srcset=\"https:\/\/i0.wp.com\/mediaguinee.com\/wp-content\/uploads\/2024\/04\/IMG-20240402-WA0018.jpg?w=996&amp;ssl=1 996w, https:\/\/i0.wp.com\/mediaguinee.com\/wp-content\/uploads\/2024\/04\/IMG-20240402-WA0018.jpg?resize=300%2C200&amp;ssl=1 300w, https:\/\/i0.wp.com\/mediaguinee.com\/wp-content\/uploads\/2024\/04\/IMG-20240402-WA0018.jpg?resize=768%2C512&amp;ssl=1 768w\" sizes=\"(max-width: 996px) 100vw, 996px\" data-recalc-dims=\"1\"><\/p>\n<p>\u00ab\u00a0C\u2019est pourquoi, sous I\u2019\u00e9gide du Minist\u00e8re de l\u2019Information et de la communication, ce processus est entr\u00e9 en droite ligne de la politique de r\u00e9fondation de l\u2019\u00c9tat et de rectification institutionnelle ch\u00e8res au Pr\u00e9sident de la R\u00e9publique, le G\u00e9n\u00e9ral de Corps d\u2019Arm\u00e9e, Colonel Mamadi Doumbouya et \u00e0 son Premier Ministre, Chef du Gouvernement, Monsieur Amadou Oury Bah. D\u2019o\u00f9 l\u2019\u00e9laboration avec le cabinet CCM WORD WIDE et l\u2019ensembre des parties prenantes pour trouver des voies et moyens afin de doter le gouvernement d\u2019une v\u00e9ritable strat\u00e9gie de communication pour le d\u00e9veloppement. Je suis conscient des d\u00e9fis qui vous attendent pour atteindre I\u2019ensemble des objectifs. Mais je reste convaincu, que gr\u00e2ce \u00e0 I\u2019approche participative, inclusive et transparente que vous allez imprim\u00e9e dans l\u2019accomplissement de cette mission, vous parviendre\u017c \u00e0 nous donner une strat\u00e9gie de communication gouvernernentale pour le d\u00e9veloppement tr\u00e8s efficace. J\u2019invite donc toutes les parties prenantes, y compris les cadres du minist\u00e8re de l\u2019information et de la communication, les acteurs des t\u00e9l\u00e9communications, les acteurs des m\u00e9dias publics et priv\u00e9s, lesbmembres de la Haute Autorit\u00e9 de la Communication, \u00e0 contribuer activement \u00e0 la r\u00e9ussite de ce processus\u00a0\u00bb, dira le ministre Fana Soumah, avant dadresser ses vifs remerciements \u00e0 la coordination de l\u2019UCEP et la Banque Africaine de D\u00e9veloppement (BAD) pour leur appui sans cesse.<br \/>\nYoussouf Keita<\/p>\n<p>L\u2019article <a href=\"https:\/\/mediaguinee.com\/2024\/04\/mic-le-ministre-fana-soumah-lance-les-consultations-autour-de-lelaboration-de-la-strategie-gouvernementale-pour-le-developpement\/\">MIC : le ministre Fana Soumah lance les consultations autour de l\u2019\u00e9laboration de la strat\u00e9gie gouvernementale pour le d\u00e9veloppement<\/a> est apparu en premier sur <a href=\"https:\/\/mediaguinee.com\/\">Mediaguinee.com<\/a>.<\/p>\n<\/div>\n","protected":false},"excerpt":{"rendered":"<p>Dans le but d\u2019apporter du nouveau sur le plan de la communication gouvernementale, le d\u00e9partement en charge de l\u2019Information et de la communication avec l\u2019appui technique et financier des partenaires dont la Banque Africaine de D\u00e9veloppement (BAD) \u00e0 travers l\u2019unit\u00e9 de coordination et d\u2019ex\u00e9cution des projets (UCEP) a lanc\u00e9 ce mardi, 2 avril 2024 les &hellip;<\/p>\n","protected":false},"author":1,"featured_media":0,"comment_status":"closed","ping_status":"closed","sticky":false,"template":"","format":"standard","meta":[],"categories":[2],"tags":[23],"_links":{"self":[{"href":"https:\/\/uk.ambagn.staging.e-kaidi.net\/index.php?rest_route=\/wp\/v2\/posts\/65187"}],"collection":[{"href":"https:\/\/uk.ambagn.staging.e-kaidi.net\/index.php?rest_route=\/wp\/v2\/posts"}],"about":[{"href":"https:\/\/uk.ambagn.staging.e-kaidi.net\/index.php?rest_route=\/wp\/v2\/types\/post"}],"author":[{"embeddable":true,"href":"https:\/\/uk.ambagn.staging.e-kaidi.net\/index.php?rest_route=\/wp\/v2\/users\/1"}],"replies":[{"embeddable":true,"href":"https:\/\/uk.ambagn.staging.e-kaidi.net\/index.php?rest_route=%2Fwp%2Fv2%2Fcomments&post=65187"}],"version-history":[{"count":0,"href":"https:\/\/uk.ambagn.staging.e-kaidi.net\/index.php?rest_route=\/wp\/v2\/posts\/65187\/revisions"}],"wp:attachment":[{"href":"https:\/\/uk.ambagn.staging.e-kaidi.net\/index.php?rest_route=%2Fwp%2Fv2%2Fmedia&parent=65187"}],"wp:term":[{"taxonomy":"category","embeddable":true,"href":"https:\/\/uk.ambagn.staging.e-kaidi.net\/index.php?rest_route=%2Fwp%2Fv2%2Fcategories&post=65187"},{"taxonomy":"post_tag","embeddable":true,"href":"https:\/\/uk.ambagn.staging.e-kaidi.net\/index.php?rest_route=%2Fwp%2Fv2%2Ftags&post=65187"}],"curies":[{"name":"wp","href":"https:\/\/api.w.org\/{rel}","templated":true}]}}