{"id":62601,"date":"2024-02-19T18:00:17","date_gmt":"2024-02-19T17:00:17","guid":{"rendered":"https:\/\/uk.ambagn.staging.e-kaidi.net\/?p=62601"},"modified":"2024-02-19T18:00:17","modified_gmt":"2024-02-19T17:00:17","slug":"le-ministre-charles-wright-letat-nest-pas-ladversaire-de-la-presse","status":"publish","type":"post","link":"https:\/\/uk.ambagn.staging.e-kaidi.net\/?p=62601","title":{"rendered":"Le ministre Charles Wright:\u00a0\u00bbL\u2019\u00c9tat n\u2019est pas l\u2019adversaire de la presse\u00a0\u00bb"},"content":{"rendered":"<div>\n<div style=\"margin-bottom:20px;\"><img width=\"1920\" height=\"864\"src=\"https:\/\/i0.wp.com\/mediaguinee.com\/wp-content\/uploads\/2024\/02\/20240219_112836.jpg?w=1920&amp;ssl=1\" class=\"attachment-post-thumbnail size-post-thumbnail wp-post-image\" alt=\"\" decoding=\"async\" srcset=\"https:\/\/i0.wp.com\/mediaguinee.com\/wp-content\/uploads\/2024\/02\/20240219_112836.jpg?w=1920&amp;ssl=1 1920w, https:\/\/i0.wp.com\/mediaguinee.com\/wp-content\/uploads\/2024\/02\/20240219_112836.jpg?resize=300%2C135&amp;ssl=1 300w, https:\/\/i0.wp.com\/mediaguinee.com\/wp-content\/uploads\/2024\/02\/20240219_112836.jpg?resize=1024%2C461&amp;ssl=1 1024w, https:\/\/i0.wp.com\/mediaguinee.com\/wp-content\/uploads\/2024\/02\/20240219_112836.jpg?resize=768%2C346&amp;ssl=1 768w, https:\/\/i0.wp.com\/mediaguinee.com\/wp-content\/uploads\/2024\/02\/20240219_112836.jpg?resize=1536%2C691&amp;ssl=1 1536w\" sizes=\"(max-width: 1920px) 100vw, 1920px\" data-attachment-id=\"251754\" data-permalink=\"https:\/\/mediaguinee.com\/le-ministre-charles-wrightletat-nest-pas-ladversaire-de-la-presse\/20240219_112836\/\" data-orig-file=\"https:\/\/i0.wp.com\/mediaguinee.com\/wp-content\/uploads\/2024\/02\/20240219_112836.jpg?fit=1920%2C864&amp;ssl=1\" data-orig-size=\"1920,864\" data-comments-opened=\"1\" data-image-meta='{\"aperture\":\"2.2\",\"credit\":\"\",\"camera\":\"SM-A235F\",\"caption\":\"\",\"created_timestamp\":\"1708342116\",\"copyright\":\"\",\"focal_length\":\"1.3\",\"iso\":\"200\",\"shutter_speed\":\"0.03030303030303\",\"title\":\"\",\"orientation\":\"1\"}' data-image-title=\"20240219_112836\" data-image-description=\"\" data-image-caption=\"\" data-medium-file=\"https:\/\/i0.wp.com\/mediaguinee.com\/wp-content\/uploads\/2024\/02\/20240219_112836.jpg?fit=300%2C135&amp;ssl=1\" data-large-file=\"https:\/\/i0.wp.com\/mediaguinee.com\/wp-content\/uploads\/2024\/02\/20240219_112836.jpg?fit=1024%2C461&amp;ssl=1\"><\/div>\n<div id=\"m#msg-f:1791343662156070806\" class=\"mail-message expanded\">\n<div class=\"mail-message-content collapsible zoom-normal mail-show-images \">\n<div class=\"clear\">\n<div dir=\"auto\">\n<div dir=\"auto\">Le minist\u00e8re de la Justice et des Droits de l\u2019Homme a re\u00e7u en audience ce lundi 19 f\u00e9vrier 2024, les associations et les patrons de presse. Deux heures environ, des dol\u00e9ances sur des questions qui assaillent la presse, notamment l\u2019incarc\u00e9ration du Secr\u00e9taire G\u00e9n\u00e9ral du SPPG, la convocation de Boubacar Sanso Barry patron du site LeDjely, le brouillage des ondes de certains m\u00e9dias, la restriction de l\u2019internet en Guin\u00e9e ont \u00e9t\u00e9 discut\u00e9s avec le ministre d\u2019Etat Alphonse Charles Wright.<\/div>\n<div dir=\"auto\">Devant les responsables de m\u00e9dias,\u00a0 Alphonse Charles Wright a d\u00e9clar\u00e9 ceci: \u00ab\u00a0L\u2019\u00c9tat n\u2019est pas l\u2019adversaire de la presse, toutes les mesures que l\u2019\u00c9tat a eu \u00e0 prendre, comme j\u2019ai eu \u00e0\u00a0 le dire n\u2019ont jamais eu pour finalit\u00e9 de saper la libert\u00e9 de la presse en R\u00e9publique Guin\u00e9e. Mais il est du devoir imp\u00e9rieux de l\u2019\u00c9tat dans toutes les d\u00e9mocraties du monde de veiller \u00e0 ce que ce droit s\u2019exerce dans les limites de la loi (\u2026). Aujourd\u2019hui il faut aller dans les causes que de parler des cons\u00e9quences, c\u2019est ce que nous allons examiner avec l\u2019ensemble de la presse \u00e0 partir du vendredi pour que nous nous parlions sans langue de bois parce que notre d\u00e9nominateur commun c\u2019est la Guin\u00e9e\u00a0\u00bb<\/div>\n<div dir=\"auto\">\u00c0 en coire le ministre de la Justice et des Droits de l\u2019homme, beaucoup de dol\u00e9ances ont \u00e9t\u00e9 pos\u00e9es par rapport aux cas de S\u00e9kou Jamal Pendessa Secr\u00e9taire G\u00e9n\u00e9ral du SPPG et de Boubacar Sanso Barry patron du site LeDjely. Par rapport \u00e0 Sanso il dira ceci: \u00ab\u00a0Nous leur avons dit que la justice est une institution ind\u00e9pendante, elle suivra le rythme de la proc\u00e9dure avec tous le respect de la personne qui est interpell\u00e9e dans le cadre de la loi. Encore une fois de plus, qu\u2019on ne fasse pas la confusion entre un journaliste interpell\u00e9 dans le cadre de la loi et un journaliste interpell\u00e9 en raison de l\u2019exercice de son m\u00e9tier. Je crois qu\u2019ils ont compris tout ce qui s\u2019est pass\u00e9, nous allons nous retrouver en discutant et en \u00e9changeant, c\u2019est notre pays qui sortira victorieux\u00a0\u00bb<\/div>\n<div dir=\"auto\">Pour finir, dit-il, \u00ab\u00a0tout passe dans la vie demain ou apr\u00e8s demain il y aura un autre gouvernement, il y aura un autre pr\u00e9sident mais si c\u2019est les m\u00eames d\u00e9marches qui vont continuer, on va se retrouver toujours face \u00e0 ces m\u00eames sc\u00e9narios parce qu\u2019aucun \u00c9tat faible, quel qu\u2019il soit ne peut accepter que son autorit\u00e9 soit sap\u00e9e au point d\u2019aller atteindre \u00e0 la s\u00e9curit\u00e9 et \u00e0 la paix publique sans prendre des mesures\u00a0\u00bb<\/div>\n<div dir=\"auto\">Dans leur communication,\u00a0 les responsables des m\u00e9dias ont exprim\u00e9 leurs inqui\u00e9tudes sur divers points dont entre autres : les emplois qui sont menac\u00e9s et que la situation n\u2019\u00e9tait pas trop reluisante pour la presse.<\/div>\n<div dir=\"auto\">L\u2019information importantissime de cette rencontre concerne le Secr\u00e9taire G\u00e9n\u00e9ral du SPPG, S\u00e9kou Jamal Pendessa, qui, certainement, sera devant le tribunal correctionnel de Dixinn, demain mardi 20 f\u00e9vrier 2024, a fait savoir Amadou Tham Camara, pr\u00e9sident de l\u2019AGUIPEL.<\/div>\n<div dir=\"auto\"><\/div>\n<div dir=\"auto\"><b>Mamadou Yaya Barry\u00a0<\/b><\/div>\n<div dir=\"auto\"><\/div>\n<\/div>\n<\/div>\n<\/div>\n<div class=\"mail-message-footer spacer collapsible\"><\/div>\n<\/div>\n<p>L\u2019article <a href=\"https:\/\/mediaguinee.com\/le-ministre-charles-wrightletat-nest-pas-ladversaire-de-la-presse\/\">Le ministre Charles Wright:\u00a0\u00bbL\u2019\u00c9tat n\u2019est pas l\u2019adversaire de la presse\u00a0\u00bb<\/a> est apparu en premier sur <a href=\"https:\/\/mediaguinee.com\/\">Mediaguinee.com<\/a>.<\/p>\n<\/div>\n","protected":false},"excerpt":{"rendered":"<p>Le minist\u00e8re de la Justice et des Droits de l\u2019Homme a re\u00e7u en audience ce lundi 19 f\u00e9vrier 2024, les associations et les patrons de presse. Deux heures environ, des dol\u00e9ances sur des questions qui assaillent la presse, notamment l\u2019incarc\u00e9ration du Secr\u00e9taire G\u00e9n\u00e9ral du SPPG, la convocation de Boubacar Sanso Barry patron du site LeDjely, &hellip;<\/p>\n","protected":false},"author":1,"featured_media":0,"comment_status":"closed","ping_status":"closed","sticky":false,"template":"","format":"standard","meta":[],"categories":[2],"tags":[23],"_links":{"self":[{"href":"https:\/\/uk.ambagn.staging.e-kaidi.net\/index.php?rest_route=\/wp\/v2\/posts\/62601"}],"collection":[{"href":"https:\/\/uk.ambagn.staging.e-kaidi.net\/index.php?rest_route=\/wp\/v2\/posts"}],"about":[{"href":"https:\/\/uk.ambagn.staging.e-kaidi.net\/index.php?rest_route=\/wp\/v2\/types\/post"}],"author":[{"embeddable":true,"href":"https:\/\/uk.ambagn.staging.e-kaidi.net\/index.php?rest_route=\/wp\/v2\/users\/1"}],"replies":[{"embeddable":true,"href":"https:\/\/uk.ambagn.staging.e-kaidi.net\/index.php?rest_route=%2Fwp%2Fv2%2Fcomments&post=62601"}],"version-history":[{"count":0,"href":"https:\/\/uk.ambagn.staging.e-kaidi.net\/index.php?rest_route=\/wp\/v2\/posts\/62601\/revisions"}],"wp:attachment":[{"href":"https:\/\/uk.ambagn.staging.e-kaidi.net\/index.php?rest_route=%2Fwp%2Fv2%2Fmedia&parent=62601"}],"wp:term":[{"taxonomy":"category","embeddable":true,"href":"https:\/\/uk.ambagn.staging.e-kaidi.net\/index.php?rest_route=%2Fwp%2Fv2%2Fcategories&post=62601"},{"taxonomy":"post_tag","embeddable":true,"href":"https:\/\/uk.ambagn.staging.e-kaidi.net\/index.php?rest_route=%2Fwp%2Fv2%2Ftags&post=62601"}],"curies":[{"name":"wp","href":"https:\/\/api.w.org\/{rel}","templated":true}]}}