{"id":62418,"date":"2024-02-16T04:25:05","date_gmt":"2024-02-16T03:25:05","guid":{"rendered":"https:\/\/uk.ambagn.staging.e-kaidi.net\/?p=62418"},"modified":"2024-02-16T04:25:05","modified_gmt":"2024-02-16T03:25:05","slug":"crise-au-senegal-le-conseil-constitutionnel-annule-le-report-de-lelection-presidentielle","status":"publish","type":"post","link":"https:\/\/uk.ambagn.staging.e-kaidi.net\/?p=62418","title":{"rendered":"Crise au S\u00e9n\u00e9gal : le Conseil constitutionnel annule le report de l\u2019\u00e9lection pr\u00e9sidentielle"},"content":{"rendered":"<div>\n<div style=\"margin-bottom:20px;\"><img width=\"704\" height=\"396\"src=\"https:\/\/i0.wp.com\/mediaguinee.com\/wp-content\/uploads\/2024\/02\/IMG_4460.jpeg?w=704&amp;ssl=1\" class=\"attachment-post-thumbnail size-post-thumbnail wp-post-image\" alt=\"\" decoding=\"async\" srcset=\"https:\/\/i0.wp.com\/mediaguinee.com\/wp-content\/uploads\/2024\/02\/IMG_4460.jpeg?w=704&amp;ssl=1 704w, https:\/\/i0.wp.com\/mediaguinee.com\/wp-content\/uploads\/2024\/02\/IMG_4460.jpeg?resize=300%2C169&amp;ssl=1 300w\" sizes=\"(max-width: 704px) 100vw, 704px\" data-attachment-id=\"251524\" data-permalink=\"https:\/\/mediaguinee.com\/crise-au-senegal-le-conseil-constitutionnel-annule-le-report-de-lelection-presidentielle\/file-photo-senegal-president-macky-sall\/\" data-orig-file=\"https:\/\/i0.wp.com\/mediaguinee.com\/wp-content\/uploads\/2024\/02\/IMG_4460.jpeg?fit=704%2C396&amp;ssl=1\" data-orig-size=\"704,396\" data-comments-opened=\"1\" data-image-meta='{\"aperture\":\"0\",\"credit\":\"REUTERS\",\"camera\":\"\",\"caption\":\"FILE PHOTO: President of Senegal Macky Sall delivers a national statement at the World Climate Action Summit during the United Nations Climate Change Conference (COP28) in Dubai, United Arab Emirates, December 1, 2023. REUTERS\/Amr Alfiky\/File Photo\",\"created_timestamp\":\"1701436879\",\"copyright\":\"\",\"focal_length\":\"0\",\"iso\":\"0\",\"shutter_speed\":\"0\",\"title\":\"FILE PHOTO: Senegal President Macky Sall\",\"orientation\":\"0\"}' data-image-title=\"FILE PHOTO: Senegal President Macky Sall\" data-image-description=\"\" data-image-caption=\"&lt;p&gt;FILE PHOTO: President of Senegal Macky Sall delivers a national statement at the World Climate Action Summit during the United Nations Climate Change Conference (COP28) in Dubai, United Arab Emirates, December 1, 2023. REUTERS\/Amr Alfiky\/File Photo&lt;\/p&gt;\n\" data-medium-file=\"https:\/\/i0.wp.com\/mediaguinee.com\/wp-content\/uploads\/2024\/02\/IMG_4460.jpeg?fit=300%2C169&amp;ssl=1\" data-large-file=\"https:\/\/i0.wp.com\/mediaguinee.com\/wp-content\/uploads\/2024\/02\/IMG_4460.jpeg?fit=704%2C396&amp;ssl=1\"><\/div>\n<p class=\"fig-paragraph\">Le Parlement s\u00e9n\u00e9galais avait vot\u00e9 le report de l\u2019\u00e9lection pr\u00e9sidentielle, qui devait se tenir le 25 f\u00e9vrier prochain, au mois de d\u00e9cembre 2024.<br \/>\nLa Cour constitutionnelle <a href=\"http:\/\/www.lefigaro.fr\/international\/crise-au-senegal-macky-sall-reunit-ses-ministres-sur-fond-de-rumeurs-d-amnistie-20240214\" data-fig-type=\"NewsFlash\" data-gtm-custom-categorie=\"navigation\" data-gtm-custom-action=\"crossclick\" data-gtm-custom-label=\"Contextuel\" data-gtm-event=\"customEventSPE\" data-fig-domain=\"LEFIGARO\">s\u00e9n\u00e9galaise<\/a> a invalid\u00e9 jeudi le report de la pr\u00e9sidentielle du 25 f\u00e9vrier au 15 d\u00e9cembre, \u00e0 l\u2019origine de l\u2019une des plus graves crises travers\u00e9es par le pays depuis des d\u00e9cennies, ont indiqu\u00e9 l\u2019Agence de presse nationale APS et plusieurs sources anonymes dans l\u2019appareil d\u2019\u00c9tat.<\/p>\n<h2 id=\"subhead-c2604d0b-01c0-4c7e-a6a4-f4b09fb603d4\" class=\"fig-body-heading\">Lev\u00e9e de boucliers<\/h2>\n<p class=\"fig-paragraph\">La Cour a d\u00e9clar\u00e9 contraire \u00e0 la Constitution la loi adopt\u00e9e le 5 f\u00e9vrier par l\u2019Assembl\u00e9e nationale, repoussant l\u2019\u00e9lection de dix mois et maintenant le pr\u00e9sident <a href=\"https:\/\/www.lefigaro.fr\/international\/senegal-les-defections-se-multiplient-autour-du-president-macky-sall-20240207\" target=\"_blank\" rel=\"noopener\" data-fig-type=\"Article\" data-gtm-custom-categorie=\"navigation\" data-gtm-custom-action=\"crossclick\" data-gtm-custom-label=\"Contextuel\" data-gtm-event=\"customEventSPE\" data-fig-domain=\"LEFIGARO\">Macky Sall\u00a0<\/a>\u00e0 son poste jusqu\u2019\u00e0 la prise de fonctions de son successeur, selon un document publi\u00e9 sur les r\u00e9seaux sociaux et authentifi\u00e9 par une source au sein de l\u2019institution.<\/p>\n<p class=\"fig-paragraph\">La Cour constitutionnelle a par ailleurs annul\u00e9 le d\u00e9cret du pr\u00e9sident Sall qui, de facto, modifiait le calendrier \u00e9lectoral, trois semaines seulement avant l\u2019\u00e9ch\u00e9ance. Cet ajournement a provoqu\u00e9 une lev\u00e9e de boucliers de la part de l\u2019opposition et de la soci\u00e9t\u00e9 civile qui ont cri\u00e9 au <em>\u00abcoup d\u2019\u00c9tat constitutionnel\u00bb<\/em>. Il a suscit\u00e9 des manifestations \u00e0 la suite desquelles trois personnes ont \u00e9t\u00e9 tu\u00e9es et des dizaines arr\u00eat\u00e9es. Des partenaires importants du S\u00e9n\u00e9gal, inquiets du risque de violence, ont appel\u00e9 le gouvernement \u00e0 tenir l\u2019\u00e9lection le plus rapidement possible.<\/p>\n<p><strong>AFP<\/strong><\/p>\n<p>L\u2019article <a href=\"https:\/\/mediaguinee.com\/crise-au-senegal-le-conseil-constitutionnel-annule-le-report-de-lelection-presidentielle\/\">Crise au S\u00e9n\u00e9gal : le Conseil constitutionnel annule le report de l\u2019\u00e9lection pr\u00e9sidentielle<\/a> est apparu en premier sur <a href=\"https:\/\/mediaguinee.com\/\">Mediaguinee.com<\/a>.<\/p>\n<\/div>\n","protected":false},"excerpt":{"rendered":"<p>Le Parlement s\u00e9n\u00e9galais avait vot\u00e9 le report de l\u2019\u00e9lection pr\u00e9sidentielle, qui devait se tenir le 25 f\u00e9vrier prochain, au mois de d\u00e9cembre 2024. La Cour constitutionnelle s\u00e9n\u00e9galaise a invalid\u00e9 jeudi le report de la pr\u00e9sidentielle du 25 f\u00e9vrier au 15 d\u00e9cembre, \u00e0 l\u2019origine de l\u2019une des plus graves crises travers\u00e9es par le pays depuis des &hellip;<\/p>\n","protected":false},"author":1,"featured_media":0,"comment_status":"closed","ping_status":"closed","sticky":false,"template":"","format":"standard","meta":[],"categories":[2],"tags":[23],"_links":{"self":[{"href":"https:\/\/uk.ambagn.staging.e-kaidi.net\/index.php?rest_route=\/wp\/v2\/posts\/62418"}],"collection":[{"href":"https:\/\/uk.ambagn.staging.e-kaidi.net\/index.php?rest_route=\/wp\/v2\/posts"}],"about":[{"href":"https:\/\/uk.ambagn.staging.e-kaidi.net\/index.php?rest_route=\/wp\/v2\/types\/post"}],"author":[{"embeddable":true,"href":"https:\/\/uk.ambagn.staging.e-kaidi.net\/index.php?rest_route=\/wp\/v2\/users\/1"}],"replies":[{"embeddable":true,"href":"https:\/\/uk.ambagn.staging.e-kaidi.net\/index.php?rest_route=%2Fwp%2Fv2%2Fcomments&post=62418"}],"version-history":[{"count":0,"href":"https:\/\/uk.ambagn.staging.e-kaidi.net\/index.php?rest_route=\/wp\/v2\/posts\/62418\/revisions"}],"wp:attachment":[{"href":"https:\/\/uk.ambagn.staging.e-kaidi.net\/index.php?rest_route=%2Fwp%2Fv2%2Fmedia&parent=62418"}],"wp:term":[{"taxonomy":"category","embeddable":true,"href":"https:\/\/uk.ambagn.staging.e-kaidi.net\/index.php?rest_route=%2Fwp%2Fv2%2Fcategories&post=62418"},{"taxonomy":"post_tag","embeddable":true,"href":"https:\/\/uk.ambagn.staging.e-kaidi.net\/index.php?rest_route=%2Fwp%2Fv2%2Ftags&post=62418"}],"curies":[{"name":"wp","href":"https:\/\/api.w.org\/{rel}","templated":true}]}}