{"id":61449,"date":"2023-08-11T23:03:15","date_gmt":"2023-08-11T21:03:15","guid":{"rendered":"https:\/\/uk.ambagn.staging.e-kaidi.net\/?p=61449"},"modified":"2023-08-11T23:03:15","modified_gmt":"2023-08-11T21:03:15","slug":"biogaran-participe-a-une-vaste-operation-de-depistage-des-populations-de-plus-de-60-ans-en-guinee","status":"publish","type":"post","link":"https:\/\/uk.ambagn.staging.e-kaidi.net\/?p=61449","title":{"rendered":"Biogaran participe \u00e0 une vaste op\u00e9ration de d\u00e9pistage des populations de plus de 60 ans en Guin\u00e9e"},"content":{"rendered":"<div>\n<div style=\"margin-bottom:20px;\"><img width=\"1024\" height=\"768\"src=\"https:\/\/i0.wp.com\/mediaguinee.com\/wp-content\/uploads\/2023\/08\/IMG_3910.jpeg?w=1024&amp;ssl=1\" class=\"attachment-post-thumbnail size-post-thumbnail wp-post-image\" alt=\"\" decoding=\"async\" srcset=\"https:\/\/i0.wp.com\/mediaguinee.com\/wp-content\/uploads\/2023\/08\/IMG_3910.jpeg?w=1024&amp;ssl=1 1024w, https:\/\/i0.wp.com\/mediaguinee.com\/wp-content\/uploads\/2023\/08\/IMG_3910.jpeg?resize=300%2C225&amp;ssl=1 300w, https:\/\/i0.wp.com\/mediaguinee.com\/wp-content\/uploads\/2023\/08\/IMG_3910.jpeg?resize=768%2C576&amp;ssl=1 768w, https:\/\/i0.wp.com\/mediaguinee.com\/wp-content\/uploads\/2023\/08\/IMG_3910.jpeg?resize=86%2C64&amp;ssl=1 86w\" sizes=\"(max-width: 1024px) 100vw, 1024px\" data-attachment-id=\"236646\" data-permalink=\"https:\/\/mediaguinee.com\/biogaran-participe-a-une-vaste-operation-de-depistage-des-populations-de-plus-de-60-ans-en-guinee\/img_3910\/\" data-orig-file=\"https:\/\/i0.wp.com\/mediaguinee.com\/wp-content\/uploads\/2023\/08\/IMG_3910.jpeg?fit=1024%2C768&amp;ssl=1\" data-orig-size=\"1024,768\" data-comments-opened=\"1\" data-image-meta='{\"aperture\":\"0\",\"credit\":\"\",\"camera\":\"\",\"caption\":\"\",\"created_timestamp\":\"0\",\"copyright\":\"\",\"focal_length\":\"0\",\"iso\":\"0\",\"shutter_speed\":\"0\",\"title\":\"\",\"orientation\":\"0\"}' data-image-title=\"IMG_3910\" data-image-description=\"\" data-image-caption=\"\" data-medium-file=\"https:\/\/i0.wp.com\/mediaguinee.com\/wp-content\/uploads\/2023\/08\/IMG_3910.jpeg?fit=300%2C225&amp;ssl=1\" data-large-file=\"https:\/\/i0.wp.com\/mediaguinee.com\/wp-content\/uploads\/2023\/08\/IMG_3910.jpeg?fit=1024%2C768&amp;ssl=1\"><\/div>\n<div class=\"s3\"><span class=\"s7\">Conakry, le <\/span><span class=\"s7\">26 juillet<\/span><span class=\"s7\">2023 <\/span><span class=\"s7\">\u2013<\/span> <span class=\"s7\">Biogaran, le laboratoire pharmaceutique leader des m\u00e9dicaments g\u00e9n\u00e9riques en France, a <\/span><span class=\"s7\">marqu\u00e9 son engagement en faveur <\/span><span class=\"s7\">de la prise en charge <\/span><span class=\"s7\">des patients de Guin\u00e9e <\/span><span class=\"s7\">en participant activement \u00e0 l<\/span><span class=\"s7\">\u2019op\u00e9ration de l<\/span><span class=\"s7\">a <\/span><span class=\"s7\">Caravane Sant\u00e9 3\u00e8me \u00c2ge<\/span><span class=\"s7\">.<\/span> <span class=\"s7\">Cette initiative<\/span><span class=\"s7\"> de la Fondation Orange Guin\u00e9e en collaboration <\/span><span class=\"s7\">avec Sant\u00e9 en Entreprise<\/span><span class=\"s7\">, a permis d\u2019effectuer une vaste <\/span><span class=\"s7\">action<\/span><span class=\"s7\"> de <\/span><span class=\"s7\">sensibilisation <\/span><span class=\"s7\">et de <\/span><span class=\"s7\">d\u00e9pistage <\/span><span class=\"s7\">des populations de plus de 60 ans <\/span><span class=\"s7\">sur les<\/span><span class=\"s7\"> pathologies cardio-m\u00e9taboliques<\/span><span class=\"s7\">, <\/span><span class=\"s7\">notamment <\/span><span class=\"s7\">dans le cadre <\/span><span class=\"s7\">de la lutte<\/span><span class=\"s7\">\u00a0contre le diab\u00e8te et l\u2019hypertension<\/span> <span class=\"s7\">art\u00e9rielle<\/span><span class=\"s7\">.<\/span><\/div>\n<div><img decoding=\"async\" data-attachment-id=\"236656\" data-permalink=\"https:\/\/mediaguinee.com\/biogaran-participe-a-une-vaste-operation-de-depistage-des-populations-de-plus-de-60-ans-en-guinee\/img_3911\/\" data-orig-file=\"https:\/\/i0.wp.com\/mediaguinee.com\/wp-content\/uploads\/2023\/08\/IMG_3911.jpeg?fit=846%2C634&amp;ssl=1\" data-orig-size=\"846,634\" data-comments-opened=\"1\" data-image-meta='{\"aperture\":\"0\",\"credit\":\"\",\"camera\":\"\",\"caption\":\"\",\"created_timestamp\":\"0\",\"copyright\":\"\",\"focal_length\":\"0\",\"iso\":\"0\",\"shutter_speed\":\"0\",\"title\":\"\",\"orientation\":\"0\"}' data-image-title=\"IMG_3911\" data-image-description=\"\" data-image-caption=\"\" data-medium-file=\"https:\/\/i0.wp.com\/mediaguinee.com\/wp-content\/uploads\/2023\/08\/IMG_3911.jpeg?fit=300%2C225&amp;ssl=1\" data-large-file=\"https:\/\/i0.wp.com\/mediaguinee.com\/wp-content\/uploads\/2023\/08\/IMG_3911.jpeg?fit=846%2C634&amp;ssl=1\" class=\"alignnone size-full wp-image-236656\"src=\"https:\/\/i0.wp.com\/mediaguinee.com\/wp-content\/uploads\/2023\/08\/IMG_3911.jpeg?w=846&amp;ssl=1\" alt=\"\" width=\"846\" height=\"634\" srcset=\"https:\/\/i0.wp.com\/mediaguinee.com\/wp-content\/uploads\/2023\/08\/IMG_3911.jpeg?w=846&amp;ssl=1 846w, https:\/\/i0.wp.com\/mediaguinee.com\/wp-content\/uploads\/2023\/08\/IMG_3911.jpeg?resize=300%2C225&amp;ssl=1 300w, https:\/\/i0.wp.com\/mediaguinee.com\/wp-content\/uploads\/2023\/08\/IMG_3911.jpeg?resize=768%2C576&amp;ssl=1 768w, https:\/\/i0.wp.com\/mediaguinee.com\/wp-content\/uploads\/2023\/08\/IMG_3911.jpeg?resize=86%2C64&amp;ssl=1 86w\" sizes=\"(max-width: 846px) 100vw, 846px\" data-recalc-dims=\"1\"><\/div>\n<p class=\"s8\"><span class=\"s2\">Cette op\u00e9ration d\u2019envergure<\/span> <span class=\"s2\">\u2013<\/span> <span class=\"s2\">men\u00e9e <\/span><span class=\"s9\">du 2 mai au 22 juin 2023 dans 8 r\u00e9gions<\/span><span class=\"s9\"> de Guin\u00e9e<\/span> <span class=\"s2\">\u2013 <\/span><span class=\"s2\">visait \u00e0<\/span><span class=\"s2\"> accueillir 13 000 patients, majoritairement \u00e2g\u00e9s de plus de 60 ans, <\/span><span class=\"s2\">afin de les sensibiliser aux risques que font peser les pathologies cardio-m\u00e9taboliques<\/span><span class=\"s2\"> sur leur sant\u00e9. \u00c0 cet \u00e9gard,<\/span> <span class=\"s2\">des<\/span><span class=\"s2\"> d\u00e9pistages en vue d\u2019un<\/span><span class=\"s2\"> suivi et d\u2019une prise en charge m\u00e9dicale<\/span><span class=\"s2\"> ont \u00e9galement \u00e9t\u00e9 r\u00e9alis\u00e9s<\/span><span class=\"s2\">.<\/span> <span class=\"s2\">Les r\u00e9sultats <\/span><span class=\"s2\">obtenus \u00e0 l\u2019issue de <\/span><span class=\"s2\">ces <\/span><span class=\"s2\">deux mois<\/span><span class=\"s2\"> traduisent<\/span><span class=\"s2\">un <\/span><span class=\"s2\">succ\u00e8s<\/span><span class=\"s2\"> majeur<\/span><span class=\"s2\"> en termes de<\/span><span class=\"s2\"> nombre de patients sensibilis\u00e9s<\/span><span class=\"s2\">, avec un total de 13 054 personnes accueillies <\/span><span class=\"s2\">pour<\/span><span class=\"s2\"> 12 709 <\/span><span class=\"s2\">patients <\/span><span class=\"s2\">d\u00e9pist\u00e9s<\/span><span class=\"s2\">.<\/span><\/p>\n<p class=\"s8\"><span class=\"s2\">A noter que cette op\u00e9ration s\u2019inscrit dans la continuit\u00e9 de l\u2019\u00e9dition de 2022, men\u00e9e sur un \u00e9chantillon plus r\u00e9duit et dans seulement 4 r\u00e9gions. L\u2019\u00e9dition pr\u00e9c\u00e9dente avait d\u00e9j\u00e0 permis d\u2019accueillir <\/span><span class=\"s2\">2\u00a0163 patients<\/span><span class=\"s2\">, parmi lesquels 2\u00a0009 ont \u00e9t\u00e9 d\u00e9pist\u00e9s et 1\u00a0775 ont \u00e9t\u00e9 orient\u00e9s vers <\/span><span class=\"s2\">un m\u00e9decin pour <\/span><span class=\"s2\">une prise en charge<\/span><span class=\"s2\"> m\u00e9dicale<\/span><span class=\"s2\">. Les r\u00e9sultats de la Caravane Sant\u00e9 3\u00e8<\/span><span class=\"s2\">m<\/span><span class=\"s2\">e \u00c2ge <\/span><span class=\"s2\">2023 <\/span><span class=\"s2\">sont donc en forte croissance et permettent une prise en charge de <\/span><span class=\"s2\">plus<\/span><span class=\"s2\"> du double de patients.<\/span><\/p>\n<p class=\"s8\"><span class=\"s2\">Cette initiative a \u00e9t\u00e9 <\/span><span class=\"s2\">permise par<\/span> <span class=\"s2\">l\u2019<\/span><span class=\"s2\">action coordonn\u00e9e de la Fondation Orange Guin\u00e9e et de Sant\u00e9 en Entreprise. Compl\u00e9mentaires, ces deux entit\u00e9s ont agi sur plusieurs leviers pour obtenir les approbations, organiser et assurer un suivi rigoureux des patients d\u00e9pist\u00e9s. <\/span><span class=\"s2\">Quant \u00e0 <\/span><span class=\"s2\">Biogaran<\/span><span class=\"s2\">, le laboratoire<\/span><span class=\"s2\"> a particip\u00e9 \u00e0 la formation de plus <\/span><span class=\"s2\">de 250 professionnels de sant\u00e9 \u2013 m\u00e9decins g\u00e9n\u00e9ralistes, diab\u00e9tologues, cardiologues, infirmiers, conseillers, pharmaciens et animateurs de pr\u00e9vention <\/span><span class=\"s2\">\u2013<\/span><span class=\"s2\">et <\/span><span class=\"s2\">fait don de<\/span><span class=\"s2\"> plus de <\/span><span class=\"s2\">10<\/span><span class=\"s2\">\u00a0000 bo\u00eetes de m\u00e9dicaments permettant une prise en charge m\u00e9dicale des patients d\u00e9pist\u00e9s.<\/span><\/p>\n<p class=\"s8\"><span class=\"s7\">Amina Abou Khalil, Administratrice G\u00e9n\u00e9rale de la Fondation Orange Guin\u00e9e, pr\u00e9cise \u00e0 ce sujet :<\/span><span class=\"s2\">\u00ab\u00a0<\/span><span class=\"s10\">C\u2019est avec honneur que nous avons constat\u00e9 la mobilisation effective de toutes les parties prenantes dans la mise en \u0153uvre de la 2\u00e8me \u00e9dition de la Caravane Sant\u00e9 3\u00e8me \u00c2ge de la Fondation Orange Guin\u00e9e. Aux c\u00f4t\u00e9s du <\/span><span class=\"s10\">Minist\u00e8re<\/span><span class=\"s10\"> de la Sant\u00e9 et de l\u2019Hygi\u00e8ne Publique via le PNLMNT, de nos partenaires<\/span><span class=\"s10\">, <\/span><span class=\"s10\">Biogaran, Kouma <\/span><span class=\"s10\">Academy<\/span><span class=\"s10\">, <\/span><span class=\"s10\">Sodipharm<\/span><span class=\"s10\">, <\/span><span class=\"s10\">et <\/span><span class=\"s10\">avec l\u2019expertise de Sant\u00e9 en Entreprise,<\/span> <span class=\"s10\">nous avons pu t\u00e9moigner de la n\u00e9cessit\u00e9 de joindre nos efforts pour contribuer \u00e0 l\u2019am\u00e9lioration de la sant\u00e9 des Guin\u00e9ens. In\u00e9dit dans l\u2019\u00e9cosyst\u00e8me sanitaire guin\u00e9en, ce projet<\/span><span class=\"s10\">,<\/span><span class=\"s10\">fruit d\u2019un partenariat public-priv\u00e9, nous invite \u00e0 faire preuve de p\u00e9dagogie aupr\u00e8s des parties concern\u00e9es, sensibiliser sur l\u2019importance de la mise en place d\u2019une politique pr\u00e9ventive, subventionner les traitements et agir pour freiner ces maladies non transmissibles.<\/span><span class=\"s2\">\u00a0\u00bb<\/span><\/p>\n<p class=\"s8\"><span class=\"s2\">Cette op\u00e9ration intervient dans un contexte sanitaire alarmant : en 2021, le diab\u00e8te a touch\u00e9 24 millions de personnes en Afrique et tu\u00e9 plus de 415 000 patients sur le <\/span><span class=\"s2\">continent<\/span><span class=\"s2\">.<\/span><span class=\"s2\"> Ce chiffre devrait atteindre 55 millions en 2045, soit une augmentation de 129% par rapport \u00e0 2021, la croissance la plus forte du monde selon l\u2019Organisation Mondiale de la Sant\u00e9 et la F\u00e9d\u00e9ration Internationale <\/span><span class=\"s2\">du Diab\u00e8te<\/span><span class=\"s2\">.<\/span><\/p>\n<p class=\"s8\"><span class=\"s2\">Des<\/span> <span class=\"s2\">indicateurs<\/span> <span class=\"s2\">qui <\/span><span class=\"s2\">r\u00e9v\u00e8lent la n\u00e9cessit\u00e9 de mener ce type d\u2019initiatives et de d\u00e9pistages afin de prendre en charge le plus de patients possible. Les r\u00e9sultats de cette 2\u00e8me \u00e9dition de la Caravane Sant\u00e9 3\u00e8me \u00c2ge ont d\u2019ailleurs r\u00e9v\u00e9l\u00e9 des chiffres pr\u00e9occupants\u00a0: 69,52% des patients d\u00e9pist\u00e9s avaient une tension art\u00e9rielle \u00e9lev\u00e9e et 13,44% une glyc\u00e9mie \u00e0 jeun sup\u00e9rieure \u00e0 la normale.<\/span><\/p>\n<p class=\"s8\"><span class=\"s7\">Erick Maville, Directeur G\u00e9n\u00e9ral de Sant\u00e9 en Entreprise, tient \u00e0 souligner :<\/span><span class=\"s2\"> \u00ab\u00a0<\/span><span class=\"s10\">Nous tenons \u00e0 remercier la Fondation Orange Guin\u00e9e de son soutien \u00e0 la 2\u00e8me \u00e9dition de ce projet structurant ainsi que Biogaran et tous les partenaires associ\u00e9s. Nos remerciements vont aussi \u00e0 toutes les \u00e9quipes d\u2019intervenants, ainsi qu\u2019aux participants qui ont fait la d\u00e9marche de venir se faire d\u00e9pister, sans oublier les media de proximit\u00e9 qui ont largement diffus\u00e9 l\u2019information. Ces r\u00e9sultats confirment la pertinence de l\u2019approche int\u00e9gr\u00e9e de conseil-d\u00e9pistage du diab\u00e8te et de l\u2019hypertension art\u00e9rielle propos\u00e9e par la Caravane Sant\u00e9 Afrique \u00e0 laquelle adh\u00e8rent pleinement les autorit\u00e9s sanitaires et les populations locales. La dispensation de m\u00e9dicaments et l\u2019offre d\u2019un suivi post <\/span><span class=\"s10\">caravane personnalis\u00e9<\/span><span class=\"s10\"> avec la solution num\u00e9rique Visa Medical constituent des plus qui font de ce projet, \u00e0 notre connaissance, une initiative unique en Afrique de l\u2019Ouest<\/span><span class=\"s2\">.<\/span><span class=\"s2\">\u00a0\u00bb<\/span><\/p>\n<p class=\"s8\"><span class=\"s2\">Cette op\u00e9ration a donc permis la sensibilisation, le d\u00e9pistage et la prise en charge de plus de 10 000 patients guin\u00e9ens <\/span><span class=\"s2\">ainsi que<\/span><span class=\"s2\"> la formation de plus de 250 professionnels de sant\u00e9 gr\u00e2ce \u00e0 la mobilisation de toutes les parties prenantes, publiques et priv\u00e9es. Sur ce volet, Biogaran \u0153uvre d\u00e9j\u00e0 depuis quelques ann\u00e9es au travers de l\u2019Acad\u00e9mie Biogaran, un programme de formation continue gratuit destin\u00e9 aux professionnels de <\/span><span class=\"s2\">sant\u00e9 prenant la forme de webinaires organis\u00e9s tous les 2 mois sur des th\u00e9matiques de sant\u00e9 vari\u00e9es.<\/span><\/p>\n<p class=\"s8\"><span class=\"s7\">Dr. Hassanatou Camara, Superviseur des ventes pour le compte de Biogaran en Guin\u00e9e, conclut \u00e0 ce sujet :<\/span><span class=\"s2\"> \u00ab\u00a0<\/span><span class=\"s10\">Biogaran, aux c\u00f4t\u00e9s de ses partenaires, entend soutenir les patients de Guin\u00e9e et contribuer \u00e0 l\u2019am\u00e9lioration des soins de sant\u00e9 du pays \u2013 notamment en mati\u00e8re cardio-m\u00e9tabolique. Notre participation \u00e0 la Caravane Sant\u00e9 3\u00e8me \u00e2ge t\u00e9moigne de notre engagement concret sur le terrain o\u00f9 nous apportons notre expertise et nos ressources pour sensibiliser, d\u00e9pister de mani\u00e8re pr\u00e9coce et offrir des solutions efficaces et accessibles \u00e0 tous. Nous remercions nos partenaires<\/span> <span class=\"s10\">pour leur confiance et leur appui dans cette initiative. Nous sommes convaincus que l\u2019acc\u00e8s \u00e0 des soins de qualit\u00e9 est un droit universel, c\u2019est pourquoi nous \u0153uvrons, jour apr\u00e8s jour, pour la sant\u00e9 des patients.<\/span><span class=\"s2\">\u00a0\u00bb<\/span><\/p>\n<p class=\"s8\"><strong>\u00c0 propos de Biogaran<\/strong><\/p>\n<p class=\"s8\">Fond\u00e9 en 1996, Biogaran est un laboratoire pharmaceutique leader sur le march\u00e9 des m\u00e9dicaments g\u00e9n\u00e9riques en France, filiale du groupe Servier et dont le si\u00e8ge se trouve \u00e0 Colombes (France). Biogaran met au service des patients et professionnels de sant\u00e9 un savoir-faire acquis \u00e0 travers 25 ans d\u2019activit\u00e9. Les m\u00e9dicaments Biogaran sont produits \u00e0 91% en Europe et \u00e0 51% en France dans le strict respect des standards europ\u00e9ens de fabrication.<\/p>\n<p class=\"s8\"><span class=\"s13\"><span class=\"bumpedFont15\">Plus d\u2019informations : <\/span><\/span><\/p>\n<p><a href=\"http:\/\/www.africa.biogaran.com\/\"><span class=\"s14\"><span class=\"bumpedFont15\">www.africa.biogaran.com<\/span><\/span><\/a><\/p>\n<p class=\"s8\"><span class=\"s14\"><span class=\"bumpedFont15\">https:\/\/caravanes.santeenentreprise.com\/guinee-conakry-caravane-3e-age-2023\/<\/span><\/span><\/p>\n<p>L\u2019article <a rel=\"nofollow\" href=\"https:\/\/mediaguinee.com\/biogaran-participe-a-une-vaste-operation-de-depistage-des-populations-de-plus-de-60-ans-en-guinee\/\">Biogaran participe \u00e0 une vaste op\u00e9ration de d\u00e9pistage des populations de plus de 60 ans en Guin\u00e9e<\/a> est apparu en premier sur <a rel=\"nofollow\" href=\"https:\/\/mediaguinee.com\/\">Mediaguinee.com<\/a>.<\/p>\n<\/div>\n","protected":false},"excerpt":{"rendered":"<p>Conakry, le 26 juillet2023 \u2013 Biogaran, le laboratoire pharmaceutique leader des m\u00e9dicaments g\u00e9n\u00e9riques en France, a marqu\u00e9 son engagement en faveur de la prise en charge des patients de Guin\u00e9e en participant activement \u00e0 l\u2019op\u00e9ration de la Caravane Sant\u00e9 3\u00e8me \u00c2ge. Cette initiative de la Fondation Orange Guin\u00e9e en collaboration avec Sant\u00e9 en Entreprise, a &hellip;<\/p>\n","protected":false},"author":1,"featured_media":0,"comment_status":"closed","ping_status":"closed","sticky":false,"template":"","format":"standard","meta":[],"categories":[2],"tags":[23],"_links":{"self":[{"href":"https:\/\/uk.ambagn.staging.e-kaidi.net\/index.php?rest_route=\/wp\/v2\/posts\/61449"}],"collection":[{"href":"https:\/\/uk.ambagn.staging.e-kaidi.net\/index.php?rest_route=\/wp\/v2\/posts"}],"about":[{"href":"https:\/\/uk.ambagn.staging.e-kaidi.net\/index.php?rest_route=\/wp\/v2\/types\/post"}],"author":[{"embeddable":true,"href":"https:\/\/uk.ambagn.staging.e-kaidi.net\/index.php?rest_route=\/wp\/v2\/users\/1"}],"replies":[{"embeddable":true,"href":"https:\/\/uk.ambagn.staging.e-kaidi.net\/index.php?rest_route=%2Fwp%2Fv2%2Fcomments&post=61449"}],"version-history":[{"count":0,"href":"https:\/\/uk.ambagn.staging.e-kaidi.net\/index.php?rest_route=\/wp\/v2\/posts\/61449\/revisions"}],"wp:attachment":[{"href":"https:\/\/uk.ambagn.staging.e-kaidi.net\/index.php?rest_route=%2Fwp%2Fv2%2Fmedia&parent=61449"}],"wp:term":[{"taxonomy":"category","embeddable":true,"href":"https:\/\/uk.ambagn.staging.e-kaidi.net\/index.php?rest_route=%2Fwp%2Fv2%2Fcategories&post=61449"},{"taxonomy":"post_tag","embeddable":true,"href":"https:\/\/uk.ambagn.staging.e-kaidi.net\/index.php?rest_route=%2Fwp%2Fv2%2Ftags&post=61449"}],"curies":[{"name":"wp","href":"https:\/\/api.w.org\/{rel}","templated":true}]}}