{"id":61169,"date":"2023-08-07T23:00:05","date_gmt":"2023-08-07T21:00:05","guid":{"rendered":"https:\/\/uk.ambagn.staging.e-kaidi.net\/?p=61169"},"modified":"2023-08-07T23:00:05","modified_gmt":"2023-08-07T21:00:05","slug":"guinee-lounceny-fall-signe-son-comeback-avec-lunpg","status":"publish","type":"post","link":"https:\/\/uk.ambagn.staging.e-kaidi.net\/?p=61169","title":{"rendered":"Guin\u00e9e : Lounc\u00e9ny Fall signe son comeback avec l\u2019UNPG"},"content":{"rendered":"<div>\n<div style=\"margin-bottom:20px;\"><img width=\"220\" height=\"150\"src=\"https:\/\/i0.wp.com\/mediaguinee.com\/wp-content\/uploads\/2020\/08\/fall.png?zoom=3&amp;resize=220,150&amp;ssl=1\" class=\"attachment-post-thumbnail size-post-thumbnail wp-post-image\" alt=\"\" decoding=\"async\" srcset=\"https:\/\/i0.wp.com\/mediaguinee.com\/wp-content\/uploads\/2020\/08\/fall.png?resize=220%2C150&amp;ssl=1 220w, https:\/\/i0.wp.com\/mediaguinee.com\/wp-content\/uploads\/2020\/08\/fall.png?zoom=2&amp;resize=220%2C150&amp;ssl=1 440w, https:\/\/i0.wp.com\/mediaguinee.com\/wp-content\/uploads\/2020\/08\/fall.png?zoom=3&amp;resize=220,150&amp;ssl=1 660w\" sizes=\"(max-width: 220px) 100vw, 220px\" data-attachment-id=\"127977\" data-permalink=\"https:\/\/mediaguinee.com\/an-60-de-lindependance-du-gabon-francois-fall-present\/fall-5\/\" data-orig-file=\"https:\/\/i0.wp.com\/mediaguinee.com\/wp-content\/uploads\/2020\/08\/fall.png?fit=1200%2C695&amp;ssl=1\" data-orig-size=\"1200,695\" data-comments-opened=\"1\" data-image-meta='{\"aperture\":\"0\",\"credit\":\"\",\"camera\":\"\",\"caption\":\"\",\"created_timestamp\":\"0\",\"copyright\":\"\",\"focal_length\":\"0\",\"iso\":\"0\",\"shutter_speed\":\"0\",\"title\":\"\",\"orientation\":\"0\"}' data-image-title=\"fall\" data-image-description=\"\" data-image-caption=\"\" data-medium-file=\"https:\/\/i0.wp.com\/mediaguinee.com\/wp-content\/uploads\/2020\/08\/fall.png?fit=300%2C174&amp;ssl=1\" data-large-file=\"https:\/\/i0.wp.com\/mediaguinee.com\/wp-content\/uploads\/2020\/08\/fall.png?fit=1024%2C593&amp;ssl=1\"><\/div>\n<p>Diplomate chevronn\u00e9, l\u2019ancien Premier ministre guin\u00e9en Fran\u00e7ais Lounc\u00e9ny Fall redescend dans l\u2019ar\u00e8ne politique apr\u00e8s une pause de plusieurs ann\u00e9es.<\/p>\n<div dir=\"auto\">L\u2019ancien Repr\u00e9sentant sp\u00e9cial pour l\u2019Afrique centrale et Chef du Bureau r\u00e9gional des Nations Unies (UNOCA) qui a mis un trait \u00e0 ses charges \u00e0 l\u2019\u00e9tranger pour se consacrer \u00e0 son pays sera samedi 12 ao\u00fbt prochain \u00e0 la t\u00eate d\u2019une formation politique appel\u00e9e Union nationale des Patriotes de Guin\u00e9e (UNPG) dont les activit\u00e9s seront lanc\u00e9es \u00e0 Kip\u00e9, en banlieue de Conakry.<\/div>\n<div dir=\"auto\">Alli\u00e9 du RPG (ex-parti au pouvoir) lors de la pr\u00e9sidentielle de 2010, Fall, alors pr\u00e9sident du Fudec, fond sa formation dans l\u2019alliance Rpg Arc-en-ciel. D\u2019abord secr\u00e9taire g\u00e9n\u00e9ral \u00e0 la Pr\u00e9sidence, puis ministre des affaires \u00e9trang\u00e8res sous Alpha Cond\u00e9, Fall rejoindra ensuite les Nations Unies o\u00f9 il servira en Afrique centrale avec pour si\u00e8ge \u00e0 Libreville, au Gabon.<br \/>\nAvec son riche carnet d\u2019adresses et sa parfaite connaissance de l\u2019administration guin\u00e9enne, le fils du Milo est un candidat s\u00e9rieux \u00e0 la prochaine pr\u00e9sidentielle en Guin\u00e9e.<\/div>\n<div dir=\"auto\"><strong>Mayi CAMARA<\/strong><\/div>\n<p>L\u2019article <a rel=\"nofollow\" href=\"https:\/\/mediaguinee.com\/guinee-lounceny-fall-signe-son-comeback-avec-lunpg\/\">Guin\u00e9e : Lounc\u00e9ny Fall signe son comeback avec l\u2019UNPG<\/a> est apparu en premier sur <a rel=\"nofollow\" href=\"https:\/\/mediaguinee.com\/\">Mediaguinee.com<\/a>.<\/p>\n<\/div>\n","protected":false},"excerpt":{"rendered":"<p>Diplomate chevronn\u00e9, l\u2019ancien Premier ministre guin\u00e9en Fran\u00e7ais Lounc\u00e9ny Fall redescend dans l\u2019ar\u00e8ne politique apr\u00e8s une pause de plusieurs ann\u00e9es. L\u2019ancien Repr\u00e9sentant sp\u00e9cial pour l\u2019Afrique centrale et Chef du Bureau r\u00e9gional des Nations Unies (UNOCA) qui a mis un trait \u00e0 ses charges \u00e0 l\u2019\u00e9tranger pour se consacrer \u00e0 son pays sera samedi 12 ao\u00fbt prochain &hellip;<\/p>\n","protected":false},"author":1,"featured_media":0,"comment_status":"closed","ping_status":"closed","sticky":false,"template":"","format":"standard","meta":[],"categories":[2],"tags":[23],"_links":{"self":[{"href":"https:\/\/uk.ambagn.staging.e-kaidi.net\/index.php?rest_route=\/wp\/v2\/posts\/61169"}],"collection":[{"href":"https:\/\/uk.ambagn.staging.e-kaidi.net\/index.php?rest_route=\/wp\/v2\/posts"}],"about":[{"href":"https:\/\/uk.ambagn.staging.e-kaidi.net\/index.php?rest_route=\/wp\/v2\/types\/post"}],"author":[{"embeddable":true,"href":"https:\/\/uk.ambagn.staging.e-kaidi.net\/index.php?rest_route=\/wp\/v2\/users\/1"}],"replies":[{"embeddable":true,"href":"https:\/\/uk.ambagn.staging.e-kaidi.net\/index.php?rest_route=%2Fwp%2Fv2%2Fcomments&post=61169"}],"version-history":[{"count":0,"href":"https:\/\/uk.ambagn.staging.e-kaidi.net\/index.php?rest_route=\/wp\/v2\/posts\/61169\/revisions"}],"wp:attachment":[{"href":"https:\/\/uk.ambagn.staging.e-kaidi.net\/index.php?rest_route=%2Fwp%2Fv2%2Fmedia&parent=61169"}],"wp:term":[{"taxonomy":"category","embeddable":true,"href":"https:\/\/uk.ambagn.staging.e-kaidi.net\/index.php?rest_route=%2Fwp%2Fv2%2Fcategories&post=61169"},{"taxonomy":"post_tag","embeddable":true,"href":"https:\/\/uk.ambagn.staging.e-kaidi.net\/index.php?rest_route=%2Fwp%2Fv2%2Ftags&post=61169"}],"curies":[{"name":"wp","href":"https:\/\/api.w.org\/{rel}","templated":true}]}}